{"id":138333,"date":"2013-07-02T00:01:57","date_gmt":"2013-07-02T05:01:57","guid":{"rendered":"http:\/\/www.diarioimagen.net\/?p=138333"},"modified":"2013-07-03T03:06:59","modified_gmt":"2013-07-03T08:06:59","slug":"acompanandote-a-donde-vayas-campana-de-la-fundacion-leo-messi-y-la-fundacion-travel-ace-assistance","status":"publish","type":"post","link":"https:\/\/www.diarioimagen.net\/?p=138333","title":{"rendered":"\u201cAcompa\u00f1\u00e1ndote a donde vayas\u201d, campa\u00f1a de la Fundaci\u00f3n Leo Messi y la Fundaci\u00f3n <i>Travel Ace Assistance<\/i>"},"content":{"rendered":"<h2>De cinco estrellas<\/h2>\n<h5>Victoria Gonz\u00e1lez Prado<\/h5>\n<p><span><\/p>\n<ul>\n<li><em><strong>El primer ATR 72-600 se incorpora a la flota de Aeromar<\/strong><\/em><\/li>\n<li><em><strong>Hotel\u00a0Riu Helios, en Bulgaria, reabri\u00f3 sus puertas despu\u00e9s de una\u00a0 renovaci\u00f3n para afrontar la temporada de verano<\/strong><\/em><\/li>\n<li><em><strong>Caf\u00e9 australiano para dar gusto al paladar, se expande en distintas zonas de la ciudad de M\u00e9xico<\/strong><\/em><\/li>\n<\/ul>\n<p>La Fundaci\u00f3n <b>Leo Messi<\/b> y la Fundaci\u00f3n <i>Travel Ace Assistance<\/i> firmaron un acuerdo por medio del cual\u00a0 la imagen del mejor\u00a0 futbolista del mundo ser\u00e1 parte de una campa\u00f1a de imagen bajo el eslogan \u201cAcompa\u00f1\u00e1ndote a donde vayas\u201d, una acci\u00f3n a favor de todos los ni\u00f1os del mundo de alto contenido social. La campa\u00f1a con la nueva imagen de la empresa arranc\u00f3 ayer 1 de julio y estar\u00e1 vigente durante los pr\u00f3ximos tres a\u00f1os.\u00a0 El evento del lanzamiento de la nueva imagen en M\u00e9xico se realiz\u00f3 de forma simult\u00e1nea en varios pa\u00edses de Latinoam\u00e9rica de manera exitosa, como Argentina, Bolivia, Brasil, Colombia y Uruguay, por mencionar algunos. <i>Travel Ace Assistance<\/i> cree en el valor de las marcas, \u201ccontinuaremos posicion\u00e1ndonos junto al deporte porque es aqu\u00ed donde encontramos los valores que fomentamos como empresa y son los mismos valores que encontramos en la figura de <b>Lionel Messi<\/b> y su fundaci\u00f3n\u201d. <i>Travel Ace Assistance<\/i> detall\u00f3 que el convenio se cerr\u00f3 adem\u00e1s en un contexto de excelencia deportiva, como son\u00a0 la Copa del Mundo en Brasil 2014 y Juegos Ol\u00edmpicos en R\u00edo 2016. Durante la reuni\u00f3n <b>Ricardo Almir\u00f3n<\/b>, director general M\u00e9xico y <b>Gabriela Albornoz<\/b>, director regional para Am\u00e9rica Latina aseguraron que el convenio contempla acciones promocionales permanentes, que fortalecer\u00e1n la relaci\u00f3n con <b>Messi<\/b> y su fundaci\u00f3n, y nuestro posicionamiento junto al deporte y al compromiso social. \u201cNacimos hace m\u00e1s de 30 a\u00f1os ofreciendo servicios dedicados a la asistencia integral al viajero. Nuestra organizaci\u00f3n cuenta con centrales de atenci\u00f3n en todo el mundo, con el fin de fortalecer una red de servicios que posibilite a los clientes solucionar cualquier imprevisto durante sus viajes, a trav\u00e9s de nuestra credencial de asistencia. Estamos en 150 pa\u00edses, disponemos de un equipo de profesionales calificados y altamente entrenados para responder de manera eficaz y confiable. Formamos parte de un Grupo Internacional especializado en la prestaci\u00f3n de servicios de asistencia a trav\u00e9s de diversas marcas.<\/p>\n<p>\u2730\u2730\u2730\u2730\u2730\u00a0Aeromar, present\u00f3, ante importantes personalidades de la industria a\u00e9rea y tur\u00edstica, autoridades y medios de comunicaci\u00f3n el primer ATR 72-600 para ser incorporado a su flota actual de aeronaves. Este nuevo avi\u00f3n ha sido contratado mediante arrendamiento a <i>Air Lease Corporation<\/i> (ALC), empresa mundialmente reconocida y l\u00edder en el arrendamiento de aeronaves. La aerol\u00ednea se convierte as\u00ed en el primer operador de aeronaves ATR de la serie 600 en Norteam\u00e9rica. Estas aeronaves para 68 pasajeros, est\u00e1n consideradas como los aviones turboh\u00e9lice m\u00e1s modernos y dise\u00f1ados con la m\u00e1s alta tecnolog\u00eda, proporcionando altos est\u00e1ndares de calidad y seguridad en el transporte regional de pasajeros. La serie 600 cuenta con la cabina de pasajeros m\u00e1s amplia en el mercado de las aeronaves turboh\u00e9lice y proporciona el m\u00e1ximo espacio a los pasajeros. Los asientos con dise\u00f1o ergon\u00f3mico e innovador, le dan un toque muy elegante y moderno a la cabina de pasajeros. \u201cTras incorporar el nuevo avi\u00f3n ATR 72-600, Aeromar busca reforzar su flota con el avi\u00f3n turboh\u00e9lice m\u00e1s moderno y tecnol\u00f3gicamente avanzado en la actualidad\u201d, dijo <b>Fernando Flores<\/b>, director general de la compa\u00f1\u00eda y agreg\u00f3: \u201cEstamos seguros que el mercado est\u00e1 maduro para incorporar un avi\u00f3n turboh\u00e9lice m\u00e1s grande y la aviaci\u00f3n regional en M\u00e9xico lo requiere, sin duda contribuir\u00e1 al crecimiento y \u00e9xito del sector de la aviaci\u00f3n regional de pa\u00eds\u201d. Este primer ATR 72-600 ser\u00e1 asignado para volar las\u00a0rutas desde M\u00e9xico hacia Colima, Ciudad Victoria, Tepic, Veracruz, Acapulco, Saltillo y Piedra Negras. Aeromar es cliente fiel de ATR, ya que desde sus inicios en 1987 la aerol\u00ednea adquiri\u00f3 aviones ATR 42, debido a las grandes ventajas operativas y de seguridad que estas aeronaves ofrecen. Actualmente cuentan con una flota eficiente y segura de 14 aeronaves turboh\u00e9lice ATR 42 con capacidad para 48 pasajeros. Adicionalmente, tambi\u00e9n con Jets CRJ-200LR de <i>Bombardier. <\/i>Los\u00a0 ATR cuentan con un excelente rendimiento en vuelos de corta distancia, se caracterizan por fabricar aeronaves amigables con el medio ambiente, aproximadamente el 20% de la estructura est\u00e1 fabricada de materiales compuestos, lo que permite que sea m\u00e1s liviano y por lo tanto genera una menor cantidad de gases CO2. El fabricante franco-italiano dise\u00f1a y desarrolla todas las aeronaves en torno a la misma filosof\u00eda de eficiencia y con altos est\u00e1ndares de seguridad. Cuentan con la cabina de pasajeros m\u00e1s amplia en el mercado de los turboh\u00e9lices, proporciona el m\u00e1ximo espacio a los pasajeros y altos est\u00e1ndares de confort.<\/p>\n<div id=\"attachment_138401\" style=\"width: 250px\" class=\"wp-caption alignleft\"><a href=\"http:\/\/www.diarioimagen.net\/wp-content\/uploads\/2013\/07\/turismo-2132.jpg\"><img loading=\"lazy\" decoding=\"async\" aria-describedby=\"caption-attachment-138401\" class=\"size-medium wp-image-138401\" alt=\"Hotel Riu Helios, en Bulgaria.\" src=\"http:\/\/www.diarioimagen.net\/wp-content\/uploads\/2013\/07\/turismo-2132-240x135.jpg\" width=\"240\" height=\"135\" srcset=\"https:\/\/www.diarioimagen.net\/wp-content\/uploads\/2013\/07\/turismo-2132-240x135.jpg 240w, https:\/\/www.diarioimagen.net\/wp-content\/uploads\/2013\/07\/turismo-2132-420x236.jpg 420w, https:\/\/www.diarioimagen.net\/wp-content\/uploads\/2013\/07\/turismo-2132-235x132.jpg 235w, https:\/\/www.diarioimagen.net\/wp-content\/uploads\/2013\/07\/turismo-2132-202x114.jpg 202w, https:\/\/www.diarioimagen.net\/wp-content\/uploads\/2013\/07\/turismo-2132-350x196.jpg 350w, https:\/\/www.diarioimagen.net\/wp-content\/uploads\/2013\/07\/turismo-2132-220x123.jpg 220w, https:\/\/www.diarioimagen.net\/wp-content\/uploads\/2013\/07\/turismo-2132-237x132.jpg 237w, https:\/\/www.diarioimagen.net\/wp-content\/uploads\/2013\/07\/turismo-2132.jpg 480w\" sizes=\"auto, (max-width: 240px) 100vw, 240px\" \/><\/a><p id=\"caption-attachment-138401\" class=\"wp-caption-text\">Hotel Riu Helios, en Bulgaria.<\/p><\/div>\n<p>\u2730\u2730\u2730\u2730\u2730\u00a0El hotel\u00a0<i>Riu Helios,<\/i> de 4 estrellas, en Bulgaria, reabri\u00f3 sus puertas despu\u00e9s de una amplia renovaci\u00f3n el pasado\u00a024 de abril\u00a0para afrontar una nueva temporada de verano. Con el fin de adaptarse a las necesidades y gustos de sus clientes,\u00a0<i>Riu Hotels &amp; Resorts<\/i><b> <\/b>apost\u00f3 por un dise\u00f1o m\u00e1s elegante y moderno bajo el programa Todo incluido en una de las zonas tur\u00edsticas m\u00e1s importantes del Mar Negro. El hotel ofrece nuevas instalaciones y 33 habitaciones m\u00e1s con lo que ofrece un total de 395 habitaciones nuevas o completamente renovadas. Todas ellas presentan una nueva decoraci\u00f3n y equipamiento. El bar piscina, el restaurante principal, incluidos los buffets, y la fachada han sido renovados y presentan ahora un ambiente moderno y acogedor. Entre las novedades destacan dos nuevos restaurantes tem\u00e1ticos, especializados en cocina asi\u00e1tica y b\u00falgara. Tras la reforma tambi\u00e9n se inaugur\u00f3 un nuevo restaurante <i>\u2018snack\u2019 <\/i>en el jard\u00edn del hotel y una nueva \u00e1rea <i>chill-out<\/i> al lado del bar sal\u00f3n, un lugar ideal para acabar el d\u00eda con una copa. Gracias a su renombrado programa <i>All Inclusive by Riu<\/i>, el\u00a0<i>Riu Helios\u00a0<\/i>ofrece a sus hu\u00e9spedes libre acceso a sus cuatro restaurantes, tres bares, dos piscinas, gimnasio, parque infantil, club para ni\u00f1os <i>\u2018RiuLand\u2019<\/i> y a todas las actividades y deportes de ocio.<\/p>\n<p>\u2730\u2730\u2730\u2730\u2730\u00a0La marca de caf\u00e9 australiano gourmet <i>Gloria Jean\u00b4s Coffees<\/i> abri\u00f3 su tienda n\u00famero 30 en M\u00e9xico. El poniente de la ciudad fue el lugar elegido para la nueva sucursal de la marca, esta vez en Santa Fe y para presentarla se dieron cita invitados especiales y representantes de los medios de comunicaci\u00f3n. En esta ocasi\u00f3n fue <b>Heidi Balvanera<\/b> -embajadora de la marca- quien cort\u00f3 el list\u00f3n inaugural e invit\u00f3 a disfrutar de un buen caf\u00e9. Siguiendo la f\u00f3rmula de su fundador <b>Nabi Saleh<\/b>, <i>Gloria Jean\u2019s Coffees<\/i> procura estar presente en todas las capitales del mundo, en alguno de sus dos conceptos: cafeter\u00edas y kioscos. La historia de la marca se remonta a 1979, cuando sus fundadores tienen la idea de vender caf\u00e9 gourmet en una tienda de regalos en Chicago, convirti\u00e9ndose en la marca pionera del concepto de cafeter\u00edas que hoy conocemos. Es en 1996 cuando la marca se expande y establece una franquicia en Miranda (Sydney, Australia) con la meta de proveer el exquisito caf\u00e9 gourmet con la m\u00e1s alta calidad a los australianos. La historia hasta nuestros d\u00edas, nos lleva a mil 500 cafeter\u00edas, distribuidas en 43 pa\u00edses. <i>Gloria Jean\u00b4s Coffees<\/i> est\u00e1 presente en el territorio mexicano con 30 tiendas, en Puebla, Morelos, Tabasco, Yucat\u00e1n, Chiapas, Tamaulipas, Estado de M\u00e9xico,\u00a0 Baja California Sur y la ciudad de M\u00e9xico. El plan de expansi\u00f3n nacional para los pr\u00f3ximos meses contempla aperturas en la colonia del Valle, Pedregal, Santa Fe <i>(Park plaza), <\/i>Villahermosa IV, San Luis Potos\u00ed, M\u00e9rida III y M\u00e9rida IV (Universidad Mayab). \u201cCon esta nueva apertura, la proyecci\u00f3n de la marca para M\u00e9xico en este a\u00f1o tiene como objetivo primordial abrir por lo menos 50 cafeter\u00edas en los pr\u00f3ximos dos a\u00f1os\u201d, dijo <b>Alan Tawil<\/b>, quien ha sido el encargado de introducir a Gloria Jean\u00b4s Coffees en\u00a0 el mercado mexicano. \u201cY gracias al trabajo que se hace a diario, a las exitosas aperturas que se han tenido y al crecimiento de la marca en los \u00faltimos tres a\u00f1os en M\u00e9xico, tambi\u00e9n me complace decirles que nos acaban de nombrar anfitrionesde la pr\u00f3xima convenci\u00f3n anual de <i>Gloria Jean\u00b4s Coffees<\/i> Internacional en 2014\u201d, agreg\u00f3 <b>Tawil<\/b>, quien al mismo tiempo destac\u00f3 que la marca ha sido galardonada con la distinci\u00f3n de <i>Super Brand<\/i> que otorga la empresa <i>Superbrands Ltd,<\/i> por medio de su filial en M\u00e9xico. Esta distinci\u00f3n se obtiene gracias a una estricta evaluaci\u00f3n que toma en cuenta la longevidad, presencia en el mercado y lealtad de los consumidores. De esta forma, el complejo de oficinas, departamentos, centros comerciales y hospitales en Santa Fe, proveen un marco ideal para la franquicia n\u00famero 30 de <i>Gloria Jean\u00b4s Coffees<\/i> en nuestro pa\u00eds, demostrando de esta forma, la necesidad latente de estar mucho m\u00e1s cerca de sus consumidores.<\/p>\n<p><i><em><a href=\"mailto:victoriagprado@gmail.com\" target=\"_blank\">victoriagprado@gmail.com<\/a><\/em><\/i><\/span><\/p>\n","protected":false},"excerpt":{"rendered":"<p>La Fundaci\u00f3n <b>Leo Messi<\/b> y la Fundaci\u00f3n <i>Travel Ace Assistance<\/i> firmaron un acuerdo por medio del cual  la imagen del mejor  futbolista del mundo ser\u00e1 parte de una campa\u00f1a de imagen bajo el eslogan \u201cAcompa\u00f1\u00e1ndote a donde vayas\u201d, una acci\u00f3n a favor de todos los ni\u00f1os del mundo de alto contenido social.<\/p>\n","protected":false},"author":3,"featured_media":138401,"comment_status":"open","ping_status":"open","sticky":false,"template":"","format":"standard","meta":{"_monsterinsights_skip_tracking":false,"_monsterinsights_sitenote_active":false,"_monsterinsights_sitenote_note":"","_monsterinsights_sitenote_category":0,"footnotes":""},"categories":[11],"tags":[107,3613,43674,106],"class_list":["post-138333","post","type-post","status-publish","format-standard","has-post-thumbnail","hentry","category-turismo","tag-de-cinco-estrellas","tag-lionel-messi","tag-opinion","tag-victoria-gonzalez-prado"],"_links":{"self":[{"href":"https:\/\/www.diarioimagen.net\/index.php?rest_route=\/wp\/v2\/posts\/138333","targetHints":{"allow":["GET"]}}],"collection":[{"href":"https:\/\/www.diarioimagen.net\/index.php?rest_route=\/wp\/v2\/posts"}],"about":[{"href":"https:\/\/www.diarioimagen.net\/index.php?rest_route=\/wp\/v2\/types\/post"}],"author":[{"embeddable":true,"href":"https:\/\/www.diarioimagen.net\/index.php?rest_route=\/wp\/v2\/users\/3"}],"replies":[{"embeddable":true,"href":"https:\/\/www.diarioimagen.net\/index.php?rest_route=%2Fwp%2Fv2%2Fcomments&post=138333"}],"version-history":[{"count":0,"href":"https:\/\/www.diarioimagen.net\/index.php?rest_route=\/wp\/v2\/posts\/138333\/revisions"}],"wp:featuredmedia":[{"embeddable":true,"href":"https:\/\/www.diarioimagen.net\/index.php?rest_route=\/wp\/v2\/media\/138401"}],"wp:attachment":[{"href":"https:\/\/www.diarioimagen.net\/index.php?rest_route=%2Fwp%2Fv2%2Fmedia&parent=138333"}],"wp:term":[{"taxonomy":"category","embeddable":true,"href":"https:\/\/www.diarioimagen.net\/index.php?rest_route=%2Fwp%2Fv2%2Fcategories&post=138333"},{"taxonomy":"post_tag","embeddable":true,"href":"https:\/\/www.diarioimagen.net\/index.php?rest_route=%2Fwp%2Fv2%2Ftags&post=138333"}],"curies":[{"name":"wp","href":"https:\/\/api.w.org\/{rel}","templated":true}]}}