{"id":138432,"date":"2013-07-03T00:09:47","date_gmt":"2013-07-03T05:09:47","guid":{"rendered":"http:\/\/www.diarioimagen.net\/?p=138432"},"modified":"2013-07-03T02:54:55","modified_gmt":"2013-07-03T07:54:55","slug":"buscan-posicionar-al-maraton-de-la-ciudad-de-mexico-en-ranking-mundial","status":"publish","type":"post","link":"https:\/\/www.diarioimagen.net\/?p=138432","title":{"rendered":"Buscan posicionar al Marat\u00f3n de la Ciudad de M\u00e9xico en ranking mundial"},"content":{"rendered":"<ul>\n<li><strong><em>El jefe de gobierno capitalino, Miguel \u00c1ngel Mancera, y el rector de la UNAM, Jos\u00e9 Narro, anuncian su celebraci\u00f3n<\/em><\/strong><\/li>\n<\/ul>\n<div id=\"attachment_138526\" style=\"width: 250px\" class=\"wp-caption alignleft\"><a href=\"http:\/\/www.diarioimagen.net\/wp-content\/uploads\/2013\/07\/Mancera-2133.jpg\"><img loading=\"lazy\" decoding=\"async\" aria-describedby=\"caption-attachment-138526\" class=\"size-medium wp-image-138526\" alt=\"El jefe de gobierno, Miguel \u00c1ngel Mancera, y el rector de la UNAM, Jos\u00e9 Narro, al anunciar el Marat\u00f3n de la Ciudad de M\u00e9xico.\" src=\"http:\/\/www.diarioimagen.net\/wp-content\/uploads\/2013\/07\/Mancera-2133-240x135.jpg\" width=\"240\" height=\"135\" srcset=\"https:\/\/www.diarioimagen.net\/wp-content\/uploads\/2013\/07\/Mancera-2133-240x135.jpg 240w, https:\/\/www.diarioimagen.net\/wp-content\/uploads\/2013\/07\/Mancera-2133-420x236.jpg 420w, https:\/\/www.diarioimagen.net\/wp-content\/uploads\/2013\/07\/Mancera-2133-235x132.jpg 235w, https:\/\/www.diarioimagen.net\/wp-content\/uploads\/2013\/07\/Mancera-2133-202x114.jpg 202w, https:\/\/www.diarioimagen.net\/wp-content\/uploads\/2013\/07\/Mancera-2133-350x196.jpg 350w, https:\/\/www.diarioimagen.net\/wp-content\/uploads\/2013\/07\/Mancera-2133-220x123.jpg 220w, https:\/\/www.diarioimagen.net\/wp-content\/uploads\/2013\/07\/Mancera-2133-237x132.jpg 237w, https:\/\/www.diarioimagen.net\/wp-content\/uploads\/2013\/07\/Mancera-2133.jpg 480w\" sizes=\"auto, (max-width: 240px) 100vw, 240px\" \/><\/a><p id=\"caption-attachment-138526\" class=\"wp-caption-text\">El jefe de gobierno, Miguel \u00c1ngel Mancera, y el rector de la UNAM, Jos\u00e9 Narro, al anunciar el Marat\u00f3n de la Ciudad de M\u00e9xico.<\/p><\/div>\n<p>El gobierno del Distrito Federal busca que el Marat\u00f3n de la Ciudad de M\u00e9xico, que se celebrar\u00e1 el pr\u00f3ximo 25 de agosto y que cumple 31 a\u00f1os de realizarse, ingrese al ranking de las 100 mejores competencias de este tipo a escala mundial.<\/p>\n<p>Con el respaldo del rector de la Universidad Nacional Aut\u00f3noma de M\u00e9xico (UNAM), Jos\u00e9 Narro, el jefe de gobierno del Distrito Federal, Miguel \u00c1ngel Mancera, indic\u00f3 ayer que se busca potenciar esta competencia deportiva y por ello se buscar\u00e1 promocionarla y difundirla en 50 pa\u00edses.<\/p>\n<p>La edici\u00f3n 2013 del Marat\u00f3n Internacional de la Ciudad de M\u00e9xico, que recuperar\u00e1 el trayecto que se utiliz\u00f3 para la ruta de los Juegos Ol\u00edmpicos de 1968, contar\u00e1 con el apoyo de la UNAM, as\u00ed como con el Comit\u00e9 Ol\u00edmpico Mexicano que permiti\u00f3 que las autoridades capitalinas utilizaran el emblema.<\/p>\n<p>Mancera asegur\u00f3 que la \u201ccereza en el pastel\u201d es que la llegada de los 20 mil participantes -actualmente van casi 10 mil inscritos- al estadio Ol\u00edmpico M\u00e9xico 68 en Ciudad Universitaria. Ser\u00e1n tanto para el marat\u00f3n como el medio marat\u00f3n.<\/p>\n<p>En el evento, donde estuvieron representantes de la Secretar\u00eda de Marina y de la Defensa Nacional, el rector de la UNAM, Jos\u00e9 Narro, celebr\u00f3 que para este tipo de eventos se puedan hermanar instituciones federales, locales, del sector p\u00fablico y privado as\u00ed como estructuras acad\u00e9micas y organizaciones de la sociedad.<\/p>\n<p>\u201cEso es lo que nuestro pa\u00eds est\u00e1 necesitando, eso es lo que nuestra ciudad tambi\u00e9n requiere. Una ciudad fundamentalmente segura, una ciudad fundamentalmente amigable, una ciudad que solamente tiene un problema -digo yo- genera adicci\u00f3n. Vivir en la Ciudad de M\u00e9xico genera adicci\u00f3n\u201d, extern\u00f3.<\/p>\n<p>El Marat\u00f3n Internacional de la Ciudad de M\u00e9xico iniciar\u00e1 en la plancha del Z\u00f3calo capitalino y culminar\u00e1 en Ciudad Universitaria.<\/p>\n<p>&nbsp;<\/p>\n","protected":false},"excerpt":{"rendered":"<p>El gobierno del Distrito Federal busca que el Marat\u00f3n de la Ciudad de M\u00e9xico, que se celebrar\u00e1 el pr\u00f3ximo 25 de agosto y que cumple 31 a\u00f1os de realizarse, ingrese al ranking de las 100 mejores competencias de este tipo a escala mundial.<\/p>\n","protected":false},"author":3,"featured_media":138526,"comment_status":"open","ping_status":"open","sticky":false,"template":"","format":"standard","meta":{"_monsterinsights_skip_tracking":false,"_monsterinsights_sitenote_active":false,"_monsterinsights_sitenote_note":"","_monsterinsights_sitenote_category":0,"footnotes":""},"categories":[6],"tags":[204,571,5314,570],"class_list":["post-138432","post","type-post","status-publish","format-standard","has-post-thumbnail","hentry","category-cd-de-mexico","tag-ciudad-de-mexico","tag-jose-narro-robles","tag-miguel-angel-mancera-espinosa","tag-unam"],"_links":{"self":[{"href":"https:\/\/www.diarioimagen.net\/index.php?rest_route=\/wp\/v2\/posts\/138432","targetHints":{"allow":["GET"]}}],"collection":[{"href":"https:\/\/www.diarioimagen.net\/index.php?rest_route=\/wp\/v2\/posts"}],"about":[{"href":"https:\/\/www.diarioimagen.net\/index.php?rest_route=\/wp\/v2\/types\/post"}],"author":[{"embeddable":true,"href":"https:\/\/www.diarioimagen.net\/index.php?rest_route=\/wp\/v2\/users\/3"}],"replies":[{"embeddable":true,"href":"https:\/\/www.diarioimagen.net\/index.php?rest_route=%2Fwp%2Fv2%2Fcomments&post=138432"}],"version-history":[{"count":0,"href":"https:\/\/www.diarioimagen.net\/index.php?rest_route=\/wp\/v2\/posts\/138432\/revisions"}],"wp:featuredmedia":[{"embeddable":true,"href":"https:\/\/www.diarioimagen.net\/index.php?rest_route=\/wp\/v2\/media\/138526"}],"wp:attachment":[{"href":"https:\/\/www.diarioimagen.net\/index.php?rest_route=%2Fwp%2Fv2%2Fmedia&parent=138432"}],"wp:term":[{"taxonomy":"category","embeddable":true,"href":"https:\/\/www.diarioimagen.net\/index.php?rest_route=%2Fwp%2Fv2%2Fcategories&post=138432"},{"taxonomy":"post_tag","embeddable":true,"href":"https:\/\/www.diarioimagen.net\/index.php?rest_route=%2Fwp%2Fv2%2Ftags&post=138432"}],"curies":[{"name":"wp","href":"https:\/\/api.w.org\/{rel}","templated":true}]}}