{"id":138614,"date":"2013-07-04T00:01:58","date_gmt":"2013-07-04T05:01:58","guid":{"rendered":"http:\/\/www.diarioimagen.net\/?p=138614"},"modified":"2013-07-05T02:31:48","modified_gmt":"2013-07-05T07:31:48","slug":"bajeza-y-postracion","status":"publish","type":"post","link":"https:\/\/www.diarioimagen.net\/?p=138614","title":{"rendered":"Bajeza y postraci\u00f3n"},"content":{"rendered":"<h2>Pol\u00edtica Spot<\/h2>\n<h5>Juan Manuel Maga\u00f1a<\/h5>\n<p><span><br \/>\nEl viejo mundo impresiona a cualquiera por sus riquezas, su cultura y su profunda historia. Particularmente, Espa\u00f1a, Francia, Italia y Portugal. En suma, hay demasiado qu\u00e9 aprender de todos ellos.<\/span><\/p>\n<p>Quiz\u00e1 por eso no se qu\u00e9 impresione ahora, aun m\u00e1s, si la bajeza con que estos cuatro pa\u00edses trataron al presidente de Bolivia, Evo Morales, o su descarada subordinaci\u00f3n a los designios de Estados Unidos.<\/p>\n<p>No es f\u00e1cil comprender c\u00f3mo es que se comportaron como aquello que critican; precisamente como aquellos pa\u00edses bananeros que ese viejo y primer mundo cree ver en los pa\u00edses latinoamericanos y tercermundistas.<\/p>\n<p>Y todo porque Evo Morales hab\u00eda declarado en Mosc\u00fa que considerar\u00eda un eventual pedido de asilo de Edward Snowden, quien revel\u00f3 una red de espionaje del gobierno de Estados Unidos.<\/p>\n<p>Eso hizo que se sospechara que el boliviano transportaba al fugitivo estadounidense Snowden, en calidad de poliz\u00f3n hacia La Paz.<\/p>\n<p>Evo tuvo que aterrizar en Viena. Y la sola sospecha ya hac\u00eda ver a Evo Morales como un delincuente. Ese fue el trato que se le dio<\/p>\n<p>Si ese trato lo hubiera recibido de un pa\u00eds latinoamericano cualquiera de esos pa\u00edses europeos, el viejo continente hubiese protestado unido. La condena, si no es que la represalia, hubiese sido un\u00e1nime.<\/p>\n<p>Por eso tambi\u00e9n extra\u00f1a que de Am\u00e9rica Latina haya habido voces aisladas de protesta. S\u00f3lo los pa\u00edses sudamericanos aliados de Bolivia comenzaron a reaccionar, repudiando los hechos.<\/p>\n<p>\u00bfPues no que Iberoam\u00e9rica estaba muy unida? \u00bfPues entonces para qu\u00e9 tanta cumbre en el pasado?<\/p>\n<p>El mundo al rev\u00e9s. La canciller\u00eda venezolana tratando de poner en su lugar al Viejo Mundo por \u201cesta agresi\u00f3n grosera, brutal, impropia, incivilizada\u201d, detr\u00e1s de la cual se identifica a Estados Unidos.<\/p>\n<p>Por otro lado es impresionante la ra\u00edz de todo el asunto. La persecuci\u00f3n de una sola persona, Snowden, que sabe demasiado. La persecuci\u00f3n de la verdad.<\/p>\n<p>Ese es el signo de los tiempos. La verdad no debe saberse. Estados Unidos esp\u00eda pa\u00edses para extraer sus verdades. Pero no quiere que se sepa la verdad de que los esp\u00eda.<\/p>\n<p>S\u00ed parecen los tiempos de la guerra fr\u00eda cuando se persegu\u00eda las ideas capitalistas o de izquierda. Ahora van contra la pura verdad.<\/p>\n<p><em><a href=\"mailto: maganapalace@yahoo.com.mx\" target=\"_blank\">maganapalace@yahoo.com.mx<\/a><\/em><\/p>\n","protected":false},"excerpt":{"rendered":"<p><span style=\"color: #005497;\"><strong>Juan Manuel Maga\u00f1a<\/strong><\/span><\/p>\n","protected":false},"author":3,"featured_media":0,"comment_status":"open","ping_status":"open","sticky":false,"template":"","format":"standard","meta":{"_monsterinsights_skip_tracking":false,"_monsterinsights_sitenote_active":false,"_monsterinsights_sitenote_note":"","_monsterinsights_sitenote_category":0,"footnotes":""},"categories":[22905],"tags":[2824,850,177,2115,43709,43674,22904,6639],"class_list":["post-138614","post","type-post","status-publish","format-standard","hentry","category-juan-manuel-magana","tag-bolivia","tag-espana","tag-estados-unidos","tag-francia","tag-juan-manuel-magana","tag-opinion","tag-politica-spot","tag-portugal"],"_links":{"self":[{"href":"https:\/\/www.diarioimagen.net\/index.php?rest_route=\/wp\/v2\/posts\/138614","targetHints":{"allow":["GET"]}}],"collection":[{"href":"https:\/\/www.diarioimagen.net\/index.php?rest_route=\/wp\/v2\/posts"}],"about":[{"href":"https:\/\/www.diarioimagen.net\/index.php?rest_route=\/wp\/v2\/types\/post"}],"author":[{"embeddable":true,"href":"https:\/\/www.diarioimagen.net\/index.php?rest_route=\/wp\/v2\/users\/3"}],"replies":[{"embeddable":true,"href":"https:\/\/www.diarioimagen.net\/index.php?rest_route=%2Fwp%2Fv2%2Fcomments&post=138614"}],"version-history":[{"count":0,"href":"https:\/\/www.diarioimagen.net\/index.php?rest_route=\/wp\/v2\/posts\/138614\/revisions"}],"wp:attachment":[{"href":"https:\/\/www.diarioimagen.net\/index.php?rest_route=%2Fwp%2Fv2%2Fmedia&parent=138614"}],"wp:term":[{"taxonomy":"category","embeddable":true,"href":"https:\/\/www.diarioimagen.net\/index.php?rest_route=%2Fwp%2Fv2%2Fcategories&post=138614"},{"taxonomy":"post_tag","embeddable":true,"href":"https:\/\/www.diarioimagen.net\/index.php?rest_route=%2Fwp%2Fv2%2Ftags&post=138614"}],"curies":[{"name":"wp","href":"https:\/\/api.w.org\/{rel}","templated":true}]}}