{"id":138689,"date":"2013-07-04T00:04:34","date_gmt":"2013-07-04T05:04:34","guid":{"rendered":"http:\/\/www.diarioimagen.net\/?p=138689"},"modified":"2013-07-04T03:29:19","modified_gmt":"2013-07-04T08:29:19","slug":"hallan-siete-cabezas-humanas-en-jalisco","status":"publish","type":"post","link":"https:\/\/www.diarioimagen.net\/?p=138689","title":{"rendered":"Hallan siete cabezas humanas en Jalisco"},"content":{"rendered":"<ul>\n<li><strong><em>Los restos fueron arrojados a un predio ubicado en el kil\u00f3metro 17 de la carretera federal Guadalajara-Colima<\/em><\/strong><\/li>\n<\/ul>\n<p><strong><a href=\"http:\/\/www.diarioimagen.net\/wp-content\/uploads\/2013\/07\/seguridad-2134.jpg\"><img loading=\"lazy\" decoding=\"async\" class=\"alignleft size-medium wp-image-138709\" style=\"margin-right: 9px; margin-bottom: 9px;\" alt=\"seguridad-2134\" src=\"http:\/\/www.diarioimagen.net\/wp-content\/uploads\/2013\/07\/seguridad-2134-240x135.jpg\" width=\"240\" height=\"135\" srcset=\"https:\/\/www.diarioimagen.net\/wp-content\/uploads\/2013\/07\/seguridad-2134-240x135.jpg 240w, https:\/\/www.diarioimagen.net\/wp-content\/uploads\/2013\/07\/seguridad-2134-420x236.jpg 420w, https:\/\/www.diarioimagen.net\/wp-content\/uploads\/2013\/07\/seguridad-2134-235x132.jpg 235w, https:\/\/www.diarioimagen.net\/wp-content\/uploads\/2013\/07\/seguridad-2134-202x114.jpg 202w, https:\/\/www.diarioimagen.net\/wp-content\/uploads\/2013\/07\/seguridad-2134-350x196.jpg 350w, https:\/\/www.diarioimagen.net\/wp-content\/uploads\/2013\/07\/seguridad-2134-220x123.jpg 220w, https:\/\/www.diarioimagen.net\/wp-content\/uploads\/2013\/07\/seguridad-2134-237x132.jpg 237w, https:\/\/www.diarioimagen.net\/wp-content\/uploads\/2013\/07\/seguridad-2134.jpg 480w\" sizes=\"auto, (max-width: 240px) 100vw, 240px\" \/><\/a>Guadalajara, Jalisco<\/strong>.- En un predio localizado en las inmediaciones del kil\u00f3metro 17 de la carretera federeal Guadalajara-Colima, en el municipio de Zacoalco de la Torre, fueron localizadas siete cabezas humanas envueltas en bolsas de pl\u00e1stico, reportaron agentes de la Fiscal\u00eda General del estado.<\/p>\n<p>El hallazgo se report\u00f3 a la corporaci\u00f3n policiaca local alrededor de las 21:00 horas, indicaron las autoridades, quienes dijeron que los restos humanos se encontraban en avanzado estado de descomposici\u00f3n<\/p>\n<p>Peritos del Instituto Jalisciense de Ciencias Forenses, agentes investigadores y elementos de la Polic\u00eda Federal acudieron al sitio para recabar indicios, dar fe del levantamiento de los restos y custodiar la zona.<\/p>\n<p>Fuentes de dependencias estatales revelaron que los restos permanecen en las instalaciones del Servicio M\u00e9dico Forense de la Zona Metropolitana de Guadalajara.<\/p>\n<p>En marzo pasado los restos de varias personas distribuidos en 25 bolsas fueron localizados en la misma zona. En aquella ocasi\u00f3n no se report\u00f3 el hallazgo de las cabezas. El caso es investigado por agentes de la Fiscal\u00eda General.<\/p>\n<p>Las autoridades locales se negaron a dar una versi\u00f3n oficial de los hechos.<\/p>\n","protected":false},"excerpt":{"rendered":"<p>En un predio localizado en las inmediaciones del kil\u00f3metro 17 de la carretera federeal Guadalajara-Colima, en el municipio de Zacoalco de la Torre, fueron localizadas siete cabezas humanas envueltas en bolsas de pl\u00e1stico, reportaron agentes de la Fiscal\u00eda General del estado.<\/p>\n","protected":false},"author":3,"featured_media":138709,"comment_status":"open","ping_status":"open","sticky":false,"template":"","format":"standard","meta":{"_monsterinsights_skip_tracking":false,"_monsterinsights_sitenote_active":false,"_monsterinsights_sitenote_note":"","_monsterinsights_sitenote_category":0,"footnotes":""},"categories":[7],"tags":[20185,6465,4184,2821,19896,43,43677],"class_list":["post-138689","post","type-post","status-publish","format-standard","has-post-thumbnail","hentry","category-seguridad","tag-cabezas","tag-crimen","tag-crimen-organizado","tag-guadalajara","tag-hallazgo","tag-jalisco","tag-seguridad"],"_links":{"self":[{"href":"https:\/\/www.diarioimagen.net\/index.php?rest_route=\/wp\/v2\/posts\/138689","targetHints":{"allow":["GET"]}}],"collection":[{"href":"https:\/\/www.diarioimagen.net\/index.php?rest_route=\/wp\/v2\/posts"}],"about":[{"href":"https:\/\/www.diarioimagen.net\/index.php?rest_route=\/wp\/v2\/types\/post"}],"author":[{"embeddable":true,"href":"https:\/\/www.diarioimagen.net\/index.php?rest_route=\/wp\/v2\/users\/3"}],"replies":[{"embeddable":true,"href":"https:\/\/www.diarioimagen.net\/index.php?rest_route=%2Fwp%2Fv2%2Fcomments&post=138689"}],"version-history":[{"count":0,"href":"https:\/\/www.diarioimagen.net\/index.php?rest_route=\/wp\/v2\/posts\/138689\/revisions"}],"wp:featuredmedia":[{"embeddable":true,"href":"https:\/\/www.diarioimagen.net\/index.php?rest_route=\/wp\/v2\/media\/138709"}],"wp:attachment":[{"href":"https:\/\/www.diarioimagen.net\/index.php?rest_route=%2Fwp%2Fv2%2Fmedia&parent=138689"}],"wp:term":[{"taxonomy":"category","embeddable":true,"href":"https:\/\/www.diarioimagen.net\/index.php?rest_route=%2Fwp%2Fv2%2Fcategories&post=138689"},{"taxonomy":"post_tag","embeddable":true,"href":"https:\/\/www.diarioimagen.net\/index.php?rest_route=%2Fwp%2Fv2%2Ftags&post=138689"}],"curies":[{"name":"wp","href":"https:\/\/api.w.org\/{rel}","templated":true}]}}