{"id":138751,"date":"2013-07-05T00:04:28","date_gmt":"2013-07-05T05:04:28","guid":{"rendered":"http:\/\/www.diarioimagen.net\/?p=138751"},"modified":"2013-07-08T03:15:58","modified_gmt":"2013-07-08T08:15:58","slug":"agresiones-a-activistas","status":"publish","type":"post","link":"https:\/\/www.diarioimagen.net\/?p=138751","title":{"rendered":"Agresiones a activistas"},"content":{"rendered":"<h2>Punto por punto<\/h2>\n<h5>Augusto Corro<\/h5>\n<p><span><br \/>\nDurante el sexenio de Calder\u00f3n el respeto a los derechos humanos fue letra muerta.\u00a0 Lo anterior se desprende de un informe de la Oficina en M\u00e9xico del Alto Comisionado de la Naciones Unidas para los Derechos Humanos (ACNUDH).<\/span><\/p>\n<p>Hace notar que en dicho sexenato se cometieron 245 agresiones contra defensores de derechos humanos, 22 asesinatos de activistas y cinco integrantes de sus familias. Otros seis activistas fueron desaparecidos.<\/p>\n<p>A la violencia contra los activistas debe sumarse la muerte de decenas de periodistas, cuyos casos siguen sin solucionarse. En la mayor\u00eda de los casos priv\u00f3 la impunidad total.<\/p>\n<p>Tambi\u00e9n es necesario tomar en cuenta que en la fallida guerra contra la delincuencia organizada, el n\u00famero de personas asesinadas supera las ochenta mil, con m\u00e1s de 17 mil desaparecidas y el tejido social destrozado.<\/p>\n<p>Concretamente, la ACNUDH\u00a0 se\u00f1ala que de noviembre de 2010 a diciembre del 2012, en los dos \u00faltimos a\u00f1os de gobierno de Calder\u00f3n, se registraron 89 agresiones, de estas, el 38% fueron amenazas, 13% injerencias arbitrarias, 12% hostigamientos, 11% privaci\u00f3n arbitraria de la vida, 11% detenciones arbitrarias, 6% atentados, 7 % uso arbitrario del sistema\u00a0 penal y 2% desaparici\u00f3n forzada.<\/p>\n<p>En la lista agredidos se encuentran los defensores de los derechos de migrantes, civiles y pol\u00edticos, econ\u00f3micos, sociales y culturales, de las mujeres y de los pueblos ind\u00edgenas.<\/p>\n<p>El informe se refiere a los casos ilustrativos del sacerdote Alejandro Solalinde, Bernardo V\u00e1zquez S\u00e1nchez, Consorcio para el Di\u00e1logo Parlamentario y la Equidad Oaxaca y CODIGO-DH.<\/p>\n<p>En fin, se aprueban leyes a diestra y siniestra, pero faltan aquellas que vayan directamente a proteger a las personas que corren peligro inminente por la labor que desempe\u00f1an, es decir, aquellos que se dedican a hacer valer los derechos humanos.<\/p>\n<p align=\"center\"><b>EVO MORALES<\/b><\/p>\n<p>El presidente de Bolivia, Evo Morales, fue tratado como un vulgar delincuente por varios pa\u00edses europeos.\u00a0 Con el pretexto de que a bordo de su avi\u00f3n viajaba el perseguido Edward Snowden, ex empleado de la CIA y de la Agencia Nacional de Seguridad de Estados Unidos.<\/p>\n<p>Como se sabe, el tal Snowden inform\u00f3 del espionaje de Estados Unidos a todo el mundo. El estadounidense se encuentra en el aeropuerto\u00a0 de Mosc\u00fa en espera de que alg\u00fan pa\u00eds le d\u00e9 asilo pol\u00edtico.<\/p>\n<p>Y como se dec\u00eda que Snowden podr\u00eda conseguir la protecci\u00f3n de alguna naci\u00f3n sudamericana, Estados Unidos estrech\u00f3 el cerco.<\/p>\n<p>La penosa situaci\u00f3n en la que se vio envuelto Evo empez\u00f3 en Rus\u00eda, donde sostuvo un encuentro con Vladimir Putin.\u00a0 Hasta ah\u00ed, todo iba sin sobresaltos.<\/p>\n<p>El problema surgi\u00f3 cuando el avi\u00f3n del mandatario boliviano sobrevolaba pa\u00edses europeos. Ante la necesidad de una escala t\u00e9cnica, era necesario que la nave aterrizara en Portugal, Espa\u00f1a o Francia.<\/p>\n<p>Le negaron el descenso en Portugal y Francia. Espa\u00f1a permanec\u00eda en el limbo. Ni autoriz\u00f3 ni neg\u00f3 el aterrizaje.<\/p>\n<p>La nave de Evo aterriz\u00f3 de emergencia en Austria. Despu\u00e9s lleg\u00f3 a Islas Canarias y ya sin sobresaltos se enfil\u00f3 a Am\u00e9rica.<\/p>\n<p>Cabe se\u00f1alar que en Viena, con autorizaci\u00f3n del propio presidente, el avi\u00f3n fue revisado para confirmar que no se encontraba Snowden. En ning\u00fan momento ni Portugal, Francia y Espa\u00f1a respetaron la inmunidad diplom\u00e1tica de Evo.<\/p>\n<p>Al cerrarle el espacio a\u00e9reo al mandatario boliviano se violaron leyes internacionales. Poco les preocup\u00f3 a los serviles pa\u00edses europeos.\u00a0 Por supuesto, la condena contra la acci\u00f3n de Portugal y Francia fue condenada por los pa\u00edses iberoamericanos y por todo mundo.<\/p>\n<p>Las consecuencias de esa actitud criminal de los europeas necesariamente traer\u00e1 consecuencias negativas.\u00a0 Por el momento se cit\u00f3 a una reuni\u00f3n urgente de pa\u00edses sudamericanos para analizar el hecho reprobable.\u00a0 Desde luego, este hecho lamentable no debe terminar con una desangelada disculpa.<\/p>\n<p align=\"right\"><em><b>Feliz fin de semana<\/b><\/em><\/p>\n<p><em><a href=\"mailto:aco2742@hotmail.com\" target=\"_blank\">aco2742@hotmail.com<\/a><\/em><\/p>\n","protected":false},"excerpt":{"rendered":"<p><span style=\"color: #005497;\"><strong>Augusto Corro<\/strong><\/span><\/p>\n","protected":false},"author":3,"featured_media":0,"comment_status":"open","ping_status":"open","sticky":false,"template":"","format":"standard","meta":{"_monsterinsights_skip_tracking":false,"_monsterinsights_sitenote_active":false,"_monsterinsights_sitenote_note":"","_monsterinsights_sitenote_category":0,"footnotes":""},"categories":[157],"tags":[43686,13317,43674,11515],"class_list":["post-138751","post","type-post","status-publish","format-standard","hentry","category-augusto-corro","tag-augusto-corro","tag-evo-morales","tag-opinion","tag-punto-por-punto"],"_links":{"self":[{"href":"https:\/\/www.diarioimagen.net\/index.php?rest_route=\/wp\/v2\/posts\/138751","targetHints":{"allow":["GET"]}}],"collection":[{"href":"https:\/\/www.diarioimagen.net\/index.php?rest_route=\/wp\/v2\/posts"}],"about":[{"href":"https:\/\/www.diarioimagen.net\/index.php?rest_route=\/wp\/v2\/types\/post"}],"author":[{"embeddable":true,"href":"https:\/\/www.diarioimagen.net\/index.php?rest_route=\/wp\/v2\/users\/3"}],"replies":[{"embeddable":true,"href":"https:\/\/www.diarioimagen.net\/index.php?rest_route=%2Fwp%2Fv2%2Fcomments&post=138751"}],"version-history":[{"count":0,"href":"https:\/\/www.diarioimagen.net\/index.php?rest_route=\/wp\/v2\/posts\/138751\/revisions"}],"wp:attachment":[{"href":"https:\/\/www.diarioimagen.net\/index.php?rest_route=%2Fwp%2Fv2%2Fmedia&parent=138751"}],"wp:term":[{"taxonomy":"category","embeddable":true,"href":"https:\/\/www.diarioimagen.net\/index.php?rest_route=%2Fwp%2Fv2%2Fcategories&post=138751"},{"taxonomy":"post_tag","embeddable":true,"href":"https:\/\/www.diarioimagen.net\/index.php?rest_route=%2Fwp%2Fv2%2Ftags&post=138751"}],"curies":[{"name":"wp","href":"https:\/\/api.w.org\/{rel}","templated":true}]}}