{"id":138759,"date":"2013-07-05T00:03:15","date_gmt":"2013-07-05T05:03:15","guid":{"rendered":"http:\/\/www.diarioimagen.net\/?p=138759"},"modified":"2013-07-09T01:14:56","modified_gmt":"2013-07-09T06:14:56","slug":"divergencias-del-caso-bolivia","status":"publish","type":"post","link":"https:\/\/www.diarioimagen.net\/?p=138759","title":{"rendered":"Divergencias del caso Bolivia"},"content":{"rendered":"<h2>Detr\u00e1s del Poder<\/h2>\n<h5>Jos\u00e9 Antonio L\u00f3pez Sosa<\/h5>\n<p><span><br \/>\nUn debate en redes sociales en torno a la columna de ayer en este espacio, particularmente en Facebook se gest\u00f3 entre cuatro buenos amigos y usuarios de la red: Efr\u00e9n Amador, ingeniero radicado en Europa; Paco Moreno asesor parlamentario en M\u00e9xico; Luis Ernesto Gonz\u00e1lez, colega periodista y Enrique Valenzuela Tapia, ingeniero y docente.<\/span><\/p>\n<p>Efr\u00e9n Amador: Licenciado, atropello, secuestro etc&#8230; es susceptible de ser discutido. Por favor expl\u00edqueme &#8211; en que punto la vida del presidente de Bolivia estuvo en peligro? &#8211; sin met\u00e1foras ni rebuscamiento, en que punto se atento contra su vida. No me queda claro.<\/p>\n<p>Jos\u00e9 Antonio L\u00f3pez: Desde el momento en que al avi\u00f3n de un jefe de estado, que de acuerdo a las convenciones internacionales goza de inmunidad y es una extensi\u00f3n del pa\u00eds en el aire (bajo los t\u00e9rminos de una embajada), es desviado intempestivamente o forzado a salir del espacio a\u00e9reo de un pa\u00eds, se pone en riesgo la vida e integridad del jefe de estado. \u00bfC\u00f3mo catalogar\u00eda Estados Unidos el hecho frente a una situaci\u00f3n similar?, o es que hay niveles de pa\u00edses y de jefes de estado. Yo no simpatizo con Evo Morales ni sus pol\u00edticas, pero el hecho es frente a la investidura presidencial de un estado soberano, no frente a un ide\u00f3logo o a un proceso pol\u00edtico. Les recomiendo que lean la entrevista publicada en BBC.<\/p>\n<p>Efr\u00e9n Amador: Ok, se incumpli\u00f3 la normatividad diplom\u00e1tica, correcto, pero de eso a que se atento contra su vida no &#8211; eso es una exageraci\u00f3n. En ning\u00fan momento corri\u00f3 peligro la vida de ese se\u00f1or.<\/p>\n<p>Luis E Gonz\u00e1lez: Tu texto me parece muy claro, muy sobrio y muy preciso. Saludos, amigo m\u00edo.<\/p>\n<p>Jos\u00e9 Antonio L\u00f3pez: No es algo tan simple como incumplir con la normatividad, se trata de un jefe de estado, insisto, \u00bfqu\u00e9 posici\u00f3n asumir\u00edan los Estados Unidos o Francia por ejemplo, si en Am\u00e9rica Latina hubieran padecido una situaci\u00f3n como la de Evo Morales en Europa?.\u00a0La vida de un mandatario se pone en riesgo cuando pierde en un pa\u00eds extranjero, la capacidad de decidir sobre su persona y equipo de trabajo, no porque lo enca\u00f1onen con un arma, por elemental principio de seguridad nacional.\u00a0Les sugiero leer la Ley de Seguridad Nacional de M\u00e9xico, donde dice: Art\u00edculo 5.- Para los efectos de la presente Ley, son amenazas a la Seguridad Nacional: (&#8230;..) II. Actos de interferencia extranjera en los asuntos nacionales que puedan implicar una afectaci\u00f3n al<\/p>\n<p>Estado Mexicano; (&#8230;) VI. Actos en contra de la seguridad de la aviaci\u00f3n; VII. Actos que atenten en contra del personal diplom\u00e1tico. Ignoro la legislaci\u00f3n boliviana en este rubro, son muy similares entre naciones pero, si hubiese sido el TP01 de la Fuerza A\u00e9rea Mexicana con el presidente Pe\u00f1a abordo, todas esas disposiciones nacionales hubiesen sido violadas, adem\u00e1s de los acuerdos en materia de derecho internacional, por eso es que se pone en riesgo la vida de un presidente en un hecho as\u00ed.<\/p>\n<p>Paco Moreno: Por su puesto que se atento \u00a1contra la vida del mandatario! La de el y toda la tripulaci\u00f3n, \u00bfcon qu\u00e9 derecho los retuvieron? Evo Morales no es santo de mi devoci\u00f3n pero no se puede detener as\u00ed por que s\u00ed a las aeronaves, son extensiones\u00a0de las soberan\u00edas de los Estados. La intenci\u00f3n no era que aterrizara en Austria, la intenci\u00f3n era que ese avi\u00f3n no llegara directo a Bolivia, CON TODAS LAS IMPLICACIONES que eso conlleva. La presi\u00f3n internacional y la rapidez con la que fluy\u00f3 la informaci\u00f3n es lo que agiliz\u00f3 la liberaci\u00f3n del avi\u00f3n.<\/p>\n<p>Enrique Valenzuela: Estoy de acuerdo en todo lo que expones, estimado\u00a0Jos\u00e9 A L\u00f3pez Sosa, salvo en que se haya puesto en riesgo la vida de Morales; eso s\u00ed me parece una exageraci\u00f3n dadas las condiciones de autonom\u00eda de los aviones modernos. Si efectivamente por tener\u00a0que desviaras del curso previsto, la vida de Evo Morales y dem\u00e1s ocupantes del avi\u00f3n estuvieron en riesgo, entonces me parece que el gobierno boliviano tir\u00f3 a la basura 39 millones de d\u00f3lares al comprar ese avi\u00f3n.\u00a0Creo que todo en su justa dimensi\u00f3n, mi estimado. Y no con esto resto importancia a la arbitrariedad de los estados europeos.<\/p>\n<p>Luis E Gonz\u00e1lez: El riesgo no es que se caiga el avi\u00f3n. Lo explic\u00f3 muy bien Jos\u00e9 Antonio cuando escribe: \u201cLa vida de un mandatario se pone en riesgo cuando pierde en un pa\u00eds extranjero, la capacidad de decidir sobre su persona y equipo de trabajo\u201d.<\/p>\n<p>Efr\u00e9n Amador: Creo que estamos como el contador &#8211; de que cuadra &#8211; cuadra y si no hacemos que cuadre. Creo que el punto de que corri\u00f3 peligro su vida se esta sobreestimando. Tampoco se \u201cpisoteo\u201d la dignidad latinoamericana y cosas as\u00ed.<\/p>\n<p><em><a href=\"mailto:lopez.sosa@mexico.com\" target=\"_blank\">lopez.sosa@mexico.com<\/a><\/em><br \/>\n<em><a href=\"http:\/\/twitter.com\/#%21\/joseantonio1977\" target=\"_blank\">@joseantonio1977<br \/>\n<\/a><\/em><em><a href=\"http:\/\/www.formulaconfidencial.com.mx\/\" target=\"_blank\">www.formulaconfidencial.com.mx<\/a><\/em><\/p>\n","protected":false},"excerpt":{"rendered":"<p><span style=\"color: #005497;\"><strong>Jos\u00e9 Antonio L\u00f3pez Sosa<\/strong><\/span><\/p>\n","protected":false},"author":3,"featured_media":0,"comment_status":"open","ping_status":"open","sticky":false,"template":"","format":"standard","meta":{"_monsterinsights_skip_tracking":false,"_monsterinsights_sitenote_active":false,"_monsterinsights_sitenote_note":"","_monsterinsights_sitenote_category":0,"footnotes":""},"categories":[637],"tags":[2824,638,43690,44,43674],"class_list":["post-138759","post","type-post","status-publish","format-standard","hentry","category-jose-antonio-lopez-sosa","tag-bolivia","tag-detras-del-poder","tag-jose-antonio-lopez-sosa","tag-mexico","tag-opinion"],"_links":{"self":[{"href":"https:\/\/www.diarioimagen.net\/index.php?rest_route=\/wp\/v2\/posts\/138759","targetHints":{"allow":["GET"]}}],"collection":[{"href":"https:\/\/www.diarioimagen.net\/index.php?rest_route=\/wp\/v2\/posts"}],"about":[{"href":"https:\/\/www.diarioimagen.net\/index.php?rest_route=\/wp\/v2\/types\/post"}],"author":[{"embeddable":true,"href":"https:\/\/www.diarioimagen.net\/index.php?rest_route=\/wp\/v2\/users\/3"}],"replies":[{"embeddable":true,"href":"https:\/\/www.diarioimagen.net\/index.php?rest_route=%2Fwp%2Fv2%2Fcomments&post=138759"}],"version-history":[{"count":0,"href":"https:\/\/www.diarioimagen.net\/index.php?rest_route=\/wp\/v2\/posts\/138759\/revisions"}],"wp:attachment":[{"href":"https:\/\/www.diarioimagen.net\/index.php?rest_route=%2Fwp%2Fv2%2Fmedia&parent=138759"}],"wp:term":[{"taxonomy":"category","embeddable":true,"href":"https:\/\/www.diarioimagen.net\/index.php?rest_route=%2Fwp%2Fv2%2Fcategories&post=138759"},{"taxonomy":"post_tag","embeddable":true,"href":"https:\/\/www.diarioimagen.net\/index.php?rest_route=%2Fwp%2Fv2%2Ftags&post=138759"}],"curies":[{"name":"wp","href":"https:\/\/api.w.org\/{rel}","templated":true}]}}