{"id":138825,"date":"2013-07-05T00:01:19","date_gmt":"2013-07-05T05:01:19","guid":{"rendered":"http:\/\/www.diarioimagen.net\/?p=138825"},"modified":"2013-07-08T02:05:06","modified_gmt":"2013-07-08T07:05:06","slug":"gourmet-show-2013-realiza-hoy-viernes-un-evento-especial-en-el-wine-room-para-los-amantes-del-vino","status":"publish","type":"post","link":"https:\/\/www.diarioimagen.net\/?p=138825","title":{"rendered":"<i>Gourmet Show 2013<\/i> realiza hoy viernes un evento especial en el <i>Wine Room<\/i> para los amantes del vino"},"content":{"rendered":"<h2>De cinco estrellas<\/h2>\n<h5>Victoria Gonz\u00e1lez Prado<\/h5>\n<p>&nbsp;<\/p>\n<ul>\n<li><strong>Gourmet Show 2013<\/strong><em><strong> realiza hoy viernes un evento especial en el <\/strong><\/em><strong>Wine Room<\/strong><em><strong> para los amantes del vino<\/strong><\/em><\/li>\n<li><em><strong>Tres nuevas rutas desde Canc\u00fan a Chihuahua, Ciudad Ju\u00e1rez y Morelia con Volaris<\/strong><\/em><\/li>\n<li><strong>Hyatt Hotels Corporation<\/strong><strong><\/strong><em><strong> anunci\u00f3 la iniciativa <\/strong><\/em><strong>Ready To Thrive<\/strong><em><strong>, programa global de filantrop\u00eda<\/strong><\/em><\/li>\n<li><strong><em>Una frecuencia adicional de temporada entre Toluca y Canc\u00fan, inici\u00f3 Aerom\u00e9xico<\/em><\/strong><\/li>\n<li><strong><em>Por un plazo de cinco a\u00f1os otorgan el distintivo Palace a <\/em>Le Royal Monceau-Raffles Paris<\/strong><\/li>\n<\/ul>\n<p>Gourmet Show, el evento gastron\u00f3mico m\u00e1s importante de M\u00e9xico, sigue creciendo. Tras el \u00e9xito de la primera edici\u00f3n del\u00a0<i>Wine Room\u00a0<\/i>en Expo Caf\u00e9 &amp; Gourmet Guadalajara, el evento llega al Distrito Federal. El <i>Wine Room<\/i> es un pabell\u00f3n dedicado exclusivamente a vinos, para que los amantes del buen beber vivan una experiencia enol\u00f3gica sin igual.\u00a0 <b>Ana Rosa Corral<\/b>, gerente de\u00a0<i>Gourmet Show 2013<\/i>\u00a0coment\u00f3, \u201cel objetivo del <i>Wine Room<\/i> es que amantes del vino, empresarios, due\u00f1os de restaurantes, bares y hoteles, caten, conozan diferentes tipos de uvas, sabores y marcas de vinos; aprendan a maridar, hagan negocios y disfruten de una experiencia inolvidable\u201d. Hoy viernes por la tarde<i>, <\/i>se llevar\u00e1 a cabo la tarde del vino, por medio de la cual se busca difundir la cultura de esta bebida en el pa\u00eds, haciendo el recorrido que hace la uva para llegar a la botella y su posicionamiento en el mercado, descubiendo vi\u00f1edas, conociendo bodegas, aprendiendo acerca de la elaboraci\u00f3n del vino, la situaci\u00f3n actual del vino mexicano, el desarrollo de la viticultura en el pa\u00eds y la proyecci\u00f3n que tienen nuestros vinos en el mundo\u201d, dijo <b>Corral<\/b>. \u201cAdem\u00e1s, destacar\u00e1n algunas normas elementales que regulan su compra, conservaci\u00f3n, servicio y degustaci\u00f3n; normas o recomendaciones que nos permiten disfrutar mejor el vino. Queremos que el p\u00fablico aprenda lo mejor del vino, la adecuada elecci\u00f3n de copas y que descubran sus aromas y sensaciones del vino\u201d.\u00a0Representantes de las mejores bodegas exhibir\u00e1n sus productos y el Consejo Mexicano Vitivin\u00edcola, entre otros, engalanar\u00e1n el evento. Para finalizar, <b>Corral<\/b> coment\u00f3 que el <i>Wine Room<\/i> busca ser una experiencia sensorial en la que intervengan todos los sentidos, as\u00ed como el foro ideal para hacer negocios.<\/p>\n<p>\u2730\u2730\u2730\u2730\u2730\u00a0Volaris da a conocer el lanzamiento de tres nuevas rutas desde Canc\u00fan, con destino a las ciudades de Chihuahua, Ciudad Ju\u00e1rez y Morelia, las cuales iniciaron operaciones los d\u00edas 1, 4 y 6 de julio, respectivamente. Con estas inauguraciones, la aerol\u00ednea suma ya 80 rutas en M\u00e9xico y Estados Unidos. As\u00ed la aerol\u00ednea\u00a0contar\u00e1 desde\u00a0<strong>Canc\u00fan<\/strong>\u00a0con la oferta de 11\u00a0<strong>destinos nacionales<\/strong>, consolidando su<strong>\u00a0presencia<\/strong>\u00a0en uno de los\u00a0<strong>destinos tur\u00edsticos<\/strong>\u00a0m\u00e1s importantes del\u00a0<strong>pa\u00eds<\/strong><b>.\u00a0<strong>Jos\u00e9 Luis Su\u00e1rez, director de Servicio y Ventas al Cliente<\/strong><\/b> habl\u00f3 de la importancia de brindar\u00a0a las\u00a0<strong>ciudades<\/strong>\u00a0de\u00a0<strong>Morelia, Chihuahua y Ciudad Ju\u00e1rez<\/strong>\u00a0su propio vuelo directo hacia\u00a0<strong>Canc\u00fan<\/strong><b>.<\/b> \u201cEstamos\u00a0comprometidos en brindar a nuestros <strong>clientes<\/strong>\u00a0las mejores\u00a0<strong>opciones<\/strong>\u00a0para\u00a0<strong>viajar<\/strong><b>,<\/b> y qu\u00e9 mejor forma de\u00a0hacerlo que poniendo a su alcance este\u00a0<strong>destino tur\u00edstico<\/strong>\u00a0ahora que est\u00e1 pr\u00f3xima la\u00a0<strong>temporada\u00a0vacacional<\/strong>\u00a0de verano\u201d. \u201cActualmente, desde la\u00a0<strong>capital michoacana volamos a Tijuana<\/strong>\u00a0y contamos con dos <strong>vuelos\u00a0internacionales<\/strong>\u00a0a\u00a0<strong>Los \u00c1ngeles y Chicago<\/strong>\u00a0en los\u00a0<strong>Estados Unidos.<\/strong>\u00a0Mientras que en\u00a0<strong>Chihuahua y Ciudad Ju\u00e1rez brindamos<\/strong> vuelos directos a\u00a0<strong>Guadalajara y la Ciudad de M\u00e9xico. Para Volaris, la inauguraci\u00f3n de estas rutas<\/strong>\u00a0es la mejor forma de corresponder y agradecer la\u00a0<strong>confianza<\/strong>\u00a0y\u00a0<strong>preferencia<\/strong>\u00a0que nos han\u00a0brindado\u201d.<\/p>\n<p>\u2730\u2730\u2730\u2730\u2730\u00a0<i>Hyatt Hotels Corporation<\/i> anunci\u00f3 su compromiso, a largo plazo, por la educaci\u00f3n y la fuerza de trabajo con la iniciativa <i>Ready To Thrive<\/i>, un nuevo programa global de filantrop\u00eda, enfocado en la alfabetizaci\u00f3n y el desarrollo profesional, el cual brindar\u00e1 apoyo a la plataforma de responsabilidad corporativa de la compa\u00f1\u00eda, <i>Hyatt Thrive<\/i>, que se esfuerza en hacer de las comunidades locales, lugares donde los colaboradores de la marca se sientan orgullosos de trabajar, los clientes quieran visitar, los vecinos quieran vivir y los due\u00f1os de hoteles quieran invertir. A trav\u00e9s de esta nueva iniciativa, <i>Ready To Thrive<\/i>, los hoteles invertir\u00e1n presupuesto en educaci\u00f3n, un tema clave que afecta a varias comunidades locales en todo el mundo y que es fundamental para los objetivos de negocio de Hyatt, tanto a largo plazo como para sus esfuerzos de expansi\u00f3n global. As\u00ed, la cadena se comprometer\u00e1 en servir a las comunidades locales j\u00f3venes y a las escuelas con necesidad de recursos, al ayudarles a proporcionar significativas trayectorias profesionales a los miembros de la comunidad que cuenten con habilidades a desarrollar. Este compromiso y estrategia filantr\u00f3picos son implementados a nivel global y est\u00e1n dise\u00f1ados para incrementar la calidad de vida en distintas comunidades alrededor del mundo, adem\u00e1s de transformar y construir una fundaci\u00f3n s\u00f3lida para futuros colaboradores de la compa\u00f1\u00eda. Para el primer a\u00f1o de operaci\u00f3n de este programa, en Latinoam\u00e9rica el apoyo se dirigir\u00e1 a impulsar iniciativas mundiales de alfabetizaci\u00f3n en Brasil, entre las que destacan programas de capacitaci\u00f3n. En este pa\u00eds se tiene proyectada la inauguraci\u00f3n del hotel <i>Grand Hyatt<\/i> R\u00edo de Janeiro para 2015. <b>Mark Hoplamazian<\/b>, presidente y CEO explic\u00f3,<i> <\/i>\u201cNuestro enfoque en la alfabetizaci\u00f3n y el desarrollo profesional va m\u00e1s all\u00e1 de las donaciones caritativas, representa una inversi\u00f3n estrat\u00e9gica de nuestros recursos, dirigida para crear un impacto de larga duraci\u00f3n en las comunidades locales y en nuestra compa\u00f1\u00eda\u201d. Adem\u00e1s coment\u00f3, \u201cSabemos que una educaci\u00f3n s\u00f3lida es esencial para el desarrollo econ\u00f3mico de un pa\u00eds, la creaci\u00f3n de empleos y la generaci\u00f3n de ingresos, lo cual es fundamental para crear comunidades pr\u00f3speras as\u00ed como para el \u00e9xito de nuestro negocio\u201d.<\/p>\n<p>\u2730\u2730\u2730\u2730\u2730\u00a0Aerom\u00e9xico anuncia la incorporaci\u00f3n de una frecuencia adicional de temporada entre Toluca y Canc\u00fan, desde el pasado 2 de julio, sumando un total de 12 operaciones semanales. La incorporaci\u00f3n de este vuelo en horario diurno, responde a la necesidad de cubrir la demanda de pasajeros de placer que buscan mejores opciones para viajar desde el centro del pa\u00eds a Canc\u00fan, durante la temporada de verano. Gracias a su horario, los pasajeros podr\u00e1n conectar desde el Aeropuerto Internacional de Toluca (AIT) a Monterrey y Guadalajara, mientras que desde Canc\u00fan, podr\u00e1n viajar de forma directa a Nueva York, La Habana y Los \u00c1ngeles. Las nuevas frecuencias ser\u00e1n operadas por equipos Embraer 170 y 190,\u00a0 con capacidad para 76 y 99 pasajeros, respectivamente. La aerol\u00ednea seguir\u00e1 operando las siete frecuencias semanales que ofrece de manera regular con el mismo itinerario. As\u00ed la aerol\u00ednea mantiene su compromiso de atender las necesidades de todos sus clientes en cada uno de sus mercados y en las temporadas con mayor afluencia.<\/p>\n<div id=\"attachment_138880\" style=\"width: 250px\" class=\"wp-caption alignleft\"><a href=\"http:\/\/www.diarioimagen.net\/wp-content\/uploads\/2013\/07\/turismo-2135.jpg\"><img loading=\"lazy\" decoding=\"async\" aria-describedby=\"caption-attachment-138880\" class=\"size-medium wp-image-138880\" alt=\"Le Royal Monceau-Raffles Paris.\" src=\"http:\/\/www.diarioimagen.net\/wp-content\/uploads\/2013\/07\/turismo-2135-240x135.jpg\" width=\"240\" height=\"135\" srcset=\"https:\/\/www.diarioimagen.net\/wp-content\/uploads\/2013\/07\/turismo-2135-240x135.jpg 240w, https:\/\/www.diarioimagen.net\/wp-content\/uploads\/2013\/07\/turismo-2135-420x236.jpg 420w, https:\/\/www.diarioimagen.net\/wp-content\/uploads\/2013\/07\/turismo-2135-235x132.jpg 235w, https:\/\/www.diarioimagen.net\/wp-content\/uploads\/2013\/07\/turismo-2135-202x114.jpg 202w, https:\/\/www.diarioimagen.net\/wp-content\/uploads\/2013\/07\/turismo-2135-350x196.jpg 350w, https:\/\/www.diarioimagen.net\/wp-content\/uploads\/2013\/07\/turismo-2135-220x123.jpg 220w, https:\/\/www.diarioimagen.net\/wp-content\/uploads\/2013\/07\/turismo-2135-237x132.jpg 237w, https:\/\/www.diarioimagen.net\/wp-content\/uploads\/2013\/07\/turismo-2135.jpg 480w\" sizes=\"auto, (max-width: 240px) 100vw, 240px\" \/><\/a><p id=\"caption-attachment-138880\" class=\"wp-caption-text\">Le Royal Monceau-Raffles Paris.<\/p><\/div>\n<p>\u2730\u2730\u2730\u2730\u2730\u00a0El<b> <\/b>m\u00edtico hotel de la avenida <i>Hoche,<\/i> el <i>Royal Monceau<\/i> renace en la colecci\u00f3n\u00a0 <i>Raffles, Hotels &amp; Resorts<\/i>. Su metamorfosis pensada y dise\u00f1ada por\u00a0 <b>Philippe Starck<\/b>, reinventa con audacia y sutileza las tradiciones de la celebraci\u00f3n y el prestigio de Par\u00eds, la ciudad de la luz. Idealmente ubicado a dos pasos de los Campos El\u00edseos, el Arco del Triunfo y el Parque Monceau, el Royal Monceau ofrece a sus hu\u00e9spedes una experiencia inolvidable al ritmo del arte y la cultura. Adem\u00e1s de su dise\u00f1o, cabe destacar la deliciosa comida servida en uno de los dos restaurantes con una estrella Michelin cada uno: <i>La cuisine<\/i> e <i>Il Carpaccio<\/i>. El Spa <i>My Blend by Clarins <\/i>es un para\u00edso blanco de tranquilidad en el coraz\u00f3n de la ciudad. Y si los hu\u00e9spedes buscan m\u00e1s experiencias, pueden rentar la sala de cine, ir de compras en la boutique <i>Le Royal Eclaireur<\/i> o simplemente deleitarse con los\u00a0macarons\u00a0de <b>Pierre Herm\u00e9<\/b>. Hace unos d\u00edas, al finalizar la \u00faltima junta de deliberaci\u00f3n del jurado <i>Palace<\/i>, presidido por <b>Dominique Fern\u00e1ndez<\/b>, <b>Sylvia Pinel<\/b>, ministra de las Artesan\u00edas, del Comercio y del Turismo, otorg\u00f3 por un plazo de cinco a\u00f1os el distintivo <i>Palace<\/i> al establecimiento <i>Le Royal Monceau-Raffles Paris.<\/i> Esta decisi\u00f3n tiene lugar en el marco de la tercera ola de candidaturas cerradas el 15 de febrero 2012, y alza el n\u00famero de establecimientos acreedores del distintivo a 13. Una nueva sesi\u00f3n de candidaturas se abrir\u00e1 pr\u00f3ximamente para permitir a otros hoteles aplicar. El director general del hotel, <b>\u00d6mer Acar<\/b>, expresa su felicidad al recibir este distintivo: \u201cSomos absolutamente felices de entrar nuevamente en el c\u00edrculo muy exclusivo de los <i>Palaces<\/i>. Quiero asociar a este \u00e9xito a todos los empleados del hotel, quienes trabajan todos los d\u00edas para alcanzar el nivel de excelencia esperado en un <i>palace<\/i>, as\u00ed como a los due\u00f1os <i>Katara Hospitality<\/i> y <i>Raffles Hotels &amp; Resorts,<\/i> por su visi\u00f3n estrat\u00e9gica y su apoyo siempre. El distintivo <i>Palace <\/i>no s\u00f3lo busca recompensar la comodidad de nuestras habitaciones, la calidad del servicio o la excelencia de nuestros dos restaurantes con estrella Michelin. Tambi\u00e9n resalta algo m\u00e1s sutil. En el grupo <i>Raffles Hotels &amp; Resorts,<\/i> lo llamamos el \u201clujo emocional\u201d: esta capacidad en tejar v\u00ednculos amistosos con nuestros clientes, ofrecerles momentos excepcionales, atenciones personalizadas que recordaran con emoci\u00f3n una vez de regreso a casa. Aqu\u00ed se encuentra el desaf\u00edo esencial de la hoteler\u00eda de lujo\u201d.<\/p>\n<p><i><em><a href=\"mailto:victoriagprado@gmail.com\" target=\"_blank\">victoriagprado@gmail.com<\/a><\/em><\/i><\/p>\n","protected":false},"excerpt":{"rendered":"<p>Gourmet Show, el evento gastron\u00f3mico m\u00e1s importante de M\u00e9xico, sigue creciendo. Tras el \u00e9xito de la primera edici\u00f3n del <i>Wine Room <\/i>en Expo Caf\u00e9 &amp; Gourmet Guadalajara, el evento llega al Distrito Federal. El <i>Wine Room<\/i> es un pabell\u00f3n dedicado exclusivamente a vinos, para que los amantes del buen beber vivan una experiencia enol\u00f3gica sin igual.  <\/p>\n","protected":false},"author":3,"featured_media":138880,"comment_status":"open","ping_status":"open","sticky":false,"template":"","format":"standard","meta":{"_monsterinsights_skip_tracking":false,"_monsterinsights_sitenote_active":false,"_monsterinsights_sitenote_note":"","_monsterinsights_sitenote_category":0,"footnotes":""},"categories":[11],"tags":[107,5075,44,43681,106],"class_list":["post-138825","post","type-post","status-publish","format-standard","has-post-thumbnail","hentry","category-turismo","tag-de-cinco-estrellas","tag-guatemala","tag-mexico","tag-turismo","tag-victoria-gonzalez-prado"],"_links":{"self":[{"href":"https:\/\/www.diarioimagen.net\/index.php?rest_route=\/wp\/v2\/posts\/138825","targetHints":{"allow":["GET"]}}],"collection":[{"href":"https:\/\/www.diarioimagen.net\/index.php?rest_route=\/wp\/v2\/posts"}],"about":[{"href":"https:\/\/www.diarioimagen.net\/index.php?rest_route=\/wp\/v2\/types\/post"}],"author":[{"embeddable":true,"href":"https:\/\/www.diarioimagen.net\/index.php?rest_route=\/wp\/v2\/users\/3"}],"replies":[{"embeddable":true,"href":"https:\/\/www.diarioimagen.net\/index.php?rest_route=%2Fwp%2Fv2%2Fcomments&post=138825"}],"version-history":[{"count":0,"href":"https:\/\/www.diarioimagen.net\/index.php?rest_route=\/wp\/v2\/posts\/138825\/revisions"}],"wp:featuredmedia":[{"embeddable":true,"href":"https:\/\/www.diarioimagen.net\/index.php?rest_route=\/wp\/v2\/media\/138880"}],"wp:attachment":[{"href":"https:\/\/www.diarioimagen.net\/index.php?rest_route=%2Fwp%2Fv2%2Fmedia&parent=138825"}],"wp:term":[{"taxonomy":"category","embeddable":true,"href":"https:\/\/www.diarioimagen.net\/index.php?rest_route=%2Fwp%2Fv2%2Fcategories&post=138825"},{"taxonomy":"post_tag","embeddable":true,"href":"https:\/\/www.diarioimagen.net\/index.php?rest_route=%2Fwp%2Fv2%2Ftags&post=138825"}],"curies":[{"name":"wp","href":"https:\/\/api.w.org\/{rel}","templated":true}]}}