{"id":138956,"date":"2013-07-08T00:07:20","date_gmt":"2013-07-08T05:07:20","guid":{"rendered":"http:\/\/www.diarioimagen.net\/?p=138956"},"modified":"2013-07-08T03:24:14","modified_gmt":"2013-07-08T08:24:14","slug":"resultado-electoral-no-afecta-al-pacto-osorio-chong","status":"publish","type":"post","link":"https:\/\/www.diarioimagen.net\/?p=138956","title":{"rendered":"Resultado electoral no afecta al pacto: Osorio Chong"},"content":{"rendered":"<ul>\n<li><strong><em>El secretario de Gobernaci\u00f3n se\u00f1ala que este acuerdo est\u00e1 por encima de intereses partidistas<\/em><\/strong><\/li>\n<\/ul>\n<div id=\"attachment_139036\" style=\"width: 250px\" class=\"wp-caption alignleft\"><a href=\"http:\/\/www.diarioimagen.net\/wp-content\/uploads\/2013\/07\/osorio-chong-2136.jpg\"><img loading=\"lazy\" decoding=\"async\" aria-describedby=\"caption-attachment-139036\" class=\"size-medium wp-image-139036\" alt=\"El secretario de Gobernaci\u00f3n, Miguel \u00c1ngel Osorio Chong, asegur\u00f3 que los resultados no condicionan el pacto.\" src=\"http:\/\/www.diarioimagen.net\/wp-content\/uploads\/2013\/07\/osorio-chong-2136-240x209.jpg\" width=\"240\" height=\"209\" srcset=\"https:\/\/www.diarioimagen.net\/wp-content\/uploads\/2013\/07\/osorio-chong-2136-240x209.jpg 240w, https:\/\/www.diarioimagen.net\/wp-content\/uploads\/2013\/07\/osorio-chong-2136-420x366.jpg 420w, https:\/\/www.diarioimagen.net\/wp-content\/uploads\/2013\/07\/osorio-chong-2136.jpg 500w\" sizes=\"auto, (max-width: 240px) 100vw, 240px\" \/><\/a><p id=\"caption-attachment-139036\" class=\"wp-caption-text\">El secretario de Gobernaci\u00f3n, Miguel \u00c1ngel Osorio Chong, asegur\u00f3 que los resultados no condicionan el pacto.<\/p><\/div>\n<p>El secretario de Gobernaci\u00f3n, Miguel \u00c1ngel Osorio Chong, descart\u00f3 que los resultados de las elecciones realizadas en 15 estados del pa\u00eds condicionen la permanencia de los partidos integrantes del Pacto por M\u00e9xico o sus acuerdos.<\/p>\n<p>Pese a los se\u00f1alamientos de los l\u00edderes de los partidos de oposici\u00f3n sobre presuntos delitos electorales como compra y coacci\u00f3n de voto en la recta final del proceso comicial, el responsable de la pol\u00edtica interna en el pa\u00eds asever\u00f3 que el acuerdo entre la Federaci\u00f3n y las principales fuerzas pol\u00edticas est\u00e1 por encima de los intereses partidistas.<\/p>\n<p>\u201cSon dos v\u00edas totalmente diferentes, una es la de los acuerdos por el pa\u00eds y otra el desarrollo normal que debe de llevar cualquier proceso electoral\u201d, dijo.<\/p>\n<p>Luego de emitir su voto en la ciudad de Pachuca, el pol\u00edtico hidalguense coment\u00f3 que existen incidentes \u201cnormales\u201d en la jornada electoral; sin embargo, descart\u00f3 que existan zonas de riesgos en las 15 entidades.<\/p>\n<p>Respecto al clima de violencia en el periodo de campa\u00f1a, en el que fueron amenazados de muerte y asesinados candidatos a puestos de elecci\u00f3n popular, apunt\u00f3 que a\u00fan no se tiene registro de cu\u00e1ntos de estos cr\u00edmenes fueron perpetrados por los c\u00e1rteles de la droga.<\/p>\n<p>\u201cNo todos los incidentes tienen que ver con el crimen organizado, tambi\u00e9n tienen que ver con los momentos que se est\u00e1n viviendo en el pa\u00eds. Sin embargo, como se han realizado los hechos hay todo el apoyo y toda la consideraci\u00f3n con los dirigentes, para que cualquier se\u00f1alamiento podamos investigarlo\u201d, indic\u00f3.<\/p>\n<p>El funcionario asegur\u00f3 que no todos los incidentes que se registraron durante las campa\u00f1as tienen relaci\u00f3n con los comicios, hubo algunos que son propios de las condiciones que vive el pa\u00eds.<\/p>\n<p>Dijo que hay instituciones confiables, adem\u00e1s de que las elecciones son organizadas por la ciudadan\u00eda y cuidadas por ella.<\/p>\n<p>Por instrucciones del presidente Enrique Pe\u00f1a Nieto, dijo que la Secretar\u00eda de Gobernaci\u00f3n \u00fanicamente intervendr\u00e1 en los hechos que se le pida y donde haya necesidad que est\u00e9 la autoridad federal. Aclar\u00f3 que los comicios son locales y se desarrollan en los estados.<\/p>\n<p>As\u00ed tambi\u00e9n confi\u00f3 en que esta sea la \u00fanica elecci\u00f3n donde fue necesario tener un ad\u00e9ndum al Pacto por M\u00e9xico, el cual se realiz\u00f3 a petici\u00f3n de los partidos pol\u00edticos por los incidentes que se registraron durante el proceso. Sin embargo, confi\u00f3 que en adelante los comicios se realicen de manera normal.<b><\/b><\/p>\n<p>&nbsp;<\/p>\n","protected":false},"excerpt":{"rendered":"<p>El secretario de Gobernaci\u00f3n, Miguel \u00c1ngel Osorio Chong, descart\u00f3 que los resultados de las elecciones realizadas en 15 estados del pa\u00eds condicionen la permanencia de los partidos integrantes del Pacto por M\u00e9xico o sus acuerdos.<\/p>\n","protected":false},"author":3,"featured_media":139037,"comment_status":"open","ping_status":"open","sticky":false,"template":"","format":"standard","meta":{"_monsterinsights_skip_tracking":false,"_monsterinsights_sitenote_active":false,"_monsterinsights_sitenote_note":"","_monsterinsights_sitenote_category":0,"footnotes":""},"categories":[3],"tags":[798,3676,43673,25488],"class_list":["post-138956","post","type-post","status-publish","format-standard","has-post-thumbnail","hentry","category-nacional","tag-elecciones","tag-miguel-angel-osorio-chong","tag-nacional","tag-pacto-por-mexico"],"_links":{"self":[{"href":"https:\/\/www.diarioimagen.net\/index.php?rest_route=\/wp\/v2\/posts\/138956","targetHints":{"allow":["GET"]}}],"collection":[{"href":"https:\/\/www.diarioimagen.net\/index.php?rest_route=\/wp\/v2\/posts"}],"about":[{"href":"https:\/\/www.diarioimagen.net\/index.php?rest_route=\/wp\/v2\/types\/post"}],"author":[{"embeddable":true,"href":"https:\/\/www.diarioimagen.net\/index.php?rest_route=\/wp\/v2\/users\/3"}],"replies":[{"embeddable":true,"href":"https:\/\/www.diarioimagen.net\/index.php?rest_route=%2Fwp%2Fv2%2Fcomments&post=138956"}],"version-history":[{"count":0,"href":"https:\/\/www.diarioimagen.net\/index.php?rest_route=\/wp\/v2\/posts\/138956\/revisions"}],"wp:featuredmedia":[{"embeddable":true,"href":"https:\/\/www.diarioimagen.net\/index.php?rest_route=\/wp\/v2\/media\/139037"}],"wp:attachment":[{"href":"https:\/\/www.diarioimagen.net\/index.php?rest_route=%2Fwp%2Fv2%2Fmedia&parent=138956"}],"wp:term":[{"taxonomy":"category","embeddable":true,"href":"https:\/\/www.diarioimagen.net\/index.php?rest_route=%2Fwp%2Fv2%2Fcategories&post=138956"},{"taxonomy":"post_tag","embeddable":true,"href":"https:\/\/www.diarioimagen.net\/index.php?rest_route=%2Fwp%2Fv2%2Ftags&post=138956"}],"curies":[{"name":"wp","href":"https:\/\/api.w.org\/{rel}","templated":true}]}}