{"id":139084,"date":"2013-07-09T00:04:09","date_gmt":"2013-07-09T05:04:09","guid":{"rendered":"http:\/\/www.diarioimagen.net\/?p=139084"},"modified":"2013-07-09T02:40:41","modified_gmt":"2013-07-09T07:40:41","slug":"otzoloapan-ya-tiene-centro-de-atencion-primaria-a-la-salud","status":"publish","type":"post","link":"https:\/\/www.diarioimagen.net\/?p=139084","title":{"rendered":"Otzoloapan ya tiene Centro de Atenci\u00f3n Primaria a la Salud"},"content":{"rendered":"<ul>\n<li><strong><em>Con esta cl\u00ednica se evitar\u00e1 que habitantes de la regi\u00f3n se trasladen a otros municipios o estados vecinos para recibir atenci\u00f3n m\u00e9dica<\/em><\/strong><\/li>\n<\/ul>\n<div id=\"attachment_139223\" style=\"width: 250px\" class=\"wp-caption alignleft\"><a href=\"http:\/\/www.diarioimagen.net\/wp-content\/uploads\/2013\/07\/eruviel-salud-2137.jpg\"><img loading=\"lazy\" decoding=\"async\" aria-describedby=\"caption-attachment-139223\" class=\"size-medium wp-image-139223\" alt=\"Para evitar que los habitantes de esta localidad se desplacen a municipios o estados vecinos, como Valle de Bravo y Michoac\u00e1n, para recibir atenci\u00f3n m\u00e9dica, y para contar con mexiquenses m\u00e1s sanos, el gobernador Eruviel \u00c1vila Villegas entreg\u00f3 el Centro Especializado de Atenci\u00f3n Primaria a la Salud (CEAPS) de Otzoloapan.\" src=\"http:\/\/www.diarioimagen.net\/wp-content\/uploads\/2013\/07\/eruviel-salud-2137-240x135.jpg\" width=\"240\" height=\"135\" srcset=\"https:\/\/www.diarioimagen.net\/wp-content\/uploads\/2013\/07\/eruviel-salud-2137-240x135.jpg 240w, https:\/\/www.diarioimagen.net\/wp-content\/uploads\/2013\/07\/eruviel-salud-2137-420x236.jpg 420w, https:\/\/www.diarioimagen.net\/wp-content\/uploads\/2013\/07\/eruviel-salud-2137-235x132.jpg 235w, https:\/\/www.diarioimagen.net\/wp-content\/uploads\/2013\/07\/eruviel-salud-2137-202x114.jpg 202w, https:\/\/www.diarioimagen.net\/wp-content\/uploads\/2013\/07\/eruviel-salud-2137-350x196.jpg 350w, https:\/\/www.diarioimagen.net\/wp-content\/uploads\/2013\/07\/eruviel-salud-2137-220x123.jpg 220w, https:\/\/www.diarioimagen.net\/wp-content\/uploads\/2013\/07\/eruviel-salud-2137-237x132.jpg 237w, https:\/\/www.diarioimagen.net\/wp-content\/uploads\/2013\/07\/eruviel-salud-2137.jpg 480w\" sizes=\"auto, (max-width: 240px) 100vw, 240px\" \/><\/a><p id=\"caption-attachment-139223\" class=\"wp-caption-text\">Para evitar que los habitantes de esta localidad se desplacen a municipios o estados vecinos, como Valle de Bravo y Michoac\u00e1n, para recibir atenci\u00f3n m\u00e9dica, y para contar con mexiquenses m\u00e1s sanos, el gobernador Eruviel \u00c1vila Villegas entreg\u00f3 el Centro Especializado de Atenci\u00f3n Primaria a la Salud (CEAPS) de Otzoloapan.<\/p><\/div>\n<p><strong>Otzoloapan, Estado de M\u00e9xico<\/strong>.- Para acercar los servicios de salud a la poblaci\u00f3n de la regi\u00f3n sur de la entidad y contar con mexiquenses m\u00e1s sanos, el gobernador Eruviel \u00c1vila Villegas entreg\u00f3 el Centro Especializado de Atenci\u00f3n Primaria a la Salud (CEAPS) de Otzoloapan, el cual brindar\u00e1 servicios de psicolog\u00eda, ginecolog\u00eda, pediatr\u00eda, entre otros, y evitar\u00e1 que los habitantes de esta localidad se desplacen a municipios o estados vecinos, como Valle de Bravo y Michoac\u00e1n, para recibir atenci\u00f3n m\u00e9dica.<\/p>\n<p>\u201cEstamos entregando este Centro Especializado de Atenci\u00f3n Primaria a la Salud de Otzoloapan, dispuesto para estar funcionando las 24 horas del d\u00eda, y si ya se construy\u00f3, si ya se hizo una inversi\u00f3n muy importante, pues que se le saque el mayor provecho posible. No hay tesoro m\u00e1s preciado que podamos valorar, que podamos aquilatar, que es precisamente la salud. Quiero a mexiquenses m\u00e1s sanos, m\u00e1s protegidos, fuertes, pensando sobre todo en nuestra gente grande, en la gente con discapacidad, de nuestros ni\u00f1os, pensando en todos los mexiquenses\u201d, afirm\u00f3.<\/p>\n<p>Acompa\u00f1ado del secretario de Salud, C\u00e9sar G\u00f3mez Monge, el titular del Ejecutivo estatal destac\u00f3 que este centro, que tuvo una inversi\u00f3n de casi 20 millones de pesos y es el s\u00e9ptimo de su tipo inaugurado durante su administraci\u00f3n, dar\u00e1 servicio las 24 horas, los 365 d\u00edas del a\u00f1o, y tiene como objetivo acercar la atenci\u00f3n primaria a la salud con equipo de vanguardia y atenci\u00f3n de calidad a los habitantes de municipios como Zacazonapan, Otzoloapan y Santo Tom\u00e1s de los Pl\u00e1tanos.<\/p>\n<p>Reafirmando su postulado de que en la salud no se gasta, sino que se invierte, Eruviel \u00c1vila describi\u00f3 ante los asistentes a la inauguraci\u00f3n de este CEAPS,\u00a0 los equipos tecnol\u00f3gicos en materia de salud con los que cuenta la red hospitalaria del Estado de M\u00e9xico, como el neuronavegador, el coolcap y el dignicap, adem\u00e1s de ser el \u00fanico estado en tener dos Bancos de Leche Materna, ubicados en Toluca y Chalco.<\/p>\n<p>Asegur\u00f3 que en materia de salud se continuar\u00e1n construyendo en todo el territorio estatal, Cl\u00ednicas Geri\u00e1tricas para atender a los adultos mayores, as\u00ed como m\u00e1s CEAPS en los municipios de San Salvador Atenco, Ocoyoac, Capulhuac, Otzolotepec, Tec\u00e1mac, entre otros, adem\u00e1s de Unidades de Hemodi\u00e1lisis, a trav\u00e9s de las cuales las personas que requieren de este tipo de servicio, lo recibir\u00e1n de forma gratuita, lo que les permitir\u00e1 ahorrar entre 3 mil y 5 mil pesos, costo de este tratamiento en hospitales particulares.<\/p>\n<p>Luego de inaugurar y recorrer las instalaciones del CEAPS Otzoloapan, Eruviel \u00c1villa entreg\u00f3 a la poblaci\u00f3n 30 sillas de ruedas e igual n\u00famero de aparatos auditivos, as\u00ed como 100 anteojos, herramientas que permitir\u00e1n a los beneficiarios desarrollar sus actividades cotidianas de una mejor forma y anunci\u00f3 que en dos semanas pondr\u00e1 en marcha la Unidad de Hemodi\u00e1lisis de Valle de Bravo, que ofrecer\u00e1 sus servicios a pacientes de esta regi\u00f3n<\/p>\n","protected":false},"excerpt":{"rendered":"<p>Para acercar los servicios de salud a la poblaci\u00f3n de la regi\u00f3n sur de la entidad y contar con mexiquenses m\u00e1s sanos, el gobernador Eruviel \u00c1vila Villegas entreg\u00f3 el Centro Especializado de Atenci\u00f3n Primaria a la Salud (CEAPS) de Otzoloapan, el cual brindar\u00e1 servicios de psicolog\u00eda, ginecolog\u00eda, pediatr\u00eda, entre otros, y evitar\u00e1 que los habitantes de esta localidad se desplacen a municipios o estados vecinos, como Valle de Bravo y Michoac\u00e1n, para recibir atenci\u00f3n m\u00e9dica.<\/p>\n","protected":false},"author":3,"featured_media":139223,"comment_status":"open","ping_status":"open","sticky":false,"template":"","format":"standard","meta":{"_monsterinsights_skip_tracking":false,"_monsterinsights_sitenote_active":false,"_monsterinsights_sitenote_note":"","_monsterinsights_sitenote_category":0,"footnotes":""},"categories":[5],"tags":[17743,5828,43675,1458],"class_list":["post-139084","post","type-post","status-publish","format-standard","has-post-thumbnail","hentry","category-estado-de-mexico","tag-centro-especializado-de-atencion-primaria-a-la-salud","tag-eruviel-avila-villegas","tag-estado-de-mexico","tag-valle-de-bravo"],"_links":{"self":[{"href":"https:\/\/www.diarioimagen.net\/index.php?rest_route=\/wp\/v2\/posts\/139084","targetHints":{"allow":["GET"]}}],"collection":[{"href":"https:\/\/www.diarioimagen.net\/index.php?rest_route=\/wp\/v2\/posts"}],"about":[{"href":"https:\/\/www.diarioimagen.net\/index.php?rest_route=\/wp\/v2\/types\/post"}],"author":[{"embeddable":true,"href":"https:\/\/www.diarioimagen.net\/index.php?rest_route=\/wp\/v2\/users\/3"}],"replies":[{"embeddable":true,"href":"https:\/\/www.diarioimagen.net\/index.php?rest_route=%2Fwp%2Fv2%2Fcomments&post=139084"}],"version-history":[{"count":0,"href":"https:\/\/www.diarioimagen.net\/index.php?rest_route=\/wp\/v2\/posts\/139084\/revisions"}],"wp:featuredmedia":[{"embeddable":true,"href":"https:\/\/www.diarioimagen.net\/index.php?rest_route=\/wp\/v2\/media\/139223"}],"wp:attachment":[{"href":"https:\/\/www.diarioimagen.net\/index.php?rest_route=%2Fwp%2Fv2%2Fmedia&parent=139084"}],"wp:term":[{"taxonomy":"category","embeddable":true,"href":"https:\/\/www.diarioimagen.net\/index.php?rest_route=%2Fwp%2Fv2%2Fcategories&post=139084"},{"taxonomy":"post_tag","embeddable":true,"href":"https:\/\/www.diarioimagen.net\/index.php?rest_route=%2Fwp%2Fv2%2Ftags&post=139084"}],"curies":[{"name":"wp","href":"https:\/\/api.w.org\/{rel}","templated":true}]}}