{"id":139113,"date":"2013-07-09T00:05:25","date_gmt":"2013-07-09T05:05:25","guid":{"rendered":"http:\/\/www.diarioimagen.net\/?p=139113"},"modified":"2013-07-10T01:39:12","modified_gmt":"2013-07-10T06:39:12","slug":"ganadores-y-perdedores","status":"publish","type":"post","link":"https:\/\/www.diarioimagen.net\/?p=139113","title":{"rendered":"Ganadores y perdedores"},"content":{"rendered":"<h2>De frente y de perfil<\/h2>\n<h5>Ram\u00f3n Zurita Sahag\u00fan<\/h5>\n<p><span><br \/>\nSin echar las campanas a vuelo (todav\u00eda pueden suscitarse cambios), los comicios del 7 de julio generaron algunos resultados inesperados, aunque eso no alter\u00f3 las principales plazas en disputa.<\/span><\/p>\n<p>Pero haciendo un recuento breve sobre ganadores y perdedores se puede hablar de los siguientes:<\/p>\n<p>El PRI se afianz\u00f3 como la principal fuerza pol\u00edtica del pa\u00eds, con los resultados que le dan mayor\u00eda en 10 de los Congresos locales en disputa y las principales capitales de los estados, aunque dej\u00f3 en el camino Mexicali, Tlaxcala y Aguascalientes (gan\u00f3 10 de 13).<\/p>\n<p>Es cierto que no pudo recuperar Baja California (los n\u00fameros no lo favorecen) y que C\u00e9sar Camacho hizo nuevamente el rid\u00edculo, al presumir un triunfo del que no hab\u00eda constancia y que Manlio Fabio Beltrones resulta otro damnificado pol\u00edtico, pero para el PRI fue una buena jornada, de resultados favorables.<\/p>\n<p>Gustavo Madero Mu\u00f1oz y el PAN lograron la sobrevivencia, con los triunfos de Baja California y la arrasada que dieron en Puebla, aunque dejaron en el camino Oaxaca. Jes\u00fas Zambrano y el PRD festejan triunfos que no les corresponden, ya que como partido son los m\u00e1s perjudicados, con un grave retroceso. Ganaron en alianza con el PAN Baja California y Puebla, pero retrocedieron en algunos otros e incluso en los que fueron sin compa\u00f1\u00eda. PT es otro gran perdedor, apostaron por alianza con el PRI en BC y van perdiendo.<\/p>\n<p>Contrario a ello, Movimiento Ciudadano y Nueva Alianza, avanzaron como partidos pol\u00edticos, mostrando que ya son opci\u00f3n y pueden hasta caminar solos, sin coaliciones.\u00a0 Ambos partidos ganaron alcald\u00edas y diputaciones locales en Oaxaca, Puebla Aguascalientes y otros estados.<\/p>\n<p>Quienes consideraron que el Pacto por M\u00e9xico estaba sujeto a los resultados electorales, pueden respirar tranquilos, los resultados fueron los esperados, con algunas peque\u00f1as sorpresas y el Pacto continuar\u00e1 su marcha por la senda correcta.<\/p>\n<p align=\"center\"><b>LOS AMIGOS DE GRANIER<\/b><\/p>\n<p>Solamente fue que se declarara formalmente preso, sin derecho a fianza al ex gobernador de Tabasco, Andr\u00e9s Granier Melo, para que se desatara la b\u00fasqueda de los personajes que resultaron beneficiados con el saqueo indiscriminado a las finanzas del estado.<\/p>\n<p>Se encontr\u00f3 una serie de evidencias que dejan en claro el aprovechamiento de esos personajes para enriquecerse al amparo de una administraci\u00f3n complaciente.<\/p>\n<p>La madeja est\u00e1 siendo desenredada y la aparici\u00f3n de una serie de negocios realizados al amparo del poder y del dinero p\u00fablico, son cada vez m\u00e1s evidentes.<\/p>\n<p>Despu\u00e9s de que se consideraba dif\u00edcil fincarle responsabilidades al ex gobernador y sus socios y amigos, ahora parece ser sencillo, ya que de pronto aparece informaci\u00f3n que descarna los sitios en los que invert\u00edan los personajes que hoy son se\u00f1alados.<\/p>\n<p>Algunos de ellos no participaban en la funci\u00f3n p\u00fablica, pero se sabe que Granier Melo contaba con algunos otros asesores en materia financiera que le fueron enviados desde M\u00e9xico, pero al final de cuentas, la \u00faltima palabra, la que prevalec\u00eda era la de Am\u00edlcar Sala, por encima de la de S\u00e1iz Pineda.<\/p>\n<p>El arribo de Jos\u00e9 Manuel S\u00e1iz Pineda a la secretar\u00eda de Finanzas ocurri\u00f3 por recomendaci\u00f3n del propio Sala Villanueva y avalado por su t\u00edo, Manuel Pineda Calc\u00e1neo, subdirector del diario que alguna vez fuese del suegro de Granier Melo. Y es que Granier Melo contaba con un reducido grupo de colaboradores de su entera confianza y otro de amigos, con los que se divert\u00eda y disfrutaba de la vida disipada a la que le tom\u00f3 gusto en sus a\u00f1os de gobernante.<\/p>\n<p>De ah\u00ed que surjan cada vez m\u00e1s pruebas de los beneficios que obtuvieron personajes como su asesor Am\u00edlcar Sala Villanueva y los negocios que conjuntamente realizaba con el hoy tambi\u00e9n preso Jos\u00e9 Manuel S\u00e1iz Pineda.<\/p>\n<p>Pero Sala era el compadre, amigo y socio de Granier que disfrutaba de las dos condiciones, ya que lo mismo gozaba de su confianza como gobernante que de la diversi\u00f3n. H\u00e9ctor L\u00f3pez Peralta, Jos\u00e9 del Carmen Escayola, Jos\u00e9 Carlos Becerra, Ariel Cetina, Beatriz Luque y las hermanas C\u00e1rdenas Zurita, entre otros, disfrutaban del respaldo pol\u00edtico del entonces gobernador Granier Melo, por distintas razones, aunque nunca demostraron su val\u00eda como servidores p\u00fablicos.<\/p>\n<p>Unos son compadres, otros ahijados, pero todos gozaron de protecci\u00f3n y algunos de ellos hoy son mencionados como personajes pr\u00f3speros que un sexenio dieron un giro econ\u00f3mico impresionante a sus vidas. Pero Granier Melo diferenciaba sus colaboradores y protegidos de sus amigos verdaderos.<\/p>\n<p>Estos eran aquellos con los que estableci\u00f3 grados de compadrazgo desde los tiempos estudiantiles.<\/p>\n<p>Entre estos se encontraban Humberto Domingo Mayans Canabal, secretario de Gobierno y principal asesor pol\u00edtico; Manuel Pineda Calc\u00e1neo, subdirector del Diario Presente; Javier Madrazo Pintado, hijo de Carlos Madrazo y hermano de Roberto, adem\u00e1s de Sala Villanueva, entre otros.<\/p>\n<p>Con varios de ellos y otros, Granier Melo realizaba sus viajes, especialmente al extranjero, donde mostraba su generosidad, d\u00e1ndole tres mil d\u00f3lares a cada pareja de sus acompa\u00f1antes, para que compraran lo que quisieran.<\/p>\n<p>Cu\u00e1ntos de estos personajes que viajaban y disfrutaban de esas prebendas se encuentran escondidos, temerosos de que sean llamados a declarar o intentan sacudirse esa cercan\u00eda del pasado.<\/p>\n<p style=\"text-align: center;\">\u00a0<b>ALZATI \u00a0A TV EDUCATIVA<\/b><\/p>\n<p>El ex secretario de Educaci\u00f3n P\u00fablica, Fausto Alzati, fue designado nuevo director de la Televisi\u00f3n Educativa, dependiente de la SEP. Alzati se encuentra muy vinculado con el sector al que llega, ya que tambi\u00e9n fue director de Conacyt y se espera que bajo su direcci\u00f3n la TV Educativa contin\u00fae consolid\u00e1ndose. Fernando Mora deja dicha direcci\u00f3n, en la que realiz\u00f3 un espl\u00e9ndido trabajo en los pocos m\u00e1s de seis meses que estuvo al frente de la misma.<\/p>\n<p><em><a href=\"mailto:ramonzurita44@hotmail.com\" target=\"_blank\">ramonzurita44@hotmail.com<br \/>\n<\/a><a href=\"mailto:zurita_sahagun@hotmail.com\" target=\"_blank\">zurita_sahagun@hotmail.com<\/a><\/em><\/p>\n","protected":false},"excerpt":{"rendered":"<p><span style=\"color: #005497;\"><strong>Ram\u00f3n Zurita Sahag\u00fan<\/strong><\/span><\/p>\n","protected":false},"author":3,"featured_media":0,"comment_status":"open","ping_status":"open","sticky":false,"template":"","format":"standard","meta":{"_monsterinsights_skip_tracking":false,"_monsterinsights_sitenote_active":false,"_monsterinsights_sitenote_note":"","_monsterinsights_sitenote_category":0,"footnotes":""},"categories":[234],"tags":[35,304,4259,43674,43687,2268,51],"class_list":["post-139113","post","type-post","status-publish","format-standard","hentry","category-ramon-zurita-sahagun","tag-aguascalientes","tag-de-frente-y-de-perfil","tag-mexicali","tag-opinion","tag-ramon-zurita-sahagun","tag-tabasco","tag-tlaxcala"],"_links":{"self":[{"href":"https:\/\/www.diarioimagen.net\/index.php?rest_route=\/wp\/v2\/posts\/139113","targetHints":{"allow":["GET"]}}],"collection":[{"href":"https:\/\/www.diarioimagen.net\/index.php?rest_route=\/wp\/v2\/posts"}],"about":[{"href":"https:\/\/www.diarioimagen.net\/index.php?rest_route=\/wp\/v2\/types\/post"}],"author":[{"embeddable":true,"href":"https:\/\/www.diarioimagen.net\/index.php?rest_route=\/wp\/v2\/users\/3"}],"replies":[{"embeddable":true,"href":"https:\/\/www.diarioimagen.net\/index.php?rest_route=%2Fwp%2Fv2%2Fcomments&post=139113"}],"version-history":[{"count":0,"href":"https:\/\/www.diarioimagen.net\/index.php?rest_route=\/wp\/v2\/posts\/139113\/revisions"}],"wp:attachment":[{"href":"https:\/\/www.diarioimagen.net\/index.php?rest_route=%2Fwp%2Fv2%2Fmedia&parent=139113"}],"wp:term":[{"taxonomy":"category","embeddable":true,"href":"https:\/\/www.diarioimagen.net\/index.php?rest_route=%2Fwp%2Fv2%2Fcategories&post=139113"},{"taxonomy":"post_tag","embeddable":true,"href":"https:\/\/www.diarioimagen.net\/index.php?rest_route=%2Fwp%2Fv2%2Ftags&post=139113"}],"curies":[{"name":"wp","href":"https:\/\/api.w.org\/{rel}","templated":true}]}}