{"id":139118,"date":"2013-07-09T00:04:44","date_gmt":"2013-07-09T05:04:44","guid":{"rendered":"http:\/\/www.diarioimagen.net\/?p=139118"},"modified":"2013-07-10T01:58:03","modified_gmt":"2013-07-10T06:58:03","slug":"pugnas-internas","status":"publish","type":"post","link":"https:\/\/www.diarioimagen.net\/?p=139118","title":{"rendered":"Pugnas internas"},"content":{"rendered":"<h2>Punto por punto<\/h2>\n<h5>Augusto Corro<\/h5>\n<p><span><br \/>\nGuerrero es una de las entidades donde el gobernador, \u00c1ngel Aguirre, no sabe si va o viene. Sumido en la crisis de la inseguridad, tambi\u00e9n enfrenta el caos en su sistema de gobierno.<\/span><\/p>\n<p>El mandatario no encuentra al hombre que lo ayude a gobernar. Durante su administraci\u00f3n ha nombrado a dos secretarios generales, mismos que le han renunciado.\u00a0\u00a0 Quienes hacen las veces de secretarios generales se convierten, de hecho, en vicegobernadores, es decir, en la mano derecha del mandatario estatal, pero en Guerrero no han funcionado.<\/p>\n<p>El mandatario no ha contado con el respaldo de su equipo de trabajo. Por ejemplo, el 19 de mayo pasado, Humberto Salgado G\u00f3mez renunci\u00f3 al cargo mencionado, acto que demostr\u00f3 c\u00f3mo la incapacidad total del gabinete de Aguirre, para resolver los conflictos que tienen agobiada a esa entidad, como son los casos de violencia, en los que est\u00e1n implicados la delincuencia organizada, los grupos de autodefensa, los maestros, las escuelas normales rurales, con sus respectivos cierres a la Autopista del Sol, etc.<\/p>\n<p>Aguirre, en t\u00e9rminos reales, no ha podido con el paquete, como se dice coloquialmente.<\/p>\n<p>Su equipo, en el que participan un buen n\u00famero de familiares, no tiene la experiencia que exige un estado lleno de\u00a0 problemas. Todos los conflictos le han estallado en las manos y no hace m\u00e1s que dejar que el tiempo se encargue de solucionarlos.<\/p>\n<p>Comentamos lo anterior, porque la semana pasada Florentino Cruz Ram\u00edrez, ex rector de la Universidad Aut\u00f3noma de Guerrero, renunci\u00f3 a la Secretar\u00eda General de Gobierno y con ello evidenci\u00f3 las pugnas que existen en el gabinete estatal. En ning\u00fan momento el gobernador y su subordinado pudieron trabajar de acuerdo.<\/p>\n<p>Cruz Ram\u00edrez trataba de solucionar problemas y hac\u00eda promesas a las organizaciones sociales. Sin embargo, el gobernador se encargaba de incumplir los compromisos.<\/p>\n<p>De esa manera se establec\u00eda un c\u00edrculo vicioso que afectaba al buen gobierno. Gobernador y subalterno, cada quien por su lado, no pudieron acoplarse. Sin un programa para atender los reclamos de la sociedad guerrerense, no iban a llegar a ning\u00fan lado.<\/p>\n<p align=\"center\"><b>OAXACA<\/b><\/p>\n<p>En Oaxaca, la situaci\u00f3n es muy parecida a lo que ocurre en Guerrero. En esa entidad, tambi\u00e9n llevan\u00a0 tres secretarios generales en lo que va de la administraci\u00f3n de Gabino Cu\u00e9.<\/p>\n<p>Jes\u00fas Mart\u00ednez \u00c1lvarez lleg\u00f3 a la secretar\u00eda general tras el cese de Irma Pi\u00f1ero Arias. Esto ocurri\u00f3 en agosto del 2011. Luego, en abril del 2013, Mart\u00ednez \u00c1lvarez dej\u00f3 el cargo. En su carta de renuncia especific\u00f3 que se iba \u201cdebido a una serie de intereses internos que evitan la soluci\u00f3n de conflictos\u201d.<\/p>\n<p>En el presente, Alfonso G\u00f3mez Sandoval es quien hace las veces de secretario general.\u00a0 Con los cambios pol\u00edticos en Oaxaca no se logr\u00f3 avance alguno en la soluci\u00f3n de conflictos, en los que aparecen los maestros y las organizaciones populares.<\/p>\n<p>Cu\u00e9, como Aguirre, no ha podido desempe\u00f1arse como gobernador. Tal vez su inexperiencia o grupos pol\u00edticos poderosos no le han permitido ejercer el poder a plenitud.<\/p>\n<p>Por ejemplo, su antecesor Ulises Ruiz Ortiz, un depredador del pueblo oaxaque\u00f1o, sigue sin rendir cuentas ante la justicia. El propio Cu\u00e9 se encarg\u00f3 de informar a la opini\u00f3n p\u00fablica, del mal uso de los recursos del erario en la administraci\u00f3n de Ruiz Ortiz.<\/p>\n<p>Extra\u00f1amente, las palabras del gobernador quedaron en el olvido. La sociedad oaxaque\u00f1a no tiene\u00a0 confianza en un gobernador que no sabe qu\u00e9 quiere la sociedad oaxaque\u00f1a. Sus errores lo tienen en constante protesta de inconformes en todos los renglones: seguridad, pol\u00edtica, pobreza, etc.<\/p>\n<p>Quiz\u00e1 por la incongruencia del gobierno de Cu\u00e9, la Asamblea Popular de los Pueblos de Oaxaca (APPO), regresa ahora con el nuevo nombre de Frente Amplio de la Lucha Social de Oaxaca, con la idea de fortalecer el movimiento de organizaciones civiles populares, con una visi\u00f3n m\u00e1s amplia de sus metas.<\/p>\n<p><em><a href=\"mailto:aco2742@hotmail.com\" target=\"_blank\">aco2742@hotmail.com<\/a><\/em><\/p>\n","protected":false},"excerpt":{"rendered":"<p><span style=\"color: #005497;\"><strong>Augusto Corro<\/strong><\/span><\/p>\n","protected":false},"author":3,"featured_media":0,"comment_status":"open","ping_status":"open","sticky":false,"template":"","format":"standard","meta":{"_monsterinsights_skip_tracking":false,"_monsterinsights_sitenote_active":false,"_monsterinsights_sitenote_note":"","_monsterinsights_sitenote_category":0,"footnotes":""},"categories":[157],"tags":[43686,43674,11515],"class_list":["post-139118","post","type-post","status-publish","format-standard","hentry","category-augusto-corro","tag-augusto-corro","tag-opinion","tag-punto-por-punto"],"_links":{"self":[{"href":"https:\/\/www.diarioimagen.net\/index.php?rest_route=\/wp\/v2\/posts\/139118","targetHints":{"allow":["GET"]}}],"collection":[{"href":"https:\/\/www.diarioimagen.net\/index.php?rest_route=\/wp\/v2\/posts"}],"about":[{"href":"https:\/\/www.diarioimagen.net\/index.php?rest_route=\/wp\/v2\/types\/post"}],"author":[{"embeddable":true,"href":"https:\/\/www.diarioimagen.net\/index.php?rest_route=\/wp\/v2\/users\/3"}],"replies":[{"embeddable":true,"href":"https:\/\/www.diarioimagen.net\/index.php?rest_route=%2Fwp%2Fv2%2Fcomments&post=139118"}],"version-history":[{"count":0,"href":"https:\/\/www.diarioimagen.net\/index.php?rest_route=\/wp\/v2\/posts\/139118\/revisions"}],"wp:attachment":[{"href":"https:\/\/www.diarioimagen.net\/index.php?rest_route=%2Fwp%2Fv2%2Fmedia&parent=139118"}],"wp:term":[{"taxonomy":"category","embeddable":true,"href":"https:\/\/www.diarioimagen.net\/index.php?rest_route=%2Fwp%2Fv2%2Fcategories&post=139118"},{"taxonomy":"post_tag","embeddable":true,"href":"https:\/\/www.diarioimagen.net\/index.php?rest_route=%2Fwp%2Fv2%2Ftags&post=139118"}],"curies":[{"name":"wp","href":"https:\/\/api.w.org\/{rel}","templated":true}]}}