{"id":139122,"date":"2013-07-09T00:03:04","date_gmt":"2013-07-09T05:03:04","guid":{"rendered":"http:\/\/www.diarioimagen.net\/?p=139122"},"modified":"2013-07-10T01:48:15","modified_gmt":"2013-07-10T06:48:15","slug":"el-verano-en-los-cabos","status":"publish","type":"post","link":"https:\/\/www.diarioimagen.net\/?p=139122","title":{"rendered":"El verano en Los Cabos"},"content":{"rendered":"<h2>Detr\u00e1s del Poder<\/h2>\n<h5>Jos\u00e9 Antonio L\u00f3pez Sosa<\/h5>\n<p><span><br \/>\n<strong>Baja California Sur<\/strong>.- Uno de los dos destinos m\u00e1s importantes en el pa\u00eds es sin lugar a dudas, Los Cabos en Baja California Sur. El corredor tur\u00edstico que comienza desde Todos Santos en el oc\u00e9ano Pac\u00edfico, pasando por Cabo San Lucas en el extremo sur de la pen\u00ednsula \u2014donde convergen el Pac\u00edfico y el golfo de California\u2014, San Jos\u00e9 del Cabo, Cabo Pulmo y terminando en La Paz, capital de este estado.<\/span><\/p>\n<p>El clima es privilegiado, por encima de los treinta en el d\u00eda, con poca humedad hacen un sitio semides\u00e9rtico con paisajes de monta\u00f1a y mar \u00fanicos en el orbe.<\/p>\n<p>La infraestructura tur\u00edstica que existe en Los Cabos es de lo m\u00e1s vanguardista, una oferta hotelera que abarca desde el gran turismo hasta peque\u00f1os hoteles econ\u00f3micos, una variedad gastron\u00f3mica con productos del mar y una serie de atractivos, tanto turismo de aventura, como ecoturismo e incluso recorridos culturales que convierten una visita de unos cuantos d\u00edas en una experiencia con diferentes enfoques y vivencias.<\/p>\n<p>Recorrer las misiones fundadas por los evangelizadores en el siglo XVIII (procedentes de Loreto, al norte de Baja California Sur), visitar los pueblos m\u00e1gicos, andar sobre sus carreteras entre los miles de cactus y el oc\u00e9ano, hacer un paseo en camellos en las dunas y la playa, navegar sus puertos y, sobre todo, compartir la hospitalidad de la gente de la regi\u00f3n, este otro M\u00e9xico lleno de gente buena y trabajadora que al tener como actividad econ\u00f3mica principal al turismo, tiene uno de los tratos m\u00e1s amables en el pa\u00eds.<\/p>\n<p>Entre la ciudad de M\u00e9xico y San Jos\u00e9 del Cabo existen varios vuelos al d\u00eda operados por Aerom\u00e9xico, Interjet, Volaris y Viva Aerob\u00fas; asimismo, este aeropuerto tiene conexiones a diversos puntos de la Rep\u00fablica, como Tijuana, Culiac\u00e1n, Guadalajara y Monterrey. Desde el aeropuerto de La Paz, adem\u00e1s de las frecuencias a la ciudad de M\u00e9xico por las l\u00edneas a\u00e9reas nacionales, la regional AeroCalafia ofrece conexiones a Loreto, Guerrero Negro, Tijuana, Hermosillo, Mazatl\u00e1n y otros destinos en los litorales del golfo de California, si a ello le sumamos los vuelos que se cuentan por decenas a los Estados Unidos y Canad\u00e1, encontramos que este destino tiene una conectividad a\u00e9rea muy amplia que genera buenas tarifas y una sana competencia entre l\u00edneas a\u00e9reas.<\/p>\n<p>Al caminar por sus playas y avenidas, en Cabo San Lucas y San Jos\u00e9 del Cabo nos encontramos con otro M\u00e9xico, parte de nuestra naci\u00f3n pr\u00e1cticamente insular por la lejan\u00eda con el norte de Baja California y con la costa continental del Pac\u00edfico, los usos y costumbres son otros, la gastronom\u00eda y la forma de vida tiene el car\u00e1cter mexicano, pero con un toque de distinci\u00f3n. Este otro M\u00e9xico de Baja California Sur que vale la pena compartir y conocer, estos paisajes des\u00e9rticos con el azul intenso del mar que parecieran ser producto de una irrealidad cobran vida y son un regalo de la naturaleza ante nuestros ojos.<\/p>\n<p>As\u00ed comienza el verano en Los Cabos,\u00a0 la naturaleza y la mano del hombre conviven en este rinc\u00f3n, el m\u00e1s alejado de M\u00e9xico.<\/p>\n<p><em><a href=\"mailto:lopez.sosa@mexico.com\" target=\"_blank\">lopez.sosa@mexico.com<\/a><\/em><br \/>\n<em><a href=\"http:\/\/twitter.com\/#%21\/joseantonio1977\" target=\"_blank\">@joseantonio1977<br \/>\n<\/a><\/em><em><a href=\"http:\/\/www.formulaconfidencial.com.mx\/\" target=\"_blank\">www.formulaconfidencial.com.mx<\/a><\/em><\/p>\n","protected":false},"excerpt":{"rendered":"<p><span style=\"color: #005497;\"><strong>Jos\u00e9 Antonio L\u00f3pez Sosa<\/strong><\/span><\/p>\n","protected":false},"author":3,"featured_media":0,"comment_status":"open","ping_status":"open","sticky":false,"template":"","format":"standard","meta":{"_monsterinsights_skip_tracking":false,"_monsterinsights_sitenote_active":false,"_monsterinsights_sitenote_note":"","_monsterinsights_sitenote_category":0,"footnotes":""},"categories":[637],"tags":[775,638,43690,43674,10336],"class_list":["post-139122","post","type-post","status-publish","format-standard","hentry","category-jose-antonio-lopez-sosa","tag-baja-california-sur","tag-detras-del-poder","tag-jose-antonio-lopez-sosa","tag-opinion","tag-pacifico"],"_links":{"self":[{"href":"https:\/\/www.diarioimagen.net\/index.php?rest_route=\/wp\/v2\/posts\/139122","targetHints":{"allow":["GET"]}}],"collection":[{"href":"https:\/\/www.diarioimagen.net\/index.php?rest_route=\/wp\/v2\/posts"}],"about":[{"href":"https:\/\/www.diarioimagen.net\/index.php?rest_route=\/wp\/v2\/types\/post"}],"author":[{"embeddable":true,"href":"https:\/\/www.diarioimagen.net\/index.php?rest_route=\/wp\/v2\/users\/3"}],"replies":[{"embeddable":true,"href":"https:\/\/www.diarioimagen.net\/index.php?rest_route=%2Fwp%2Fv2%2Fcomments&post=139122"}],"version-history":[{"count":0,"href":"https:\/\/www.diarioimagen.net\/index.php?rest_route=\/wp\/v2\/posts\/139122\/revisions"}],"wp:attachment":[{"href":"https:\/\/www.diarioimagen.net\/index.php?rest_route=%2Fwp%2Fv2%2Fmedia&parent=139122"}],"wp:term":[{"taxonomy":"category","embeddable":true,"href":"https:\/\/www.diarioimagen.net\/index.php?rest_route=%2Fwp%2Fv2%2Fcategories&post=139122"},{"taxonomy":"post_tag","embeddable":true,"href":"https:\/\/www.diarioimagen.net\/index.php?rest_route=%2Fwp%2Fv2%2Ftags&post=139122"}],"curies":[{"name":"wp","href":"https:\/\/api.w.org\/{rel}","templated":true}]}}