{"id":139175,"date":"2013-07-09T00:01:22","date_gmt":"2013-07-09T05:01:22","guid":{"rendered":"http:\/\/www.diarioimagen.net\/?p=139175"},"modified":"2013-07-09T02:37:34","modified_gmt":"2013-07-09T07:37:34","slug":"versiones-actualizadas-de-apps-para-administrar-los-viajes-en-tiempo-real-anuncio-united-airlines","status":"publish","type":"post","link":"https:\/\/www.diarioimagen.net\/?p=139175","title":{"rendered":"Versiones actualizadas de apps para administrar los viajes en tiempo real, anunci\u00f3 United Airlines"},"content":{"rendered":"<h2>De cinco estrellas<\/h2>\n<h5>Victoria Gonz\u00e1lez Prado<\/h5>\n<p>&nbsp;<\/p>\n<ul>\n<li><em><strong>Se cumpli\u00f3 un a\u00f1o del lanzamiento de Descubre Sudam\u00e9rica con LATAM Airlines<\/strong><\/em><\/li>\n<li><em><strong>Claudia Ruiz Massieu afirm\u00f3 que la prioridad es la tranquilidad de los paseantes, al poner en marcha el Operativo de Verano para la Seguridad Integral de los Turistas 2013<\/strong><\/em><\/li>\n<li><em><strong>El operador de aeropuertos mexicanos Asur, dijo que el tr\u00e1fico de pasajeros en sus terminales subi\u00f3 en junio 12%<\/strong><\/em><\/li>\n<\/ul>\n<div id=\"attachment_139211\" style=\"width: 250px\" class=\"wp-caption alignleft\"><a href=\"http:\/\/www.diarioimagen.net\/wp-content\/uploads\/2013\/07\/turismo-2137.jpg\"><img loading=\"lazy\" decoding=\"async\" aria-describedby=\"caption-attachment-139211\" class=\"size-medium wp-image-139211\" alt=\"Nuevas versiones para iPhone, Android y BlackBerry 10 lanz\u00f3 United.\" src=\"http:\/\/www.diarioimagen.net\/wp-content\/uploads\/2013\/07\/turismo-2137-240x135.jpg\" width=\"240\" height=\"135\" srcset=\"https:\/\/www.diarioimagen.net\/wp-content\/uploads\/2013\/07\/turismo-2137-240x135.jpg 240w, https:\/\/www.diarioimagen.net\/wp-content\/uploads\/2013\/07\/turismo-2137-420x236.jpg 420w, https:\/\/www.diarioimagen.net\/wp-content\/uploads\/2013\/07\/turismo-2137-235x132.jpg 235w, https:\/\/www.diarioimagen.net\/wp-content\/uploads\/2013\/07\/turismo-2137-202x114.jpg 202w, https:\/\/www.diarioimagen.net\/wp-content\/uploads\/2013\/07\/turismo-2137-350x196.jpg 350w, https:\/\/www.diarioimagen.net\/wp-content\/uploads\/2013\/07\/turismo-2137-220x123.jpg 220w, https:\/\/www.diarioimagen.net\/wp-content\/uploads\/2013\/07\/turismo-2137-237x132.jpg 237w, https:\/\/www.diarioimagen.net\/wp-content\/uploads\/2013\/07\/turismo-2137.jpg 480w\" sizes=\"auto, (max-width: 240px) 100vw, 240px\" \/><\/a><p id=\"caption-attachment-139211\" class=\"wp-caption-text\">Nuevas versiones para iPhone, Android y BlackBerry 10 lanz\u00f3 United.<\/p><\/div>\n<p><i>United Airlines<\/i> anunci\u00f3 versiones actualizadas de sus aplicaciones para <i>iPhone, Android<\/i> y <i>BlackBerry<\/i> 10, que incluyen interfaces de usuario simplificadas y una nueva funci\u00f3n, disponible tambi\u00e9n para <i>Windows Phone 8,<\/i> gracias a la cual los clientes pueden administrar sus viajes en tiempo real cuando se presenten irregularidades en las operaciones de vuelo. Con esta nueva funci\u00f3n, los usuarios de la aplicaci\u00f3n m\u00f3vil de <i>United<\/i> que experimenten demoras o cancelaciones de sus vuelos se les ofrecer\u00e1 la opci\u00f3n de conservar su itinerario existente o, si la disponibilidad lo permite, de hacer modificaciones. Los clientes, cuyos vuelos se han visto afectados, pueden usar la aplicaci\u00f3n m\u00f3vil, ya sea para aceptar vuelos nuevos confirmados de manera autom\u00e1tica por <i>United<\/i> o para buscar rutas, aeropuertos o fechas alternas para viajar. <b>Scott Wilson<\/b>, vicepresidente de <i>Merchandising<\/i> y Comercio Electr\u00f3nico de la aerol\u00ednea dijo: \u201cSeguimos\u00a0 invirtiendo en tecnolog\u00eda m\u00f3vil que mejore la experiencia de viaje para nuestros clientes. La nueva funcionalidad y apariencia actualizada de estas aplicaciones le brindan al viajero mayor comodidad, flexibilidad y control. En <i>United<\/i> seguiremos invirtiendo en desarrollar herramientas m\u00f3viles poderosas para nuestros clientes y, para ello, tenemos previsto incorporar muchas mejoras importantes en el transcurso del pr\u00f3ximo a\u00f1o\u201d. Por otro lado, la compa\u00f1\u00eda tambi\u00e9n anunci\u00f3 que, para el oto\u00f1o de este a\u00f1o, tiene planeado contar con tecnolog\u00eda de lectura de pases de abordar m\u00f3viles en los m\u00e1s de 220 aeropuertos en que opera en los Estados Unidos. La aerol\u00ednea estadunidense fue la primera en introducir pases de abordar m\u00f3viles en el a\u00f1o 2007, y la primera entre las grandes aerol\u00edneas en anunciar planes para tener este servicio disponible en todos los aeropuertos nacionales que atiende en la Uni\u00f3n Americana. Tambi\u00e9n ofrece a sus clientes la posibilidad de usar pases de abordar m\u00f3viles en m\u00e1s de 40 aeropuertos internacionales.<\/p>\n<p>\u2730\u2730\u2730\u2730\u2730\u00a0Se cumpli\u00f3 un a\u00f1o del lanzamiento de Descubre Sudam\u00e9rica con <i>LATAM Airlines<\/i>, plan de mercadotecnia que se instituy\u00f3 con la cooperaci\u00f3n de los principales touroperadores mayoristas del M\u00e9xico, que se dieron a la tarea de desarrollar paquetes programas tur\u00edsticos para satisfacer todos los gustos y todos los presupuestos, sin dejar a un lado a los pasajeros que quieren hacer un \u201cviaje a la medida\u201d, utilizando hoteles de 5 estrellas y\/o boutique, hasta c\u00f3modos hospedajes de 3 estrellas, viajando en cabinas de <i>Premium, Business<\/i> o Turista. <b>Jos\u00e9 Sampol<\/b>, director general y <b>Federico Jager<\/b>, director comercial de <i>LATAM Airlines<\/i> <i>Group<\/i> fueron los anfitriones de la noche y, <b>Sampol<\/b> al hacer uso de la palabra agradeci\u00f3 la participaci\u00f3n de los empresarios asociadas en el proyecto: <b>Ana Albert<\/b>, de Ana Albert <i>South America<\/i>; <b>Mart\u00edn Monterurro<\/b>, de <i>Austral Travel;<\/i> <b>Fernando Fisicazo<\/b>, de <i>Umira Travel;<\/i> <b>Miguel Galicia<\/b>, de <i>Juli\u00e1 Tours;<\/i> <b>Alejandra Zamudio<\/b> de <i>Mega Travel<\/i>; <b>Adriana Reyes<\/b> de Punta del Este, y la agencia de Viajes El Corte Ingl\u00e9s, quienes a lo largo de este primer a\u00f1o promovieron las bellezas naturales y culturales de Argentina, Brasil, Colombia, Chile, Per\u00fa y el Uruguay en nuestro pa\u00eds. Adem\u00e1s, <b>Sampol<\/b> reiter\u00f3 que Latinoam\u00e9rica est\u00e1 de moda, porque m\u00e1s all\u00e1 de sus bondades, es una regi\u00f3n confiable que incluso est\u00e1 registrando crecimientos econ\u00f3micos que otras partes del mundo no tienen. Finalmente, el directivo agradeci\u00f3 el apoyo de la industria durante estos primeros tres meses del a\u00f1o en los que ha estado al frente de las oficinas de <i>LATAM<\/i> en M\u00e9xico, tiempo en el que su labor ha dado buenos resultados. \u201cEsto se debe a la gente de casa, al personal de ventas, del \u00e1rea comercial y los que est\u00e1n atr\u00e1s del tel\u00e9fono. Hace algunos meses me compromet\u00ed con muchos de ustedes y hoy puedo decir que he cumplido con lo pactado\u201d, concluy\u00f3. Por su parte, <b>Federico Jager <\/b>dijo: \u201cLa fusi\u00f3n LAN y TAM permite que los productos ofertados sean m\u00e1s econ\u00f3micos, competitivos contra otras propuestas de otras partes del mundo y con la negociaci\u00f3n con los operadores terrestres en cada destino hacen que hoy Descubre Sudam\u00e9rica sea lo que el cliente busca\u201d. Estuvieron tambi\u00e9n en la reuni\u00f3n <b>Mart\u00edn Romero<\/b>, de la embajada de Argentina y <b>Laura Trejo<\/b>, de la C\u00e1mara de Comercio M\u00e9xico Argentina, as\u00ed como representantes de agencias de viajes minoristas. Por medio de algunos videos, los concurrentes tuvieron oportunidad de hacer algunos de los fant\u00e1sticos recorridos, como volar a Lima y de ah\u00ed a Cusco, de donde tomaron el tren que los llev\u00f3 hasta Machu Picchu para visitar la m\u00e1gica ciudad de los incas; o un recorrido de 8 noches visitando Buenos Aires, las fabulosas Cataratas de Iguaz\u00fa, luego volar a Lima y visitar Cusco y Machu Picchu; otro circuito muy tentador es el que visita Santiago, la capital chilena, sin dejar de hacer la Ruta del Vino, para luego volar a Buenos Aires y tener una noche de tango y milonga, y dar el \u201cbrinquito\u201d a R\u00edo de Janeiro, visitando el Cristo del Corcovado y el Pan de Az\u00facar. Pero no todo son ciudades, tambi\u00e9n hay un atractivo circuito que recorre los r\u00edos y lagos de la Patagonia, saliendo de Puerto Varas y llegando a San Carlos de Bariloche, inolvidable. No podemos olvidar la gastronom\u00eda y los vinos, para lo que hay programas especiales que recorren Lima, Santiago, Buenos Aires y Mendoza. Y para los m\u00e1s aventureros, una visita a la m\u00edstica Isla de Pascua, en el Pac\u00edfico Sur. Todos los programas incluyen transportaci\u00f3n a\u00e9rea en LAN o en TAM, transportaci\u00f3n terrestre del\/hacia aeropuerto-hotel, hospedaje, excursiones y, sobre todo, un servicio de primera.<\/p>\n<p>\u2730\u2730\u2730\u2730\u2730\u00a0Al poner en marcha el Operativo de Verano para la Seguridad Integral de los Turistas 2013, la secretaria de Turismo del gobierno de la Rep\u00fablica, <b>Claudia Ruiz Massieu<\/b>, afirm\u00f3 que la prioridad es la tranquilidad de turistas durante el periodo vacacional, para que puedan disfrutar de todo lo bello que tiene el pa\u00eds y sus destinos. Asegur\u00f3 que en este Operativo de Verano hay una visi\u00f3n integral de las necesidades del viajero, producto de una mejor coordinaci\u00f3n y comunicaci\u00f3n entre todas las entidades que participan en el mismo. <b>Ruiz Massieu<\/b> expuso que con esta coordinaci\u00f3n en los trabajos se evitan duplicidades y redundancias en el servicio, y esa es una de las principales razones que permitir\u00e1n tener un mejor operativo. \u201cHay un esfuerzo de acci\u00f3n concertada que no tiene precedente en el pa\u00eds\u201d, enfatiz\u00f3 la titular de la Sectur, quien agreg\u00f3 que \u201choy entendemos la seguridad de manera ampliada, mucho m\u00e1s all\u00e1 de la seguridad nacional. Se trata de una visi\u00f3n novedosa, m\u00e1s exigente y m\u00e1s eficiente de la seguridad\u201d. En el acto, realizado en la Terminal 2 del Aeropuerto Internacional de la Ciudad de M\u00e9xico, la secretaria de Turismo dio el banderazo de salida a 45 nuevas radiopatrullas del grupo \u00c1ngeles Verdes, para sumar un total de 415 unidades, que ser\u00e1n parte fundamental para prestar auxilio en todas las carreteras del pa\u00eds durante el per\u00edodo vacacional. \u201cEstamos bien coordinados y contamos con la experiencia positiva del per\u00edodo vacacional anterior\u201d, recalc\u00f3 <b>Ruiz Massieu<\/b>, y se\u00f1al\u00f3 que este trabajo, aunque ya se realizaba, nunca se hab\u00eda hecho con una visi\u00f3n integradora, tal como lo encomend\u00f3 el presidente <b>Enrique Pe\u00f1a Nieto<\/b>, cuando dio a conocer la Pol\u00edtica Nacional Tur\u00edstica. En este sentido, destac\u00f3 que el turista ya no tiene que estar pensando a donde llamar o sufrir el viacrucis de tener que pasar de una a otra ventanilla de atenci\u00f3n, para ver si alguien lo ayuda. Ahora s\u00f3lo tiene que recordar, extern\u00f3, un n\u00famero telef\u00f3nico, el 088, que pone a disposici\u00f3n la Polic\u00eda Federal, para que las llamadas sean atendidas r\u00e1pidamente y resueltas por la instancia que sepa c\u00f3mo hacerlo. La titular de la Sectur subray\u00f3 que el Operativo de Verano ser\u00e1 m\u00e1s eficiente y eficaz que el de Semana Santa, en el cual, gracias a las acciones preventivas, se registraron menos incidentes que en 2012. El n\u00famero de accidentes e incidencias en las carreteras disminuy\u00f3 en 2.56% con respecto al a\u00f1o anterior, y la Cruz Roja report\u00f3 27% menos incidentes. <b>Ruiz Massieu<\/b> indic\u00f3 que si bien todas las dependencias involucradas en el Operativo, as\u00ed como la Cruz Roja y la iniciativa privada, han realizado un esfuerzo importante por su magnitud y por la importancia que tiene para muchos mexicanos, el trabajo apenas comienza, pues millones de ni\u00f1os, ni\u00f1as y j\u00f3venes terminaron clases y se sumar\u00e1n a los viajeros mexicanos y extranjeros que salen a disfrutar de sus vacaciones en alg\u00fan lugar del pa\u00eds.<\/p>\n<p align=\"left\">\u2730\u2730\u2730\u2730\u2730\u00a0El operador de aeropuertos mexicanos Asur, dijo que el tr\u00e1fico de pasajeros en sus terminales subi\u00f3 en junio 12%, comparado con el mismo mes del a\u00f1o pasado. El tr\u00e1fico total en las 9 terminales del Grupo Aeroportuario del Sureste (Asur) fue de 1.75 millones de pasajeros en el sexto mes del 2013. En junio la cantidad de pasajeros a nivel dom\u00e9stico creci\u00f3 10%, mientras que en el internacional se increment\u00f3 en un 13.7%, dijo la compa\u00f1\u00eda en un comunicado. Asur opera sus aeropuertos en el sureste mexicano, entre ellos, el de Canc\u00fan, el balneario mexicano m\u00e1s visitado por turistas extranjeros en el pa\u00eds. Las acciones de Asur perd\u00edan 0.60% a 150.44 pesos en las primeras operaciones de la bolsa mexicana.<\/p>\n<p align=\"left\"><i><em><a href=\"mailto:victoriagprado@gmail.com\" target=\"_blank\">victoriagprado@gmail.com<\/a><\/em><\/i><\/p>\n<p>&nbsp;<\/p>\n","protected":false},"excerpt":{"rendered":"<p><i>United Airlines<\/i> anunci\u00f3 versiones actualizadas de sus aplicaciones para <i>iPhone, Android<\/i> y <i>BlackBerry<\/i> 10, que incluyen interfaces de usuario simplificadas y una nueva funci\u00f3n, disponible tambi\u00e9n para <i>Windows Phone 8,<\/i> gracias a la cual los clientes pueden administrar sus viajes en tiempo real cuando se presenten irregularidades en las operaciones de vuelo. Con esta nueva funci\u00f3n, los usuarios de la aplicaci\u00f3n m\u00f3vil de <i>United<\/i> que experimenten demoras o cancelaciones de sus vuelos se les ofrecer\u00e1 la opci\u00f3n de conservar su itinerario existente o, si la disponibilidad lo permite, de hacer modificaciones.<\/p>\n","protected":false},"author":3,"featured_media":139211,"comment_status":"open","ping_status":"open","sticky":false,"template":"","format":"standard","meta":{"_monsterinsights_skip_tracking":false,"_monsterinsights_sitenote_active":false,"_monsterinsights_sitenote_note":"","_monsterinsights_sitenote_category":0,"footnotes":""},"categories":[11],"tags":[18480,107,43681,106],"class_list":["post-139175","post","type-post","status-publish","format-standard","has-post-thumbnail","hentry","category-turismo","tag-blackberry","tag-de-cinco-estrellas","tag-turismo","tag-victoria-gonzalez-prado"],"_links":{"self":[{"href":"https:\/\/www.diarioimagen.net\/index.php?rest_route=\/wp\/v2\/posts\/139175","targetHints":{"allow":["GET"]}}],"collection":[{"href":"https:\/\/www.diarioimagen.net\/index.php?rest_route=\/wp\/v2\/posts"}],"about":[{"href":"https:\/\/www.diarioimagen.net\/index.php?rest_route=\/wp\/v2\/types\/post"}],"author":[{"embeddable":true,"href":"https:\/\/www.diarioimagen.net\/index.php?rest_route=\/wp\/v2\/users\/3"}],"replies":[{"embeddable":true,"href":"https:\/\/www.diarioimagen.net\/index.php?rest_route=%2Fwp%2Fv2%2Fcomments&post=139175"}],"version-history":[{"count":0,"href":"https:\/\/www.diarioimagen.net\/index.php?rest_route=\/wp\/v2\/posts\/139175\/revisions"}],"wp:featuredmedia":[{"embeddable":true,"href":"https:\/\/www.diarioimagen.net\/index.php?rest_route=\/wp\/v2\/media\/139211"}],"wp:attachment":[{"href":"https:\/\/www.diarioimagen.net\/index.php?rest_route=%2Fwp%2Fv2%2Fmedia&parent=139175"}],"wp:term":[{"taxonomy":"category","embeddable":true,"href":"https:\/\/www.diarioimagen.net\/index.php?rest_route=%2Fwp%2Fv2%2Fcategories&post=139175"},{"taxonomy":"post_tag","embeddable":true,"href":"https:\/\/www.diarioimagen.net\/index.php?rest_route=%2Fwp%2Fv2%2Ftags&post=139175"}],"curies":[{"name":"wp","href":"https:\/\/api.w.org\/{rel}","templated":true}]}}