{"id":139283,"date":"2013-07-10T00:07:49","date_gmt":"2013-07-10T05:07:49","guid":{"rendered":"http:\/\/www.diarioimagen.net\/?p=139283"},"modified":"2013-07-11T02:18:51","modified_gmt":"2013-07-11T07:18:51","slug":"la-resaca-electoral","status":"publish","type":"post","link":"https:\/\/www.diarioimagen.net\/?p=139283","title":{"rendered":"La resaca electoral"},"content":{"rendered":"<h2>Tras la puerta del poder<\/h2>\n<h5>Roberto Vizca\u00edno<\/h5>\n<p>&nbsp;<\/p>\n<ul>\n<li><strong><i>El triunfo del panista Vega de Lamadrid estar\u00e1 ligado a la suspicacia de una concertacesi\u00f3n<\/i><\/strong><\/li>\n<li><strong><i>Alguien dio cifras falsas con las que C\u00e9sar Camacho declar\u00f3 triunfador a Castro Trenti<\/i><\/strong><\/li>\n<li><strong><i>Impactante la muestra fotogr\u00e1fica sobre el hambre, exposici\u00f3n abierta por Sedesol y Conaculta<\/i><\/strong><\/li>\n<\/ul>\n<div id=\"attachment_139359\" style=\"width: 245px\" class=\"wp-caption alignleft\"><a href=\"http:\/\/www.diarioimagen.net\/wp-content\/uploads\/2013\/07\/LIDERAZGOS-trizas-2138.jpg\"><img loading=\"lazy\" decoding=\"async\" aria-describedby=\"caption-attachment-139359\" class=\"size-medium wp-image-139359\" alt=\"Liderazgos... | Trizas\" src=\"http:\/\/www.diarioimagen.net\/wp-content\/uploads\/2013\/07\/LIDERAZGOS-trizas-2138-235x240.jpg\" width=\"235\" height=\"240\" srcset=\"https:\/\/www.diarioimagen.net\/wp-content\/uploads\/2013\/07\/LIDERAZGOS-trizas-2138-235x240.jpg 235w, https:\/\/www.diarioimagen.net\/wp-content\/uploads\/2013\/07\/LIDERAZGOS-trizas-2138-411x420.jpg 411w, https:\/\/www.diarioimagen.net\/wp-content\/uploads\/2013\/07\/LIDERAZGOS-trizas-2138-50x50.jpg 50w, https:\/\/www.diarioimagen.net\/wp-content\/uploads\/2013\/07\/LIDERAZGOS-trizas-2138-70x70.jpg 70w, https:\/\/www.diarioimagen.net\/wp-content\/uploads\/2013\/07\/LIDERAZGOS-trizas-2138.jpg 700w\" sizes=\"auto, (max-width: 235px) 100vw, 235px\" \/><\/a><p id=\"caption-attachment-139359\" class=\"wp-caption-text\">Liderazgos&#8230; | Trizas<\/p><\/div>\n<p>Bajo la sombra de la concertacesi\u00f3n para salvar al Pacto por M\u00e9xico, la gubernatura de Baja California ser\u00e1 asignada hoy por el Instituto Electoral local al panista <b>Francisco Vega<\/b>.<\/p>\n<p>Esto ocurrir\u00e1 luego del conteo oficial de las actas de 1 mil 421 casillas a las que acudieron quiz\u00e1 unos 14 millones de bajacalifornianos que tambi\u00e9n le otorgaron al PAN las alcald\u00edas de Mexicali y Rosarito, as\u00ed como 10 de las 18 diputaciones en juego.<\/p>\n<p>Con ello no s\u00f3lo termina el sue\u00f1o pri\u00edsta de recuperar el primer estado perdido por el tricolor hace 24 a\u00f1os, sino con el predominio que le hab\u00edan dado los ciudadanos a este partido hace 3 a\u00f1os al darle la victoria en los 5 municipios del estado y en la mayor\u00eda de las diputaciones locales.<\/p>\n<p>Hoy el PRI se queda sin la gubernatura, \u00fanicamente con los municipios de Tijuana, Ensenada y Tecate y con 7 diputados. El golpe est\u00e1 dado.<\/p>\n<p>El conteo oficial en Baja California deja en claro que el arrebato del presidente del PRI, <b>C\u00e9sar Camacho<\/b>, al declarar ganador a <b>Fernando Castro Trenti<\/b> la tarde-noche del domingo pasado, no ten\u00eda sustento. Habr\u00eda que saber qui\u00e9n lo aceler\u00f3, lo oblig\u00f3 a salir a decir lo que dijo o qui\u00e9n o quienes lo enga\u00f1aron d\u00e1ndole cifras falsas.<\/p>\n<p>Hoy, al declarar el Instituto Electoral local ganador al panista Francisco Vega, no s\u00f3lo se fortalecer\u00e1 el liderazgo del chihuahuense <b>Gustavo Madero<\/b> al frente del PAN, sino la suspicacia de que hubo una concertacesi\u00f3n entre \u00e9ste y el presidente Enrique Pe\u00f1a Nieto, como parte de una negociaci\u00f3n para salvar al Pacto por M\u00e9xico y sacar adelante las reformas estructurales que faltan, entre ellas la hacendaria y fiscal y la energ\u00e9tica para permitir la inversi\u00f3n privada en Pemex y CFE.<\/p>\n<p>Con esa versi\u00f3n a cuestas, Vega ser\u00e1 un gobernador al que siempre se le recuerde como <b><i>\u201cproducto de un acuerdo en lo oscurito\u201d<\/i><\/b> entre Madero y Pe\u00f1a Nieto.<\/p>\n<p>Esa misma versi\u00f3n es la que salva a <b>Fernando Castro Trenti <\/b>de una derrota absoluta.<\/p>\n<p>Muchos pensar\u00e1n que perdi\u00f3 porque as\u00ed estaba escriturado en la <b><i>concertacesi\u00f3n<\/i><\/b> y no porque fuese un mal candidato.<\/p>\n<p>Lo anecd\u00f3tico del caso ser\u00e1 que Castro Trenti es el segundo ahijado pol\u00edtico de <b>Manlio Fabio Beltrones<\/b> que no llega a una gubernatura. El primero fue <b>Manuel A\u00f1orve<\/b> quien perdi\u00f3 en enero de 2011 frente al ex pri\u00edsta <b>\u00c1ngel Aguirre Rivero<\/b>, quien fue postulado por el PRD.<\/p>\n<p align=\"center\">\u00a0<b>MERO TR\u00c1MITE<\/b><\/p>\n<p>Mientras esto ocurre, el presidente del PRI, C\u00e9sar Camacho Quiroz y el candidato perdedor Castro Trenti esperar\u00e1n los resultados oficiales para hacer p\u00fablico su reconocimiento del triunfo del panista Vega de la Madrid.<\/p>\n<p>Pero como en los comicios del domingo tambi\u00e9n hubo elecciones en otros 13 estados, hoy tambi\u00e9n se conocer\u00e1 en cada uno de ellos c\u00f3mo quedar\u00e1 formalmente el reparto de 931 alcald\u00edas y 441 diputaciones locales.<\/p>\n<p>Y es que el domingo 7 pasado y con un padr\u00f3n sobre los 31 millones de posibles votantes, como Usted seguramente sabe, tambi\u00e9n hubo elecciones en Aguascalientes, Chihuahua, Coahuila, Durango, Hidalgo, Oaxaca, Puebla, Quintana Roo, Sinaloa, Tamaulipas, Tlaxcala, Veracruz y Zacatecas, as\u00ed como en un distrito de Sonora.<\/p>\n<p>Y como ayer me equivoqu\u00e9 en algunos de los resultados, hoy rectifico y le digo que en <b>Quintana Roo, como me lo hizo notar el tambi\u00e9n columnista<\/b> Joaqu\u00edn Quiroz Cervantes, el PRI se levant\u00f3 con el triunfo en las 10 alcald\u00edas para arrebatarle as\u00ed al PAN Isla Mujeres y Canc\u00fan al PRD.<\/p>\n<p>Y cierto, en Benito Ju\u00e1rez el sol azteca s\u00f3lo ha estado 5 a\u00f1os y algunos meses. En este estado el tricolor tambi\u00e9n se llev\u00f3 la mayor\u00eda en el Congreso local. El PRI no comparti\u00f3 posiciones, arras\u00f3.<\/p>\n<p>Y como en Quintana Roo, el tricolor tambi\u00e9n gana en estos comicios el control del PRI en <b>9 de 12 congresos en juego y triunfa en forma absoluta en<\/b> Durango e \u00a0Hidalgo.<\/p>\n<p>A pesar de no obtener el llamado carro completo en Veracruz, las posiciones alcanzadas en ese estado valen como si lo fuese. Sobre todo porque no s\u00f3lo gana en los 95 municipios m\u00e1s importantes, sino porque disminuye al m\u00ednimo al PAN pero sobre todo porque derrota de nuevo a su eterno y persistente enemigo Miguel \u00c1ngel Yunes Linares.<\/p>\n<p>Seguro que este hecho tiene con el champagne frio y en las manos al gobernador Javier Duarte, al ex gobernador Fidel Herrera\u2026 y ahora al presidente Enrique Pe\u00f1a Nieto, a quien el ex director del ISSSTE por poco y le hunde el Pacto por M\u00e9xico.<\/p>\n<p align=\"center\"><b>IMPACTANTE<\/b><\/p>\n<p>Sin duda tener de frente la imagen del hambre, es una de las experiencias m\u00e1s duras que cualquiera pueda vivir.<\/p>\n<p>Por ello la muestra fotogr\u00e1fica \u201cM\u00e9xico sin Hambre\u201d, abierta desde el lunes en la Plaza \u201cRicardo Legorreta\u201d del Centro Nacional de las Artes, atrajo la atenci\u00f3n de decenas sus visitantes.<\/p>\n<p>Esta muestra presenta la lacerante realidad de la pobreza extrema y carencia alimentaria que se vive hoy M\u00e9xico en las fotos que forman parte del acervo gr\u00e1fico de la Cruzada Nacional contra el Hambre que encabeza la maestra Rosario Robles al frente de la Sedesol.<\/p>\n<p>Cyntia, joven estudiante, dice haber experimentado sentimientos de tristeza, pero al mismo tiempo la necesidad de ayudar a los miles de mexicanos que viven en esas condiciones en las zonas rurales y urbanas.<\/p>\n<p>\u201cQuiero decir a los j\u00f3venes que no desperdiciemos lo mucho o poco que tenemos; podemos ayudar con ropa, agua o alimentos, que son las carencias que pude palpar en la mayor\u00eda de las im\u00e1genes.<\/p>\n<p>Hay personas que en verdad requieren nuestra ayuda y no podemos cerrar los ojos ante esta realidad.<\/p>\n<p>\u201cPara muchos la vida es tan f\u00e1cil como ir a la tienda a comprar lo que desean. Pero aqu\u00ed veo que la vida no es la misma para todas estas personas, que no cuentan con las tiendas cerca de sus domicilios, y mucho menos con el dinero que les permita satisfacer sus necesidades b\u00e1sicas de alimentaci\u00f3n\u201d, indic\u00f3.<\/p>\n<p>La exposici\u00f3n \u201cM\u00e9xico sin Hambre\u201d estar\u00e1 abierta hasta el 19 de julio, con horario de 10:00 a 18:00 horas. En el Concurso Nacional de Fotograf\u00eda \u201cM\u00e9xico sin Hambre\u201d participaron 456 artistas de la lente, con mil 507 im\u00e1genes.<\/p>\n<p align=\"center\">\u00a0<b>TURISMO DF<\/b><\/p>\n<p>Miguel \u00c1ngel Mancera, Jefe de Gobierno del DF, inici\u00f3 el Programa de Turismo Social 2013 \u201cSonrisas por tu Ciudad\u201d, que comprende visitas, recorridos, paseos por todo el DF y que atender\u00e1, hasta finales de agosto, a miles\u00a0 de ni\u00f1os, adultos mayores que as\u00ed conocer\u00e1n y reconocer\u00e1n su ciudad, a trav\u00e9s de caminar por las delegaciones y que los del norte visiten las del sur y los del oriente las del poniente y viceversa.<\/p>\n<p>\u201cMostraremos -dijo Mancera-, que nuestra ciudad no tiene fronteras\u201d y para ello ser\u00e1n puestos en operaci\u00f3n unos 100 autobuses de primera para que los capitalinos y otros paseantes recorran sitios de inter\u00e9s, monumentos o bosques.<\/p>\n<p>En compa\u00f1\u00eda de la representante de la Organizaci\u00f3n Internacional de Turismo Social de la UNESCO, Ver\u00f3nica G\u00f3mez, as\u00ed como de prestadores de servicios y gu\u00edas de turismo, hoteleros, jefes delegacionales y restauranteros el Jefe de Gobierno del DF precis\u00f3 que con todo este soporte no habr\u00e1 excusa para que los capitalinos no puedan conocer su ciudad y gozar este periodo vacacional de verano.<\/p>\n<p><em><a href=\"mailto:rvizcaino@gmail.com\" target=\"_blank\">rvizcaino@gmail.com<\/a><\/em><\/p>\n","protected":false},"excerpt":{"rendered":"<p><span style=\"color: #005497;\"><strong>Roberto Vizca\u00edno<\/strong><\/span><\/p>\n","protected":false},"author":3,"featured_media":139359,"comment_status":"open","ping_status":"open","sticky":false,"template":"","format":"standard","meta":{"_monsterinsights_skip_tracking":false,"_monsterinsights_sitenote_active":false,"_monsterinsights_sitenote_note":"","_monsterinsights_sitenote_category":0,"footnotes":""},"categories":[136],"tags":[36,43674,25488,93,94],"class_list":["post-139283","post","type-post","status-publish","format-standard","has-post-thumbnail","hentry","category-roberto-vizcaino-opinion","tag-baja-california","tag-opinion","tag-pacto-por-mexico","tag-roberto-vizcaino","tag-tras-la-puerta-del-poder"],"_links":{"self":[{"href":"https:\/\/www.diarioimagen.net\/index.php?rest_route=\/wp\/v2\/posts\/139283","targetHints":{"allow":["GET"]}}],"collection":[{"href":"https:\/\/www.diarioimagen.net\/index.php?rest_route=\/wp\/v2\/posts"}],"about":[{"href":"https:\/\/www.diarioimagen.net\/index.php?rest_route=\/wp\/v2\/types\/post"}],"author":[{"embeddable":true,"href":"https:\/\/www.diarioimagen.net\/index.php?rest_route=\/wp\/v2\/users\/3"}],"replies":[{"embeddable":true,"href":"https:\/\/www.diarioimagen.net\/index.php?rest_route=%2Fwp%2Fv2%2Fcomments&post=139283"}],"version-history":[{"count":0,"href":"https:\/\/www.diarioimagen.net\/index.php?rest_route=\/wp\/v2\/posts\/139283\/revisions"}],"wp:featuredmedia":[{"embeddable":true,"href":"https:\/\/www.diarioimagen.net\/index.php?rest_route=\/wp\/v2\/media\/139359"}],"wp:attachment":[{"href":"https:\/\/www.diarioimagen.net\/index.php?rest_route=%2Fwp%2Fv2%2Fmedia&parent=139283"}],"wp:term":[{"taxonomy":"category","embeddable":true,"href":"https:\/\/www.diarioimagen.net\/index.php?rest_route=%2Fwp%2Fv2%2Fcategories&post=139283"},{"taxonomy":"post_tag","embeddable":true,"href":"https:\/\/www.diarioimagen.net\/index.php?rest_route=%2Fwp%2Fv2%2Ftags&post=139283"}],"curies":[{"name":"wp","href":"https:\/\/api.w.org\/{rel}","templated":true}]}}