{"id":139292,"date":"2013-07-10T00:03:37","date_gmt":"2013-07-10T05:03:37","guid":{"rendered":"http:\/\/www.diarioimagen.net\/?p=139292"},"modified":"2013-07-10T03:21:55","modified_gmt":"2013-07-10T08:21:55","slug":"en-seis-meses-el-ejercito-capturo-4-mil-delincuentes","status":"publish","type":"post","link":"https:\/\/www.diarioimagen.net\/?p=139292","title":{"rendered":"En seis meses el Ej\u00e9rcito captur\u00f3 4 mil delincuentes"},"content":{"rendered":"<ul>\n<li><strong><em>En la lucha contra el narcotr\u00e1fico<\/em><\/strong><\/li>\n<\/ul>\n<div id=\"attachment_139373\" style=\"width: 250px\" class=\"wp-caption alignleft\"><a href=\"http:\/\/www.diarioimagen.net\/wp-content\/uploads\/2013\/07\/seguridad-ejercito-2138.jpg\"><img loading=\"lazy\" decoding=\"async\" aria-describedby=\"caption-attachment-139373\" class=\"size-medium wp-image-139373\" alt=\"La Secretar\u00eda de la Defensa Nacional emiti\u00f3 ayer un informe p\u00fablico.\" src=\"http:\/\/www.diarioimagen.net\/wp-content\/uploads\/2013\/07\/seguridad-ejercito-2138-240x159.jpg\" width=\"240\" height=\"159\" srcset=\"https:\/\/www.diarioimagen.net\/wp-content\/uploads\/2013\/07\/seguridad-ejercito-2138-240x159.jpg 240w, https:\/\/www.diarioimagen.net\/wp-content\/uploads\/2013\/07\/seguridad-ejercito-2138-420x279.jpg 420w, https:\/\/www.diarioimagen.net\/wp-content\/uploads\/2013\/07\/seguridad-ejercito-2138.jpg 500w\" sizes=\"auto, (max-width: 240px) 100vw, 240px\" \/><\/a><p id=\"caption-attachment-139373\" class=\"wp-caption-text\">La Secretar\u00eda de la Defensa Nacional emiti\u00f3 ayer un informe p\u00fablico.<\/p><\/div>\n<p>Durante la presente administraci\u00f3n federal, personal del Ej\u00e9rcito y Fuerza A\u00e9rea Mexicana detuvieron a m\u00e1s de 4 mil personas y aseguraron 17 aeronaves y 18 embarcaciones, como parte de la lucha contra el narcotr\u00e1fico que realiza la Secretar\u00eda de la Defensa Nacional (Sedena) .<\/p>\n<p>En un informe p\u00fablico, la dependencia se\u00f1al\u00f3 que del 1 de diciembre de 2012 al 22 de junio de este a\u00f1o, se captur\u00f3 a 4 mil 300 personas, de las cuales 3 mil 701 fue en el lapso del 1 de enero al 22 de junio pasados.<\/p>\n<p>Indic\u00f3 que en cuanto a las aeronaves, 13 fueron incautadas en lo que va de este a\u00f1o y cuatro en diciembre pasado, mientras que de las 18 embarcaciones, 15 fueron decomisadas del 1 de enero al 22 de junio y tres de ellas el primer mes de la administraci\u00f3n federal.<\/p>\n<p>Adem\u00e1s, del 1 de diciembre al 22 de junio de este a\u00f1o se aseguraron 111 pistas clandestinas, de las cuales 92 fueron ubicadas este a\u00f1o y 19 en diciembre pasado. En el informe se se\u00f1ala que en lo que va de esta administraci\u00f3n se decomisaron 399 mil 22 kilos de mariguana, 2 mil 142 kilos de semilla de la misma droga y se destruyeron 19 mil 213 plant\u00edos de la yerba en 2 mil 736 hect\u00e1reas.<\/p>\n<p>&nbsp;<\/p>\n","protected":false},"excerpt":{"rendered":"<p>Durante la presente administraci\u00f3n federal, personal del Ej\u00e9rcito y Fuerza A\u00e9rea Mexicana detuvieron a m\u00e1s de 4 mil personas y aseguraron 17 aeronaves y 18 embarcaciones, como parte de la lucha contra el narcotr\u00e1fico que realiza la Secretar\u00eda de la Defensa Nacional (Sedena) .<\/p>\n","protected":false},"author":3,"featured_media":139373,"comment_status":"open","ping_status":"open","sticky":false,"template":"","format":"standard","meta":{"_monsterinsights_skip_tracking":false,"_monsterinsights_sitenote_active":false,"_monsterinsights_sitenote_note":"","_monsterinsights_sitenote_category":0,"footnotes":""},"categories":[7],"tags":[16976,10206,706,43673,43677],"class_list":["post-139292","post","type-post","status-publish","format-standard","has-post-thumbnail","hentry","category-seguridad","tag-captura","tag-delincuentes","tag-ejercito","tag-nacional","tag-seguridad"],"_links":{"self":[{"href":"https:\/\/www.diarioimagen.net\/index.php?rest_route=\/wp\/v2\/posts\/139292","targetHints":{"allow":["GET"]}}],"collection":[{"href":"https:\/\/www.diarioimagen.net\/index.php?rest_route=\/wp\/v2\/posts"}],"about":[{"href":"https:\/\/www.diarioimagen.net\/index.php?rest_route=\/wp\/v2\/types\/post"}],"author":[{"embeddable":true,"href":"https:\/\/www.diarioimagen.net\/index.php?rest_route=\/wp\/v2\/users\/3"}],"replies":[{"embeddable":true,"href":"https:\/\/www.diarioimagen.net\/index.php?rest_route=%2Fwp%2Fv2%2Fcomments&post=139292"}],"version-history":[{"count":0,"href":"https:\/\/www.diarioimagen.net\/index.php?rest_route=\/wp\/v2\/posts\/139292\/revisions"}],"wp:featuredmedia":[{"embeddable":true,"href":"https:\/\/www.diarioimagen.net\/index.php?rest_route=\/wp\/v2\/media\/139373"}],"wp:attachment":[{"href":"https:\/\/www.diarioimagen.net\/index.php?rest_route=%2Fwp%2Fv2%2Fmedia&parent=139292"}],"wp:term":[{"taxonomy":"category","embeddable":true,"href":"https:\/\/www.diarioimagen.net\/index.php?rest_route=%2Fwp%2Fv2%2Fcategories&post=139292"},{"taxonomy":"post_tag","embeddable":true,"href":"https:\/\/www.diarioimagen.net\/index.php?rest_route=%2Fwp%2Fv2%2Ftags&post=139292"}],"curies":[{"name":"wp","href":"https:\/\/api.w.org\/{rel}","templated":true}]}}