{"id":139294,"date":"2013-07-10T00:03:25","date_gmt":"2013-07-10T05:03:25","guid":{"rendered":"http:\/\/www.diarioimagen.net\/?p=139294"},"modified":"2013-07-11T03:10:25","modified_gmt":"2013-07-11T08:10:25","slug":"esta-hermosa-ciudad-de-la-que-tanto-se-quejan","status":"publish","type":"post","link":"https:\/\/www.diarioimagen.net\/?p=139294","title":{"rendered":"Esta hermosa ciudad, de la que tanto se quejan"},"content":{"rendered":"<h2>Detr\u00e1s del Poder<\/h2>\n<h5>Jos\u00e9 Antonio L\u00f3pez Sosa<\/h5>\n<p><span><br \/>\nDe pronto al recorrer diversos puntos del pa\u00eds, nos encontramos con la pregunta recurrente al llegar a alg\u00fan otro lugar y presentarnos como provenientes de la capital: \u00bfQu\u00e9 tal la Ciudad de M\u00e9xico?<\/span><\/p>\n<p>En esa pregunta van impl\u00edcitas muchas respuestas de quienes la emiten. Si se trata de gente que naci\u00f3 en el Distrito Federal, quiz\u00e1 el hartazgo que los llev\u00f3 a salir de aqu\u00ed (el tr\u00e1nsito, la contaminaci\u00f3n, la criminalidad, etc.), si quien pregunta no es originario de la Ciudad de M\u00e9xico entonces se refiere al caos que desde su perspectiva representa esta gran urbe.<\/p>\n<p>Con tristeza noto que la mayor\u00eda de mis coterr\u00e1neos responde con el mismo hartazgo, como si fuese un pesar vivir en esta gran ciudad que nos ofrece a diario oportunidades sin igual a millones de mexicanos.<\/p>\n<p>La Ciudad de M\u00e9xico me parece uno de los lugares m\u00e1s bellos para nacer, para crecer, para estudiar, para desarrollarse profesionalmente y sobre todo, para disfrutarse d\u00eda con d\u00eda.<\/p>\n<p>Existe en efecto contaminaci\u00f3n ambiental, tr\u00e1nsito vehicular, criminalidad (en los niveles de cualquier otra urbe de estas dimensiones en el mundo), falta de responsabilidad en la clase pol\u00edtica que nos gobierna desde hace a\u00f1os, corrupci\u00f3n, en fin, si buscamos el \u00e1ngulo negativo en cualquier rinc\u00f3n podemos encontrarlo.<\/p>\n<p>El principal problema de la Ciudad de M\u00e9xico es el n\u00famero de personas que aqu\u00ed vivimos, m\u00e1s de 8 millones en el Distrito Federal y m\u00e1s de 13 en la zona conurbada del Estado de M\u00e9xico (donde los problemas son peores, por cierto).<\/p>\n<p>Luego entonces, si tanto se queja la gente de vivir aqu\u00ed, \u00bfqu\u00e9 sigue haciendo entre estas avenidas? tendiendo el pa\u00eds tantas otras ciudades en su territorio.<\/p>\n<p>Entre m\u00e1s tengo oportunidad de recorrer el pa\u00eds para hacer trabajo period\u00edstico, m\u00e1s me asombra la riqueza natural, cultural y humana que tiene nuestro M\u00e9xico y, m\u00e1s bella encuentro a la Ciudad de M\u00e9xico, m\u00e1s me convenzo que es el mejor lugar para vivir.<\/p>\n<p>Hace falta que fomentemos ese orgullo por ser de aqu\u00ed, de la \u201cCiudad de los Palacios\u201d, de esta urbe que ha marcado el centro no s\u00f3lo del pa\u00eds, sino del continente en muchos aspectos hist\u00f3ricos.<\/p>\n<p>\u00bfD\u00f3nde est\u00e1 el arraigo de qaqu\u00ed nacimos?, \u00bfd\u00f3nde est\u00e1 el amor por la tierra de uno?, \u00bfd\u00f3nde est\u00e1 el orgullo por vivir en la Ciudad de M\u00e9xico?<\/p>\n<p>Entre m\u00e1s puedo compartir a trav\u00e9s de estas l\u00edneas, a trav\u00e9s de las c\u00e1maras y micr\u00f3fonos los distintos rincones del pa\u00eds y de otras latitudes, m\u00e1s orgulloso me siento de haber nacido y crecido en esta Ciudad de M\u00e9xico, de vivir aqu\u00ed, aunque nos llamen \u201cchilangos\u201d, \u201cdefe\u00f1os\u201d o con cualquier otro gentilicio que no existe.<\/p>\n<p>\u00bfPor qu\u00e9 no sentirnos orgullosos de esta gran ciudad que tanto nos da un d\u00eda tras el otro?<\/p>\n<p><em><a href=\"mailto:lopez.sosa@mexico.com\" target=\"_blank\">lopez.sosa@mexico.com<\/a><\/em><br \/>\n<em><a href=\"http:\/\/twitter.com\/#%21\/joseantonio1977\" target=\"_blank\">@joseantonio1977<br \/>\n<\/a><\/em><em><a href=\"http:\/\/www.formulaconfidencial.com.mx\/\" target=\"_blank\">www.formulaconfidencial.com.mx<\/a><\/em><\/p>\n","protected":false},"excerpt":{"rendered":"<p><span style=\"color: #005497;\"><strong>Jos\u00e9 Antonio L\u00f3pez Sosa<\/strong><\/span><\/p>\n","protected":false},"author":3,"featured_media":0,"comment_status":"open","ping_status":"open","sticky":false,"template":"","format":"standard","meta":{"_monsterinsights_skip_tracking":false,"_monsterinsights_sitenote_active":false,"_monsterinsights_sitenote_note":"","_monsterinsights_sitenote_category":0,"footnotes":""},"categories":[637],"tags":[204,638,39,43690,43674],"class_list":["post-139294","post","type-post","status-publish","format-standard","hentry","category-jose-antonio-lopez-sosa","tag-ciudad-de-mexico","tag-detras-del-poder","tag-distrito-federal","tag-jose-antonio-lopez-sosa","tag-opinion"],"_links":{"self":[{"href":"https:\/\/www.diarioimagen.net\/index.php?rest_route=\/wp\/v2\/posts\/139294","targetHints":{"allow":["GET"]}}],"collection":[{"href":"https:\/\/www.diarioimagen.net\/index.php?rest_route=\/wp\/v2\/posts"}],"about":[{"href":"https:\/\/www.diarioimagen.net\/index.php?rest_route=\/wp\/v2\/types\/post"}],"author":[{"embeddable":true,"href":"https:\/\/www.diarioimagen.net\/index.php?rest_route=\/wp\/v2\/users\/3"}],"replies":[{"embeddable":true,"href":"https:\/\/www.diarioimagen.net\/index.php?rest_route=%2Fwp%2Fv2%2Fcomments&post=139294"}],"version-history":[{"count":0,"href":"https:\/\/www.diarioimagen.net\/index.php?rest_route=\/wp\/v2\/posts\/139294\/revisions"}],"wp:attachment":[{"href":"https:\/\/www.diarioimagen.net\/index.php?rest_route=%2Fwp%2Fv2%2Fmedia&parent=139294"}],"wp:term":[{"taxonomy":"category","embeddable":true,"href":"https:\/\/www.diarioimagen.net\/index.php?rest_route=%2Fwp%2Fv2%2Fcategories&post=139294"},{"taxonomy":"post_tag","embeddable":true,"href":"https:\/\/www.diarioimagen.net\/index.php?rest_route=%2Fwp%2Fv2%2Ftags&post=139294"}],"curies":[{"name":"wp","href":"https:\/\/api.w.org\/{rel}","templated":true}]}}