{"id":139313,"date":"2013-07-10T00:02:58","date_gmt":"2013-07-10T05:02:58","guid":{"rendered":"http:\/\/www.diarioimagen.net\/?p=139313"},"modified":"2013-07-11T03:12:11","modified_gmt":"2013-07-11T08:12:11","slug":"se-acabo-la-luna-de-miel","status":"publish","type":"post","link":"https:\/\/www.diarioimagen.net\/?p=139313","title":{"rendered":"Se acab\u00f3 la luna de miel"},"content":{"rendered":"<h2>Acta P\u00fablica<\/h2>\n<h5>Claudia Rodr\u00edguez<\/h5>\n<p><span><br \/>\nLuego de los escenarios post electorales dibujados en las 14 entidades en las que el domingo pasado se celebraron comicios, bien podr\u00edamos definir el rumbo que seguir\u00e1 de aqu\u00ed en adelante el Pacto por M\u00e9xico signado por el gobierno federal y los partidos pol\u00edticos.<\/span><\/p>\n<p>El hecho es que todo este asunto se gest\u00f3 como un noviazgo entre entidades con muy diferentes valores e ideolog\u00edas.<\/p>\n<p>Sobre todo la parte que se sinti\u00f3 cortejada, pese a que hab\u00eda voces que con honestidad y valent\u00eda les advert\u00edan que aquella relaci\u00f3n no les conven\u00eda y que al final les har\u00eda sufrir, las atenciones y el trato fue tal, que cayeron como verdaderos enamorados: No pudieron, ni quisieron ver los defectos de quienes los sedujeron.<\/p>\n<p>As\u00ed ellos mismos, defin\u00edan su futuro y otros lo auguraban como r\u00edspido y hasta rid\u00edculo.<\/p>\n<p>Tras el enamoramiento, el noviazgo entre los partidos pol\u00edticos y el gobierno federal que realizaron un pacto para sacar adelante un paquete de reformas en el pa\u00eds, nadie supo en qu\u00e9 momento se fugaron y contrajeron matrimonio, o tal vez no.<\/p>\n<p>Pero el hecho es que parec\u00edan todos, lunamieleros.<\/p>\n<p>Sin embargo, el domingo anterior, vino el primer gran desenga\u00f1o de los partidos Acci\u00f3n Nacional y de la Revoluci\u00f3n Democr\u00e1tica por el gobierno federal, \u00a0aunque honestamente ellos saben que antes hubo muchos m\u00e1s sinsabores a los que pusieron o\u00eddos sordos y ojos ciegos.<\/p>\n<p>Pero el Pacto por M\u00e9xico, es.<\/p>\n<p>As\u00ed que no se trata de aqu\u00ed nadie acord\u00f3 nada.\u00a0 Todos tienen sus derechos y sus obligaciones y empezar\u00e1 aunque en tono bajo, a gestarse ya la cena de negros que veremos en su primer tiempo en las elecciones intermedias y que realmente terminar\u00e1n denost\u00e1ndose unos a otros ya en los meses previos en que se elija presidente de la Rep\u00fablica en el 2018.<\/p>\n<p><b><i>Acta Divina\u2026<\/i><\/b> Gustavo Madero, dirigente de los panistas rechaz\u00f3 que el Pacto por M\u00e9xico est\u00e9 congelado, sin embargo advirti\u00f3 que tras las elecciones de este 7 de julio, cambiaron las condiciones para arribar a acuerdos al interior del Consejo Rector del mismo.<\/p>\n<p>En tanto, Jes\u00fas Zambrano, dirigente nacional del Partido de la Revoluci\u00f3n Democr\u00e1tica ( PRD), declar\u00f3 antes de los comicios: \u201cYo no dije, por lo menos no lo quise decir, que declar\u00e1bamos un\u00a0receso hasta despu\u00e9s del d\u00eda 7 en los trabajos del Pacto\u201d,<\/p>\n<p><b><i>Para advertir\u2026<\/i><\/b> S\u00ed, la luna de miel termin\u00f3 y empieza la relaci\u00f3n r\u00edspida y de llenar el costal.<\/p>\n<p><em><a href=\"mailto:actapublica@gmail.com\" target=\"_blank\">actapublica@gmail.com<\/a><\/em><\/p>\n","protected":false},"excerpt":{"rendered":"<p><span style=\"color: #005497;\"><strong>Claudia Rodr\u00edguez<\/strong><\/span><\/p>\n","protected":false},"author":3,"featured_media":0,"comment_status":"open","ping_status":"open","sticky":false,"template":"","format":"standard","meta":{"_monsterinsights_skip_tracking":false,"_monsterinsights_sitenote_active":false,"_monsterinsights_sitenote_note":"","_monsterinsights_sitenote_category":0,"footnotes":""},"categories":[1281],"tags":[43674,25488],"class_list":["post-139313","post","type-post","status-publish","format-standard","hentry","category-claudia-rodriguez","tag-opinion","tag-pacto-por-mexico"],"_links":{"self":[{"href":"https:\/\/www.diarioimagen.net\/index.php?rest_route=\/wp\/v2\/posts\/139313","targetHints":{"allow":["GET"]}}],"collection":[{"href":"https:\/\/www.diarioimagen.net\/index.php?rest_route=\/wp\/v2\/posts"}],"about":[{"href":"https:\/\/www.diarioimagen.net\/index.php?rest_route=\/wp\/v2\/types\/post"}],"author":[{"embeddable":true,"href":"https:\/\/www.diarioimagen.net\/index.php?rest_route=\/wp\/v2\/users\/3"}],"replies":[{"embeddable":true,"href":"https:\/\/www.diarioimagen.net\/index.php?rest_route=%2Fwp%2Fv2%2Fcomments&post=139313"}],"version-history":[{"count":0,"href":"https:\/\/www.diarioimagen.net\/index.php?rest_route=\/wp\/v2\/posts\/139313\/revisions"}],"wp:attachment":[{"href":"https:\/\/www.diarioimagen.net\/index.php?rest_route=%2Fwp%2Fv2%2Fmedia&parent=139313"}],"wp:term":[{"taxonomy":"category","embeddable":true,"href":"https:\/\/www.diarioimagen.net\/index.php?rest_route=%2Fwp%2Fv2%2Fcategories&post=139313"},{"taxonomy":"post_tag","embeddable":true,"href":"https:\/\/www.diarioimagen.net\/index.php?rest_route=%2Fwp%2Fv2%2Ftags&post=139313"}],"curies":[{"name":"wp","href":"https:\/\/api.w.org\/{rel}","templated":true}]}}