{"id":139317,"date":"2013-07-10T00:01:02","date_gmt":"2013-07-10T05:01:02","guid":{"rendered":"http:\/\/www.diarioimagen.net\/?p=139317"},"modified":"2013-07-10T03:18:50","modified_gmt":"2013-07-10T08:18:50","slug":"pacto-y-cochinero-electoral","status":"publish","type":"post","link":"https:\/\/www.diarioimagen.net\/?p=139317","title":{"rendered":"Pacto y cochinero electoral"},"content":{"rendered":"<h2>Pol\u00edtica Spot<\/h2>\n<h5>Juan Manuel Maga\u00f1a<\/h5>\n<p><span><br \/>\nDec\u00edamos que las elecciones de este a\u00f1o fueron ya un asco. Y adem\u00e1s exhiben perfectamente -m\u00e1s all\u00e1 de las campa\u00f1as y los resultados- c\u00f3mo los partidos no est\u00e1n de veras en lo suyo.<\/span><\/p>\n<p>Era para que en este momento reclamaran abrir la agenda legislativa para procesar la reforma pol\u00edtica antes que ninguna otra.<\/p>\n<p>Pero no. Se les ve bastante acomodados a todos en la pocilga electoral. Chicos y grandes, ah\u00ed est\u00e1n bien acurrucados, aunque antes se disputen a tarascadas las sobras.<\/p>\n<p>Dice Enrique Pe\u00f1a Nieto que estas elecciones dejaron \u201cclaro que hay espacios de oportunidad para perfeccionar la democracia, mejorando nuestro marco normativo e institucional\u201d.<\/p>\n<p>Por eso tambi\u00e9n estima que se debe avanzar en las reformas que requiere el pa\u00eds, por lo cual se pronunci\u00f3 por retomar la construcci\u00f3n de acuerdos.<\/p>\n<p>Es claro que est\u00e1 diciendo a los participantes que las elecciones ya pasaron y que hay que ir a lo que sigue, a las reformas, al Pacto.<\/p>\n<p>Ojal\u00e1 est\u00e9 pensando tambi\u00e9n con urgencia y seriedad en la reforma a fondo de la pol\u00edtica y las instituciones.<\/p>\n<p>Lo que pasa es grave. Hablamos de una bomba de tiempo.<\/p>\n<p>El dif\u00edcil momento que vive el pa\u00eds estriba en los niveles de violencia existentes, el crecimiento de la inconformidad social por la econom\u00eda y la corrupci\u00f3n, los agravios contra sectores de la poblaci\u00f3n ofendidos por la desigualdad, la pobreza, la marginaci\u00f3n, el desempleo, la dependencia en el frente externo, la crisis de los sistemas p\u00fablicos de salud y educaci\u00f3n, la inseguridad, entre otros.<\/p>\n<p>Se trata de problemas largamente acumulados dentro de un recipiente de presi\u00f3n. Si a eso le agregamos que las elecciones no est\u00e1n permitiendo que los ciudadanos escojan con libertad a sus gobernantes ni que se canalicen por v\u00edas pac\u00edficas los conflictos y la inconformidad, esto muy pronto va a reventar.<\/p>\n<p>Pe\u00f1a llam\u00f3 a los partidos y actores pol\u00edticos que participaron en los 14 procesos electorales realizados el domingo a acatar la decisi\u00f3n ciudadana expresada en las urnas, pues \u201cen toda democracia hay ganadores y quienes no son favorecidos por la mayor\u00eda\u201d.<\/p>\n<p>Ojal\u00e1 que lo hagan ya. Si tienen dudas que se echen un volado, puesto que a la gente no le importa qui\u00e9n de ellos quede si lo que quieren es s\u00f3lo poder y presupuestos, no servir.<\/p>\n<p>Pero que se pongan a trabajar ya en darle urgente ox\u00edgeno a una democracia moribunda, si es como dicen que todav\u00eda existe.<\/p>\n<p>El propio Pe\u00f1a dijo que su gobierno mantiene la invariable disposici\u00f3n por continuar el di\u00e1logo y los acuerdos con las fuerzas pol\u00edticas, \u201ccon la finalidad de concretar las reformas que nos permitan tanto consolidar nuestra democracia como acelerar el desarrollo de M\u00e9xico\u201d.<\/p>\n<p>\u00bfQui\u00e9n dice \u00f3rale? \u00bfQui\u00e9n dice yo? No le saquen.<\/p>\n<p><em><a href=\"mailto: maganapalace@yahoo.com.mx\" target=\"_blank\">maganapalace@yahoo.com.mx<\/a><\/em><\/p>\n","protected":false},"excerpt":{"rendered":"<p><span style=\"color: #005497;\"><strong>Juan Manuel Maga\u00f1a<\/strong><\/span><\/p>\n","protected":false},"author":3,"featured_media":0,"comment_status":"open","ping_status":"open","sticky":false,"template":"","format":"standard","meta":{"_monsterinsights_skip_tracking":false,"_monsterinsights_sitenote_active":false,"_monsterinsights_sitenote_note":"","_monsterinsights_sitenote_category":0,"footnotes":""},"categories":[22905],"tags":[18,43709,43674,22904],"class_list":["post-139317","post","type-post","status-publish","format-standard","hentry","category-juan-manuel-magana","tag-enrique-pena-nieto","tag-juan-manuel-magana","tag-opinion","tag-politica-spot"],"_links":{"self":[{"href":"https:\/\/www.diarioimagen.net\/index.php?rest_route=\/wp\/v2\/posts\/139317","targetHints":{"allow":["GET"]}}],"collection":[{"href":"https:\/\/www.diarioimagen.net\/index.php?rest_route=\/wp\/v2\/posts"}],"about":[{"href":"https:\/\/www.diarioimagen.net\/index.php?rest_route=\/wp\/v2\/types\/post"}],"author":[{"embeddable":true,"href":"https:\/\/www.diarioimagen.net\/index.php?rest_route=\/wp\/v2\/users\/3"}],"replies":[{"embeddable":true,"href":"https:\/\/www.diarioimagen.net\/index.php?rest_route=%2Fwp%2Fv2%2Fcomments&post=139317"}],"version-history":[{"count":0,"href":"https:\/\/www.diarioimagen.net\/index.php?rest_route=\/wp\/v2\/posts\/139317\/revisions"}],"wp:attachment":[{"href":"https:\/\/www.diarioimagen.net\/index.php?rest_route=%2Fwp%2Fv2%2Fmedia&parent=139317"}],"wp:term":[{"taxonomy":"category","embeddable":true,"href":"https:\/\/www.diarioimagen.net\/index.php?rest_route=%2Fwp%2Fv2%2Fcategories&post=139317"},{"taxonomy":"post_tag","embeddable":true,"href":"https:\/\/www.diarioimagen.net\/index.php?rest_route=%2Fwp%2Fv2%2Ftags&post=139317"}],"curies":[{"name":"wp","href":"https:\/\/api.w.org\/{rel}","templated":true}]}}