{"id":139525,"date":"2013-07-11T00:03:21","date_gmt":"2013-07-11T05:03:21","guid":{"rendered":"http:\/\/www.diarioimagen.net\/?p=139525"},"modified":"2013-07-12T02:11:00","modified_gmt":"2013-07-12T07:11:00","slug":"la-dinastia-gomez-del-campo","status":"publish","type":"post","link":"https:\/\/www.diarioimagen.net\/?p=139525","title":{"rendered":"La dinast\u00eda G\u00f3mez del Campo"},"content":{"rendered":"<h2>Detr\u00e1s del Poder<\/h2>\n<h5>Jos\u00e9 Antonio L\u00f3pez Sosa<\/h5>\n<p><span><br \/>\n\u00bfD\u00f3nde qued\u00f3 aquel Partido Acci\u00f3n Nacional (PAN) que denunciaba los actos de nepotismo del pri\u00edsmo en el viejo r\u00e9gimen?, \u00bfd\u00f3nde qued\u00f3 el PAN que denunciaba con toda raz\u00f3n la mezquindad y nepotismo de Ren\u00e9 Bejarano, su hermano Elio Bejarano, su esposa Dolores Padierna y dem\u00e1s casos parecidos en el PRD y las izquierdas?, tal vez enterrado en un libro de historia que pronto formar\u00e1 parte del texto gratuito para los estudiantes del pa\u00eds.<\/span><\/p>\n<p>Uno de los principales problemas del PAN ha sido el adoptar las mismas pr\u00e1cticas que le critic\u00f3 por d\u00e9cadas al PRI, una de ellas el nepotismo.<\/p>\n<p>Resulta ser que en la administraci\u00f3n federal de Felipe Calder\u00f3n (2006-2012), su esposa y primera dama, Margarita Zavala G\u00f3mez del Campo, impuls\u00f3 a su sobrina para hacer carrera pol\u00edtica, nada m\u00e1s ni nada menos que a Mariana G\u00f3mez del Campo, joven sin mucha experiencia que lleg\u00f3 a la Asamblea Legislativa del Distrito Federal con todo el apoyo que conlleva en un sistema pol\u00edtico podrido, ser sobrina pol\u00edtica del presidente en turno. Quien no me crea voltee a la realidad hoy d\u00eda: Mariana G\u00f3mez del Campo es senadora de la Rep\u00fablica por designaci\u00f3n presidencial (de Felipe Calder\u00f3n), al haber sido incluida por dedazo en las listas plurinominales (al igual que la hermana de Calder\u00f3n, Luisa Mar\u00eda, mejor conocida como \u201cCocoa\u201d).<\/p>\n<p>Como el nepotismo es vertical, as\u00ed como subi\u00f3 de esca\u00f1o Mariana G\u00f3mez del Campo, ella impuls\u00f3 a su hermano Gabriel G\u00f3mez del Campo para que obtuviera un puesto en la Asamblea Legislativa del Distrito Federal, actualmente es diputado local.<\/p>\n<p>Ahora bien, \u00bfqu\u00e9 experiencia tiene Gabriel G\u00f3mez del Campo para ser legislador capitalino?, de acuerdo a su CV expuesto p\u00fablicamente en la p\u00e1gina electr\u00f3nica de la ALDF es: \u201c2002-2009. Notar\u00edas 6, 89, 74 del Distrito Federal. Cargo: Pasante\/Abogado. 2009-2010. Delegaci\u00f3n Cuajimalpa de Morelos. Cargo: Asesor. 2010-2012. Asesor y Capacitador Independiente. Cargo: Asesor\/ Independiente\u201d.<\/p>\n<p>El problema no es su edad, sino su nexo con Mariana G\u00f3mez del Campo y su profunda inexperiencia pol\u00edtica, \u00bfqu\u00e9 no hay m\u00e1s militantes valiosos en Acci\u00f3n Nacional para ocupar curules en la Asamblea Legislativa?, Jorge Triana Tena, Obdulio \u00c1vila Mayo, Francisco Moreno Torres, Jos\u00e9 Luis Nieves, entre otros que conocen la ciudad de M\u00e9xico y llevan a\u00f1os militando en el PAN, gente valiosa que por un lado, ayudar\u00eda con su experiencia al DF, y por otro, evitar\u00eda que el nepotismo lleve a\u00fan m\u00e1s a la ruina al PAN.<\/p>\n<p>Parte del PAN est\u00e1 convertido en una monarqu\u00eda por lazos familiares o por compadrazgos de la administraci\u00f3n anterior. La liga entre Mauricio Tabe, Jorge Herrera y Mariana G\u00f3mez del Campo tiene a esta fuerza pol\u00edtica en el Distrito Federal al borde del colapso. M\u00e1s all\u00e1 de los asuntos de \u00edndole privada que existieron entre Herrera y G\u00f3mez del Campo, dicha cercan\u00eda que existi\u00f3, pareciera perdurar en lo pol\u00edtico para mantener el control. \u00a1Lamentable!<\/p>\n<p><em><a href=\"mailto:lopez.sosa@mexico.com\" target=\"_blank\">lopez.sosa@mexico.com<\/a><\/em><br \/>\n<em><a href=\"http:\/\/twitter.com\/#%21\/joseantonio1977\" target=\"_blank\">@joseantonio1977<br \/>\n<\/a><\/em><em><a href=\"http:\/\/www.formulaconfidencial.com.mx\/\" target=\"_blank\">www.formulaconfidencial.com.mx<\/a><\/em><\/p>\n","protected":false},"excerpt":{"rendered":"<p><span style=\"color: #005497;\"><strong>Jos\u00e9 Antonio L\u00f3pez Sosa<\/strong><\/span><\/p>\n","protected":false},"author":3,"featured_media":0,"comment_status":"open","ping_status":"open","sticky":false,"template":"","format":"standard","meta":{"_monsterinsights_skip_tracking":false,"_monsterinsights_sitenote_active":false,"_monsterinsights_sitenote_note":"","_monsterinsights_sitenote_category":0,"footnotes":""},"categories":[637],"tags":[638,43690,43674,91,982],"class_list":["post-139525","post","type-post","status-publish","format-standard","hentry","category-jose-antonio-lopez-sosa","tag-detras-del-poder","tag-jose-antonio-lopez-sosa","tag-opinion","tag-pan","tag-partido-accion-nacional"],"_links":{"self":[{"href":"https:\/\/www.diarioimagen.net\/index.php?rest_route=\/wp\/v2\/posts\/139525","targetHints":{"allow":["GET"]}}],"collection":[{"href":"https:\/\/www.diarioimagen.net\/index.php?rest_route=\/wp\/v2\/posts"}],"about":[{"href":"https:\/\/www.diarioimagen.net\/index.php?rest_route=\/wp\/v2\/types\/post"}],"author":[{"embeddable":true,"href":"https:\/\/www.diarioimagen.net\/index.php?rest_route=\/wp\/v2\/users\/3"}],"replies":[{"embeddable":true,"href":"https:\/\/www.diarioimagen.net\/index.php?rest_route=%2Fwp%2Fv2%2Fcomments&post=139525"}],"version-history":[{"count":0,"href":"https:\/\/www.diarioimagen.net\/index.php?rest_route=\/wp\/v2\/posts\/139525\/revisions"}],"wp:attachment":[{"href":"https:\/\/www.diarioimagen.net\/index.php?rest_route=%2Fwp%2Fv2%2Fmedia&parent=139525"}],"wp:term":[{"taxonomy":"category","embeddable":true,"href":"https:\/\/www.diarioimagen.net\/index.php?rest_route=%2Fwp%2Fv2%2Fcategories&post=139525"},{"taxonomy":"post_tag","embeddable":true,"href":"https:\/\/www.diarioimagen.net\/index.php?rest_route=%2Fwp%2Fv2%2Ftags&post=139525"}],"curies":[{"name":"wp","href":"https:\/\/api.w.org\/{rel}","templated":true}]}}