{"id":139531,"date":"2013-07-11T00:02:40","date_gmt":"2013-07-11T05:02:40","guid":{"rendered":"http:\/\/www.diarioimagen.net\/?p=139531"},"modified":"2013-07-12T02:15:15","modified_gmt":"2013-07-12T07:15:15","slug":"mas-real-imposible","status":"publish","type":"post","link":"https:\/\/www.diarioimagen.net\/?p=139531","title":{"rendered":"M\u00e1s real, imposible"},"content":{"rendered":"<h2>Acta P\u00fablica<\/h2>\n<h5>Claudia Rodr\u00edguez<\/h5>\n<p><span><br \/>\nNo todo lo que aparece en la Web es real, es una sentencia que es muy com\u00fan escuchar por otros y tambi\u00e9n por nosotros mismos.\u00a0 Pero hoy replico aqu\u00ed un mensaje que lleg\u00f3 a mi correo electr\u00f3nico y que no es la primera vez que lo leo.<\/span><\/p>\n<p>No por esto deja de ser importante y tan actual, asunto que lo hace a\u00fan m\u00e1s penoso.<\/p>\n<p>\u201c\u00bfVas a tener relaciones sexuales?&#8230; El gobierno te facilita los preservativos.\u00a0 \u00bfYa las tuviste?&#8230; El gobierno te ofrece la p\u00edldora del d\u00eda despu\u00e9s.\u00a0\u00a0 \u00bfHas quedado embarazada?&#8230;\u00a0 A trav\u00e9s del Seguro Popular el gobierno garantiza el consultorio, el obstetra, la trabajadora social y las vitaminas para el embarazo.\u00a0\u00a0 \u00bfTuviste al ni\u00f1o?&#8230;\u00a0 El gobierno te regala el parto, la leche para el beb\u00e9 y un ajuar completo, luego la ayuda econ\u00f3mica,\u00a0la guarder\u00eda y el jard\u00edn infantil.\u00a0\u00bfEst\u00e1s desempleado(a)?&#8230;\u00a0 El gobierno te paga seguro de desempleo.\u00a0 \u00bfEres vago y no te gusta trabajar?&#8230; El gobierno te concede una ayuda (Oportunidades), becas para tus hijos y una vivienda de inter\u00e9s social en la que tendr\u00e1s subsidios por los servicios b\u00e1sicos (agua, luz,&#8230;).\u00a0 \u00bfEres alcoh\u00f3lico?&#8230; El gobierno te atiende a trav\u00e9s del servicio de salud.\u00a0 \u00bfEres drogadicto?&#8230;\u00a0 El gobierno te proporciona asistencia en centros especializados.\u00a0 \u00bfEres un inadaptado?&#8230;\u00a0 El gobierno vela por tu integraci\u00f3n social, con inversiones en proyectos sociales.\u00a0 Despu\u00e9s de mucho dinero gastado en ti: \u00bfT\u00fa sigues destruyendo a la sociedad, delinques, la riegas y vas a la c\u00e1rcel?&#8230;\u00a0\u00a0 El gobierno te mantiene mientras est\u00e1s dentro y\u00a0 da ayuda social para tu familia y para cuando salgas\u00a0te dar\u00e1 asistencia de reinserci\u00f3n social antes que\u00a0\u2028buscar trabajo y puedas as\u00ed seguir, en su caso, delinquiendo. \u00a1Ahora prueba a estudiar, trabajar, producir y lee que ocurre!<\/p>\n<p>El gobierno te sube la matr\u00edcula escolar, los impuestos, la tasa de inter\u00e9s, el IVA, los medicamentos, la gasolina, la electricidad para cubrir claro, entre otros, gran parte de lo que se necesita a quienes viven de la ayuda gubernamental!\u201d.<\/p>\n<p>Todo lo anterior pudiera tener su lado de comicidad, sin embargo no es un chiste tener que pagar las cuentas para avanzar y que las cosas cada vez sean m\u00e1s dif\u00edciles, al grado incluso de que seg\u00fan lo apuntalan estudios serios en el ramo:\u00a0 A mayor preparaci\u00f3n escolar y profesional, menores oportunidades de encontrar empleo.<\/p>\n<p>El mensaje arriba anotado y ya del conocimiento de muchos con anterioridad reza como moraleja que m\u00e1s vale ser lacra social, que ente productivo de la sociedad: \u00bfSer\u00e1?<\/p>\n<p><b><em>Acta Divina<\/em>\u2026<\/b> \u00a0Como candidato a la presidencia Enrique Pe\u00f1a Nieto advirti\u00f3 que los programas asistenciales requer\u00edan transitar a programas productivos.<\/p>\n<p><b><i>Para advertir\u2026<\/i><\/b>\u00a0Los tecnocazadores de mexicanos operan ya en la frontera M\u00e9xico-Estados Unidos.<\/p>\n<p><em><a href=\"mailto:actapublica@gmail.com\" target=\"_blank\">actapublica@gmail.com<\/a><\/em><\/p>\n","protected":false},"excerpt":{"rendered":"<p><span style=\"color: #005497;\"><strong>Claudia Rodr\u00edguez<\/strong><\/span><\/p>\n","protected":false},"author":3,"featured_media":0,"comment_status":"open","ping_status":"open","sticky":false,"template":"","format":"standard","meta":{"_monsterinsights_skip_tracking":false,"_monsterinsights_sitenote_active":false,"_monsterinsights_sitenote_note":"","_monsterinsights_sitenote_category":0,"footnotes":""},"categories":[1281],"tags":[18,43674],"class_list":["post-139531","post","type-post","status-publish","format-standard","hentry","category-claudia-rodriguez","tag-enrique-pena-nieto","tag-opinion"],"_links":{"self":[{"href":"https:\/\/www.diarioimagen.net\/index.php?rest_route=\/wp\/v2\/posts\/139531","targetHints":{"allow":["GET"]}}],"collection":[{"href":"https:\/\/www.diarioimagen.net\/index.php?rest_route=\/wp\/v2\/posts"}],"about":[{"href":"https:\/\/www.diarioimagen.net\/index.php?rest_route=\/wp\/v2\/types\/post"}],"author":[{"embeddable":true,"href":"https:\/\/www.diarioimagen.net\/index.php?rest_route=\/wp\/v2\/users\/3"}],"replies":[{"embeddable":true,"href":"https:\/\/www.diarioimagen.net\/index.php?rest_route=%2Fwp%2Fv2%2Fcomments&post=139531"}],"version-history":[{"count":0,"href":"https:\/\/www.diarioimagen.net\/index.php?rest_route=\/wp\/v2\/posts\/139531\/revisions"}],"wp:attachment":[{"href":"https:\/\/www.diarioimagen.net\/index.php?rest_route=%2Fwp%2Fv2%2Fmedia&parent=139531"}],"wp:term":[{"taxonomy":"category","embeddable":true,"href":"https:\/\/www.diarioimagen.net\/index.php?rest_route=%2Fwp%2Fv2%2Fcategories&post=139531"},{"taxonomy":"post_tag","embeddable":true,"href":"https:\/\/www.diarioimagen.net\/index.php?rest_route=%2Fwp%2Fv2%2Ftags&post=139531"}],"curies":[{"name":"wp","href":"https:\/\/api.w.org\/{rel}","templated":true}]}}