{"id":139702,"date":"2013-07-12T00:02:51","date_gmt":"2013-07-12T05:02:51","guid":{"rendered":"http:\/\/www.diarioimagen.net\/?p=139702"},"modified":"2013-07-15T03:29:34","modified_gmt":"2013-07-15T08:29:34","slug":"de-adolescentes-16-de-los-nacimientos","status":"publish","type":"post","link":"https:\/\/www.diarioimagen.net\/?p=139702","title":{"rendered":"De adolescentes, 16%  de los nacimientos"},"content":{"rendered":"<ul>\n<li><strong><em>El Conapo afirma que entre este a\u00f1o y 2030 los embarazos entre este grupo social tendr\u00e1 reducci\u00f3n poco significativa<\/em><\/strong><\/li>\n<\/ul>\n<div id=\"attachment_139726\" style=\"width: 250px\" class=\"wp-caption alignleft\"><a href=\"http:\/\/www.diarioimagen.net\/wp-content\/uploads\/2013\/07\/EMBARAZOS-2140.jpg\"><img loading=\"lazy\" decoding=\"async\" aria-describedby=\"caption-attachment-139726\" class=\"size-medium wp-image-139726\" alt=\"Una parte importante de los embarazos corresponde a mujeres de entre 15 y 19 a\u00f1os de edad.\" src=\"http:\/\/www.diarioimagen.net\/wp-content\/uploads\/2013\/07\/EMBARAZOS-2140-240x135.jpg\" width=\"240\" height=\"135\" srcset=\"https:\/\/www.diarioimagen.net\/wp-content\/uploads\/2013\/07\/EMBARAZOS-2140-240x135.jpg 240w, https:\/\/www.diarioimagen.net\/wp-content\/uploads\/2013\/07\/EMBARAZOS-2140-420x236.jpg 420w, https:\/\/www.diarioimagen.net\/wp-content\/uploads\/2013\/07\/EMBARAZOS-2140-235x132.jpg 235w, https:\/\/www.diarioimagen.net\/wp-content\/uploads\/2013\/07\/EMBARAZOS-2140-202x114.jpg 202w, https:\/\/www.diarioimagen.net\/wp-content\/uploads\/2013\/07\/EMBARAZOS-2140-350x196.jpg 350w, https:\/\/www.diarioimagen.net\/wp-content\/uploads\/2013\/07\/EMBARAZOS-2140-220x123.jpg 220w, https:\/\/www.diarioimagen.net\/wp-content\/uploads\/2013\/07\/EMBARAZOS-2140-237x132.jpg 237w, https:\/\/www.diarioimagen.net\/wp-content\/uploads\/2013\/07\/EMBARAZOS-2140.jpg 480w\" sizes=\"auto, (max-width: 240px) 100vw, 240px\" \/><\/a><p id=\"caption-attachment-139726\" class=\"wp-caption-text\">Una parte importante de los embarazos corresponde a mujeres de entre 15 y 19 a\u00f1os de edad.<\/p><\/div>\n<p>La tasa de embarazos de adolescentes y j\u00f3venes experimentar\u00e1 una reducci\u00f3n \u201cmuy poco\u201d significativa entre 2013 y 2030, proyect\u00f3 el Consejo Nacional de Poblaci\u00f3n (Conapo).<\/p>\n<p>En el marco del D\u00eda Mundial de la Poblaci\u00f3n, el \u00f3rgano desconcentrado de la Secretar\u00eda de Gobernaci\u00f3n estim\u00f3 que este grupo poblacional -entre los 15 y 19 a\u00f1os de edad- seguir\u00e1 participando en ese periodo con el 16 por ciento de los nacimientos que se registrar\u00e1n en el pa\u00eds.<\/p>\n<p>\u201cEsta informaci\u00f3n muestra la necesidad de seguir trabajando en el tema (por) los valores obtenidos en la tasa global de fecundidad y en la tasa de fecundidad adolescente.<\/p>\n<p>\u201cYa que adem\u00e1s de la desigualdad regional que persiste en M\u00e9xico, hay agravantes debido a usos y costumbres y a presiones sociales que limitan el derecho a decidir el uso de medios de anticoncepci\u00f3n y fomentan conductas de riesgo a\u00fan entre quienes tienen acceso a informaci\u00f3n\u201d, indic\u00f3.<\/p>\n<p>En una nota informativa, el Conapo inform\u00f3 que los estados de Chiapas, Guerrero y Oaxaca presentan las tasas m\u00e1s altas en la actualidad; mientras que Michoac\u00e1n, Chihuahua y Yucat\u00e1n ocupar\u00e1n los primeros lugares en 2030.<\/p>\n<p>Indic\u00f3 que los retos para M\u00e9xico en materia de fecundidad, particularmente adolescente, apuntan principalmente a normar el derecho a la salud sexual y reproductiva de los adolescentes; y a considerar estrat\u00e9gicos la difusi\u00f3n y el uso de los m\u00e9todos anticonceptivos.<\/p>\n<p>Tambi\u00e9n asegurar el suministro de materiales destinados a ello; a garantizar que la planificaci\u00f3n familiar, anticoncepci\u00f3n, salud sexual y reproductiva para adolescentes sean obligatorios, eficientes y oportunos; y a que un enfoque de sus derechos sexuales y reproductivos formen parte la curr\u00edcula educativa.<\/p>\n<p>\u201cPara el Conapo, empoderar a las adolescentes y las mujeres j\u00f3venes implica avanzar en una educaci\u00f3n integral sobre su salud sexual y reproductiva, de manera que puedan postergar los nacimientos m\u00e1s all\u00e1 de la adolescencia y que accedan a m\u00e9todos anticonceptivos\u201d, sea\u00f1l\u00f3.<\/p>\n<p>Los datos disponibles, apunt\u00f3, revelan que 4 de cada 10 adolescentes embarazadas aseguraron que no hab\u00edan planeado o deseado el embarazo, a pesar de que 97 por ciento dijo conocer al menos un m\u00e9todo anticonceptivo; adem\u00e1s, el 61.5 por ciento de ellas no se protegi\u00f3 en su primera relaci\u00f3n sexual.<\/p>\n<p>&nbsp;<\/p>\n","protected":false},"excerpt":{"rendered":"<p>La tasa de embarazos de adolescentes y j\u00f3venes experimentar\u00e1 una reducci\u00f3n \u201cmuy poco\u201d significativa entre 2013 y 2030, proyect\u00f3 el Consejo Nacional de Poblaci\u00f3n (Conapo). En el marco del D\u00eda Mundial de la Poblaci\u00f3n, el \u00f3rgano desconcentrado de la Secretar\u00eda de Gobernaci\u00f3n estim\u00f3 que este grupo poblacional -entre los 15 y 19 a\u00f1os de edad- seguir\u00e1 participando en ese periodo con el 16 por ciento de los nacimientos que se registrar\u00e1n en el pa\u00eds.<\/p>\n","protected":false},"author":3,"featured_media":139726,"comment_status":"open","ping_status":"open","sticky":false,"template":"","format":"standard","meta":{"_monsterinsights_skip_tracking":false,"_monsterinsights_sitenote_active":false,"_monsterinsights_sitenote_note":"","_monsterinsights_sitenote_category":0,"footnotes":""},"categories":[17,3],"tags":[12519,43673],"class_list":["post-139702","post","type-post","status-publish","format-standard","has-post-thumbnail","hentry","category-especiales","category-nacional","tag-adolescentes","tag-nacional"],"_links":{"self":[{"href":"https:\/\/www.diarioimagen.net\/index.php?rest_route=\/wp\/v2\/posts\/139702","targetHints":{"allow":["GET"]}}],"collection":[{"href":"https:\/\/www.diarioimagen.net\/index.php?rest_route=\/wp\/v2\/posts"}],"about":[{"href":"https:\/\/www.diarioimagen.net\/index.php?rest_route=\/wp\/v2\/types\/post"}],"author":[{"embeddable":true,"href":"https:\/\/www.diarioimagen.net\/index.php?rest_route=\/wp\/v2\/users\/3"}],"replies":[{"embeddable":true,"href":"https:\/\/www.diarioimagen.net\/index.php?rest_route=%2Fwp%2Fv2%2Fcomments&post=139702"}],"version-history":[{"count":0,"href":"https:\/\/www.diarioimagen.net\/index.php?rest_route=\/wp\/v2\/posts\/139702\/revisions"}],"wp:featuredmedia":[{"embeddable":true,"href":"https:\/\/www.diarioimagen.net\/index.php?rest_route=\/wp\/v2\/media\/139726"}],"wp:attachment":[{"href":"https:\/\/www.diarioimagen.net\/index.php?rest_route=%2Fwp%2Fv2%2Fmedia&parent=139702"}],"wp:term":[{"taxonomy":"category","embeddable":true,"href":"https:\/\/www.diarioimagen.net\/index.php?rest_route=%2Fwp%2Fv2%2Fcategories&post=139702"},{"taxonomy":"post_tag","embeddable":true,"href":"https:\/\/www.diarioimagen.net\/index.php?rest_route=%2Fwp%2Fv2%2Ftags&post=139702"}],"curies":[{"name":"wp","href":"https:\/\/api.w.org\/{rel}","templated":true}]}}