{"id":139813,"date":"2013-07-15T00:03:28","date_gmt":"2013-07-15T05:03:28","guid":{"rendered":"http:\/\/www.diarioimagen.net\/?p=139813"},"modified":"2013-07-15T03:20:54","modified_gmt":"2013-07-15T08:20:54","slug":"el-df-ciudad-de-libertad-y-respeto-mancera-espinosa","status":"publish","type":"post","link":"https:\/\/www.diarioimagen.net\/?p=139813","title":{"rendered":"El DF, ciudad de libertad y respeto: Mancera Espinosa"},"content":{"rendered":"<ul>\n<li><em><strong>El jefe de gobierno capitalino afirma que seguir\u00e1n los esfuerzos por consolidar derechos de la comunidad LGBTTTI<\/strong><\/em><\/li>\n<\/ul>\n<div id=\"attachment_139803\" style=\"width: 250px\" class=\"wp-caption alignleft\"><a href=\"http:\/\/www.diarioimagen.net\/wp-content\/uploads\/2013\/07\/MANCERA-PORTAL1.jpg\"><img loading=\"lazy\" decoding=\"async\" aria-describedby=\"caption-attachment-139803\" class=\"size-medium wp-image-139803 \" alt=\"El jefe de gobierno del DF, Miguel \u00c1ngel Mancera, fungi\u00f3 como padrino del primer matrimonio colectivo entre personas del mismo sexo, en la agencia 1 del Registro Civil.\" src=\"http:\/\/www.diarioimagen.net\/wp-content\/uploads\/2013\/07\/MANCERA-PORTAL1-240x159.jpg\" width=\"240\" height=\"159\" srcset=\"https:\/\/www.diarioimagen.net\/wp-content\/uploads\/2013\/07\/MANCERA-PORTAL1-240x159.jpg 240w, https:\/\/www.diarioimagen.net\/wp-content\/uploads\/2013\/07\/MANCERA-PORTAL1-420x279.jpg 420w, https:\/\/www.diarioimagen.net\/wp-content\/uploads\/2013\/07\/MANCERA-PORTAL1.jpg 480w\" sizes=\"auto, (max-width: 240px) 100vw, 240px\" \/><\/a><p id=\"caption-attachment-139803\" class=\"wp-caption-text\">El jefe de gobierno del DF, Miguel \u00c1ngel Mancera, fungi\u00f3 como padrino del primer matrimonio colectivo entre personas del mismo sexo, en la agencia 1 del Registro Civil.<\/p><\/div>\n<p>Con la celebraci\u00f3n de 26 matrimonios de la comunidad LGBTTTI, el gobierno del Distrito Federal se consolida como la entidad del pa\u00eds que sigue marcando pauta en el respeto a las libertades y los derechos individuales, reiter\u00f3 el jefe de gobierno Miguel \u00c1ngel Mancera Espinosa, al testificar la uni\u00f3n matrimonial de 22 parejas de mujeres y 4 de hombres, una de ellas procedente de Honduras.<\/p>\n<p>En el Juzgado 1 del Registro Civil, a cargo de la juez Mar\u00eda de los \u00c1ngeles Pliego Velasco, y con el acompa\u00f1amiento del consejero Jur\u00eddico del DF, Jos\u00e9 Ram\u00f3n Amieva y la secretaria de Desarrollo Social, Rosa Icela Rodr\u00edguez;\u00a0 el Ejecutivo local instruy\u00f3 al \u00c1rea de Asuntos Jur\u00eddicos de su gobierno para que preserve y garantice a este sector el ejercicio \u00edntegro de los logros conseguidos por la comunidad LGBTTTI en esta ciudad de avanzada.<\/p>\n<p>Mancera Espinosa celebr\u00f3 asimismo, que esta ceremonia marque r\u00e9cord en el pa\u00eds, adem\u00e1s de que hayan llegado al DF, personas procedentes de Villahermosa, Tabasco; de Monterrey, de Veracruz; Celaya, Guanajuato; Chihuahua, Michoac\u00e1n, Jalisco; Hermosillo, Sonora; Estado de M\u00e9xico; Acapulco, Guerrero; Cuernavaca, Morelos; Zacatecas e incluso de Honduras, para hacer valer lo que en derecho les corresponde, que es tener la posibilidad de contraer matrimonio.<\/p>\n<p>\u201cMe da mucho gusto por estas parejas, que sean muy felices, que encuentren todos y cada uno de los espacios de libertad en esta ciudad, en el gobierno nos vamos a encargar de que as\u00ed sea, que esto cada vez sea m\u00e1s fuerte, m\u00e1s consolidado, y -por supuesto- estaremos trabajando para dar muestra clara de ello\u201d.<\/p>\n<p>En este marco, el mandatario capitalino mencion\u00f3 que se tiene registro de que, del total de personas del mismo sexo que han contra\u00eddo matrimonio en el DF, s\u00f3lo el 2 por ciento ha optado por el divorcio, lo cual \u201cquiere decir que son uniones fuertes, s\u00f3lidas\u201d. A la fecha se han realizado 2 mil 539 uniones entre personas del mismo sexo y tan s\u00f3lo este a\u00f1o se han efectuado m\u00e1s de 363.<\/p>\n<p>\u201cHoy quiero decirles a todas y a todos ustedes: \u00a1Muchas felicidades! La ciudad de M\u00e9xico seguir\u00e1 con esta l\u00ednea de avance, de ir consolidando cada vez m\u00e1s derechos, cada vez con mayor fuerza y claridad\u201d, indic\u00f3.<\/p>\n<p>La juez Mar\u00eda de los \u00c1ngeles Pliego Velasco, del Juzgado 1 del Registro Civil, fue la encargada de realizar el enlace de estas 26 parejas y donde, como parte de la celebraci\u00f3n, se realiz\u00f3 la partida de pastel con un mariachi que ameniz\u00f3 el momento, e igualmente se realiz\u00f3 -entre los reci\u00e9n casados- la rifa de un viaje con todo pagado a Acapulco, as\u00ed como una sesi\u00f3n fotogr\u00e1fica.<\/p>\n<p>En su oportunidad, la organizadora del Festival L\u00e9sbico Internacional de la Ciudad de M\u00e9xico, Alehl\u00ed Ord\u00f3\u00f1ez Rodr\u00edguez, celebr\u00f3 estos enlaces matrimoniales entre personas procedentes de diversos estados de la Rep\u00fablica mexicana y agradeci\u00f3 el apoyo del gobierno del Distrito Federal, as\u00ed como personal del Registro Civil: \u201cVamos a seguir apoy\u00e1ndonos entre todos para llegar m\u00e1s lejos\u201d<b>.<\/b><\/p>\n","protected":false},"excerpt":{"rendered":"<p>Con la celebraci\u00f3n de 26 matrimonios de la comunidad LGBTTTI, el gobierno del Distrito Federal se consolida como la entidad del pa\u00eds que sigue marcando pauta en el respeto a las libertades y los derechos individuales, reiter\u00f3 el jefe de gobierno Miguel \u00c1ngel Mancera Espinosa, al testificar la uni\u00f3n matrimonial de 22 parejas de mujeres y 4 de hombres, una de ellas procedente de Honduras.<\/p>\n","protected":false},"author":5,"featured_media":139803,"comment_status":"open","ping_status":"open","sticky":false,"template":"","format":"standard","meta":{"_monsterinsights_skip_tracking":false,"_monsterinsights_sitenote_active":false,"_monsterinsights_sitenote_note":"","_monsterinsights_sitenote_category":0,"footnotes":""},"categories":[6],"tags":[204,5314],"class_list":["post-139813","post","type-post","status-publish","format-standard","has-post-thumbnail","hentry","category-cd-de-mexico","tag-ciudad-de-mexico","tag-miguel-angel-mancera-espinosa"],"_links":{"self":[{"href":"https:\/\/www.diarioimagen.net\/index.php?rest_route=\/wp\/v2\/posts\/139813","targetHints":{"allow":["GET"]}}],"collection":[{"href":"https:\/\/www.diarioimagen.net\/index.php?rest_route=\/wp\/v2\/posts"}],"about":[{"href":"https:\/\/www.diarioimagen.net\/index.php?rest_route=\/wp\/v2\/types\/post"}],"author":[{"embeddable":true,"href":"https:\/\/www.diarioimagen.net\/index.php?rest_route=\/wp\/v2\/users\/5"}],"replies":[{"embeddable":true,"href":"https:\/\/www.diarioimagen.net\/index.php?rest_route=%2Fwp%2Fv2%2Fcomments&post=139813"}],"version-history":[{"count":0,"href":"https:\/\/www.diarioimagen.net\/index.php?rest_route=\/wp\/v2\/posts\/139813\/revisions"}],"wp:featuredmedia":[{"embeddable":true,"href":"https:\/\/www.diarioimagen.net\/index.php?rest_route=\/wp\/v2\/media\/139803"}],"wp:attachment":[{"href":"https:\/\/www.diarioimagen.net\/index.php?rest_route=%2Fwp%2Fv2%2Fmedia&parent=139813"}],"wp:term":[{"taxonomy":"category","embeddable":true,"href":"https:\/\/www.diarioimagen.net\/index.php?rest_route=%2Fwp%2Fv2%2Fcategories&post=139813"},{"taxonomy":"post_tag","embeddable":true,"href":"https:\/\/www.diarioimagen.net\/index.php?rest_route=%2Fwp%2Fv2%2Ftags&post=139813"}],"curies":[{"name":"wp","href":"https:\/\/api.w.org\/{rel}","templated":true}]}}