{"id":139817,"date":"2013-07-14T17:09:41","date_gmt":"2013-07-14T22:09:41","guid":{"rendered":"http:\/\/www.diarioimagen.net\/?p=139817"},"modified":"2013-07-15T03:31:07","modified_gmt":"2013-07-15T08:31:07","slug":"plan-de-la-sct-impulsa-inversion-y-competitividad","status":"publish","type":"post","link":"https:\/\/www.diarioimagen.net\/?p=139817","title":{"rendered":"Plan de la SCT impulsa inversi\u00f3n y competitividad"},"content":{"rendered":"<ul>\n<li><strong>En el programa se incluyen carreteras, puertos, aeropuertos y telecomunicaciones, afirma Gerardo Ruiz Esparza<\/strong><\/li>\n<\/ul>\n<div id=\"attachment_139806\" style=\"width: 250px\" class=\"wp-caption alignleft\"><a href=\"http:\/\/www.diarioimagen.net\/wp-content\/uploads\/2013\/07\/SCT-PORTAL.jpg\"><img loading=\"lazy\" decoding=\"async\" aria-describedby=\"caption-attachment-139806\" class=\"size-medium wp-image-139806\" alt=\"El secretario de Comunicaciones y Transportes, Gerardo Ruiz Esparza, inform\u00f3 que dentro del Plan Nacional de Infraestructura figuira otro de carreteras.\" src=\"http:\/\/www.diarioimagen.net\/wp-content\/uploads\/2013\/07\/SCT-PORTAL-240x191.jpg\" width=\"240\" height=\"191\" srcset=\"https:\/\/www.diarioimagen.net\/wp-content\/uploads\/2013\/07\/SCT-PORTAL-240x191.jpg 240w, https:\/\/www.diarioimagen.net\/wp-content\/uploads\/2013\/07\/SCT-PORTAL-420x335.jpg 420w, https:\/\/www.diarioimagen.net\/wp-content\/uploads\/2013\/07\/SCT-PORTAL.jpg 480w\" sizes=\"auto, (max-width: 240px) 100vw, 240px\" \/><\/a><p id=\"caption-attachment-139806\" class=\"wp-caption-text\">El secretario de Comunicaciones y Transportes, Gerardo Ruiz Esparza, inform\u00f3 que dentro del Plan Nacional de Infraestructura figuira otro de carreteras.<\/p><\/div>\n<p>En un anticipo de lo que ser\u00e1 el Plan Nacional de Infraestructura, la Secretar\u00eda de Comunicaciones y Transportes (SCT) integra un programa de impulso a las carreteras, puertos, aeropuertos y telecomunicaciones, que tendr\u00e1 como objetivo incidir en el desarrollo econ\u00f3mico, fomentar la competitividad y atraer la inversi\u00f3n productiva.<\/p>\n<p>As\u00ed lo anticip\u00f3 Gerardo Ruiz Esparza, titular de la SCT, quien dijo que los montos de inversi\u00f3n y los detalles del programa ser\u00e1n dados a conocer por el presidente Enrique Pe\u00f1a Nieto.<\/p>\n<p>No obstante, explic\u00f3 que lo que se busca es, de un lado, combatir los rezagos que tiene el pa\u00eds en materia de competitividad y, de otro, que esto detone en mayores niveles de crecimiento econ\u00f3mico, que M\u00e9xico sea un fuerte jugador en el mundo global.<\/p>\n<p>Ruiz Esparza subray\u00f3 que hay mucho por hacer en la materia, dado que el pa\u00eds presenta fuertes rezagos en el transporte, en los puertos y serios problemas en los aeropuertos, al tiempo que es relativamente incipiente su desarrollo en las telecomunicaciones.<\/p>\n","protected":false},"excerpt":{"rendered":"<p>En un anticipo de lo que ser\u00e1 el Plan Nacional de Infraestructura, la Secretar\u00eda de Comunicaciones y Transportes (SCT) integra un programa de impulso a las carreteras, puertos, aeropuertos y telecomunicaciones, que tendr\u00e1 como objetivo incidir en el desarrollo econ\u00f3mico, fomentar la competitividad y atraer la inversi\u00f3n productiva.<\/p>\n","protected":false},"author":5,"featured_media":139806,"comment_status":"open","ping_status":"open","sticky":false,"template":"","format":"standard","meta":{"_monsterinsights_skip_tracking":false,"_monsterinsights_sitenote_active":false,"_monsterinsights_sitenote_note":"","_monsterinsights_sitenote_category":0,"footnotes":""},"categories":[3],"tags":[1578,43673,347],"class_list":["post-139817","post","type-post","status-publish","format-standard","has-post-thumbnail","hentry","category-nacional","tag-gerardo-ruiz-esparza","tag-nacional","tag-sct"],"_links":{"self":[{"href":"https:\/\/www.diarioimagen.net\/index.php?rest_route=\/wp\/v2\/posts\/139817","targetHints":{"allow":["GET"]}}],"collection":[{"href":"https:\/\/www.diarioimagen.net\/index.php?rest_route=\/wp\/v2\/posts"}],"about":[{"href":"https:\/\/www.diarioimagen.net\/index.php?rest_route=\/wp\/v2\/types\/post"}],"author":[{"embeddable":true,"href":"https:\/\/www.diarioimagen.net\/index.php?rest_route=\/wp\/v2\/users\/5"}],"replies":[{"embeddable":true,"href":"https:\/\/www.diarioimagen.net\/index.php?rest_route=%2Fwp%2Fv2%2Fcomments&post=139817"}],"version-history":[{"count":0,"href":"https:\/\/www.diarioimagen.net\/index.php?rest_route=\/wp\/v2\/posts\/139817\/revisions"}],"wp:featuredmedia":[{"embeddable":true,"href":"https:\/\/www.diarioimagen.net\/index.php?rest_route=\/wp\/v2\/media\/139806"}],"wp:attachment":[{"href":"https:\/\/www.diarioimagen.net\/index.php?rest_route=%2Fwp%2Fv2%2Fmedia&parent=139817"}],"wp:term":[{"taxonomy":"category","embeddable":true,"href":"https:\/\/www.diarioimagen.net\/index.php?rest_route=%2Fwp%2Fv2%2Fcategories&post=139817"},{"taxonomy":"post_tag","embeddable":true,"href":"https:\/\/www.diarioimagen.net\/index.php?rest_route=%2Fwp%2Fv2%2Ftags&post=139817"}],"curies":[{"name":"wp","href":"https:\/\/api.w.org\/{rel}","templated":true}]}}