{"id":139825,"date":"2013-07-15T00:02:47","date_gmt":"2013-07-15T05:02:47","guid":{"rendered":"http:\/\/www.diarioimagen.net\/?p=139825"},"modified":"2013-07-16T03:02:48","modified_gmt":"2013-07-16T08:02:48","slug":"ejercer-con-eficacia-el-gasto-emilio-gamboa","status":"publish","type":"post","link":"https:\/\/www.diarioimagen.net\/?p=139825","title":{"rendered":"Ejercer con eficacia el gasto: Emilio Gamboa"},"content":{"rendered":"<ul>\n<li><em><strong>S\u00f3lo as\u00ed el pa\u00eds ser\u00e1 m\u00e1s competitivo y se impactar\u00e1 positivamente en la vida econ\u00f3mica de la naci\u00f3n<\/strong><\/em><\/li>\n<\/ul>\n<div id=\"attachment_139802\" style=\"width: 250px\" class=\"wp-caption alignleft\"><a href=\"http:\/\/www.diarioimagen.net\/wp-content\/uploads\/2013\/07\/GAMBOA-PORTAL.jpg\"><img loading=\"lazy\" decoding=\"async\" aria-describedby=\"caption-attachment-139802\" class=\"size-medium wp-image-139802 \" alt=\"El coordinador de los senadores del PRI, Emilio Gamboa, reiter\u00f3 que est\u00e1n dadas las condiciones para detonar el crecimiento.\" src=\"http:\/\/www.diarioimagen.net\/wp-content\/uploads\/2013\/07\/GAMBOA-PORTAL-240x193.jpg\" width=\"240\" height=\"193\" srcset=\"https:\/\/www.diarioimagen.net\/wp-content\/uploads\/2013\/07\/GAMBOA-PORTAL-240x193.jpg 240w, https:\/\/www.diarioimagen.net\/wp-content\/uploads\/2013\/07\/GAMBOA-PORTAL-420x338.jpg 420w, https:\/\/www.diarioimagen.net\/wp-content\/uploads\/2013\/07\/GAMBOA-PORTAL.jpg 480w\" sizes=\"auto, (max-width: 240px) 100vw, 240px\" \/><\/a><p id=\"caption-attachment-139802\" class=\"wp-caption-text\">El coordinador de los senadores del PRI, Emilio Gamboa, reiter\u00f3 que est\u00e1n dadas las condiciones para detonar el crecimiento.<\/p><\/div>\n<p>El coordinador pri\u00edsta en la C\u00e1mara de Senadores, Emilio Gamboa Patr\u00f3n, manifest\u00f3 la urgente necesidad de ser un pa\u00eds m\u00e1s competitivo y por ello requiere ejercer con eficacia el presupuesto p\u00fablico.<\/p>\n<p>Por ello, la bancada del PRI en el Senado expres\u00f3 su disposici\u00f3n de impulsar reformas que generen oportunidades para alentar la creaci\u00f3n de nuevas empresas.<\/p>\n<p>Por lo anterior, Gamboa Patr\u00f3n manifest\u00f3 que se requiere una estrategia moderna que impacte positivamente la vida econ\u00f3mica de la naci\u00f3n.<\/p>\n<p>Por lo tanto, expres\u00f3: \u201cEn el Senado de la Rep\u00fablica es invariable la disposici\u00f3n del grupo parlamentario del PRI de continuar con la construcci\u00f3n de acuerdos con las otras fuerzas pol\u00edticas, que permitan estar a la altura del momento que nos corresponde en la historia del pa\u00eds, para concretar reformas que permitan detonar nuestro potencial y responder, con altura de miras, a la exigencia de la poblaci\u00f3n, a fin de mover a M\u00e9xico\u201d.<\/p>\n<p>El pol\u00edtico yucateco expres\u00f3 que existen las condiciones id\u00f3neas para detonar el crecimiento econ\u00f3mico en M\u00e9xico.<\/p>\n<p>\u201cM\u00e9xico pasa por un buen momento porque se est\u00e1n haciendo cambios importantes; as\u00ed lo demuestran los m\u00e1s de 60 mil millones de d\u00f3lares que entre inversi\u00f3n nacional y extranjera se esperan para el presente a\u00f1o, por lo que los priistas en el Senado seguiremos promoviendo leyes que fortalezcan la confianza\u201d, puntualiz\u00f3.<\/p>\n","protected":false},"excerpt":{"rendered":"<p>El coordinador pri\u00edsta en la C\u00e1mara de Senadores, Emilio Gamboa Patr\u00f3n, manifest\u00f3 la urgente necesidad de ser un pa\u00eds m\u00e1s competitivo y por ello requiere ejercer con eficacia el presupuesto p\u00fablico.<\/p>\n","protected":false},"author":5,"featured_media":139802,"comment_status":"open","ping_status":"open","sticky":false,"template":"","format":"standard","meta":{"_monsterinsights_skip_tracking":false,"_monsterinsights_sitenote_active":false,"_monsterinsights_sitenote_note":"","_monsterinsights_sitenote_category":0,"footnotes":""},"categories":[17,3],"tags":[6919,6749,43673],"class_list":["post-139825","post","type-post","status-publish","format-standard","has-post-thumbnail","hentry","category-especiales","category-nacional","tag-camara-de-senadores","tag-emilio-gamboa-patron","tag-nacional"],"_links":{"self":[{"href":"https:\/\/www.diarioimagen.net\/index.php?rest_route=\/wp\/v2\/posts\/139825","targetHints":{"allow":["GET"]}}],"collection":[{"href":"https:\/\/www.diarioimagen.net\/index.php?rest_route=\/wp\/v2\/posts"}],"about":[{"href":"https:\/\/www.diarioimagen.net\/index.php?rest_route=\/wp\/v2\/types\/post"}],"author":[{"embeddable":true,"href":"https:\/\/www.diarioimagen.net\/index.php?rest_route=\/wp\/v2\/users\/5"}],"replies":[{"embeddable":true,"href":"https:\/\/www.diarioimagen.net\/index.php?rest_route=%2Fwp%2Fv2%2Fcomments&post=139825"}],"version-history":[{"count":0,"href":"https:\/\/www.diarioimagen.net\/index.php?rest_route=\/wp\/v2\/posts\/139825\/revisions"}],"wp:featuredmedia":[{"embeddable":true,"href":"https:\/\/www.diarioimagen.net\/index.php?rest_route=\/wp\/v2\/media\/139802"}],"wp:attachment":[{"href":"https:\/\/www.diarioimagen.net\/index.php?rest_route=%2Fwp%2Fv2%2Fmedia&parent=139825"}],"wp:term":[{"taxonomy":"category","embeddable":true,"href":"https:\/\/www.diarioimagen.net\/index.php?rest_route=%2Fwp%2Fv2%2Fcategories&post=139825"},{"taxonomy":"post_tag","embeddable":true,"href":"https:\/\/www.diarioimagen.net\/index.php?rest_route=%2Fwp%2Fv2%2Ftags&post=139825"}],"curies":[{"name":"wp","href":"https:\/\/api.w.org\/{rel}","templated":true}]}}