{"id":139919,"date":"2013-07-15T00:03:11","date_gmt":"2013-07-15T05:03:11","guid":{"rendered":"http:\/\/www.diarioimagen.net\/?p=139919"},"modified":"2013-07-16T03:02:53","modified_gmt":"2013-07-16T08:02:53","slug":"elias-azar-pide-trabajar-por-autonomia-del-tsjdf","status":"publish","type":"post","link":"https:\/\/www.diarioimagen.net\/?p=139919","title":{"rendered":"El\u00edas Azar pide trabajar por autonom\u00eda del TSJDF"},"content":{"rendered":"<ul>\n<li><strong><em>El magistrado presidente recibi\u00f3 la presea Ricardo Garc\u00eda Villalobos G\u00e1lvez durante la conmemoraci\u00f3n del <\/em>D\u00eda del Abogado<\/strong><\/li>\n<\/ul>\n<div id=\"attachment_139964\" style=\"width: 250px\" class=\"wp-caption alignleft\"><a href=\"http:\/\/www.diarioimagen.net\/wp-content\/uploads\/2013\/07\/elias-azar-2141.jpg\"><img loading=\"lazy\" decoding=\"async\" aria-describedby=\"caption-attachment-139964\" class=\"size-medium wp-image-139964\" alt=\"Ante Miguel \u00c1ngel Mancera, el presidente del TSJDF, Edgar El\u00edas Azar defendi\u00f3 los prop\u00f3sitos del Pacto por M\u00e9xico y asegur\u00f3 que los juristas jugar\u00e1n un buen papel en los cambios que el pa\u00eds necesita.\" src=\"http:\/\/www.diarioimagen.net\/wp-content\/uploads\/2013\/07\/elias-azar-2141-240x135.jpg\" width=\"240\" height=\"135\" srcset=\"https:\/\/www.diarioimagen.net\/wp-content\/uploads\/2013\/07\/elias-azar-2141-240x135.jpg 240w, https:\/\/www.diarioimagen.net\/wp-content\/uploads\/2013\/07\/elias-azar-2141-420x236.jpg 420w, https:\/\/www.diarioimagen.net\/wp-content\/uploads\/2013\/07\/elias-azar-2141-235x132.jpg 235w, https:\/\/www.diarioimagen.net\/wp-content\/uploads\/2013\/07\/elias-azar-2141-202x114.jpg 202w, https:\/\/www.diarioimagen.net\/wp-content\/uploads\/2013\/07\/elias-azar-2141-350x196.jpg 350w, https:\/\/www.diarioimagen.net\/wp-content\/uploads\/2013\/07\/elias-azar-2141-220x123.jpg 220w, https:\/\/www.diarioimagen.net\/wp-content\/uploads\/2013\/07\/elias-azar-2141-237x132.jpg 237w, https:\/\/www.diarioimagen.net\/wp-content\/uploads\/2013\/07\/elias-azar-2141.jpg 480w\" sizes=\"auto, (max-width: 240px) 100vw, 240px\" \/><\/a><p id=\"caption-attachment-139964\" class=\"wp-caption-text\">Ante Miguel \u00c1ngel Mancera, el presidente del TSJDF, Edgar El\u00edas Azar defendi\u00f3 los prop\u00f3sitos del Pacto por M\u00e9xico y asegur\u00f3 que los juristas jugar\u00e1n un buen papel en los cambios que el pa\u00eds necesita.<\/p><\/div>\n<p>El presidente del Tribunal Superior de Justicia del Distrito Federal (TSJDF), magistrado Edgar El\u00edas Azar, hizo un llamamiento a los abogados para trabajar a favor de la independencia y autonom\u00eda del Poder Judicial, la defensa de su imparcialidad, y a su ejecuci\u00f3n sin presiones de ninguna especie.<\/p>\n<p>Al pronunciar un discurso en la conmemoraci\u00f3n del <i>D\u00eda del Abogado<\/i>, en la que recibi\u00f3 la <i>Presea Ricardo Garc\u00eda Villalobos G\u00e1lvez<\/i>, el magistrado puntualiz\u00f3 que los juristas deben estar presentes, sin esperar invitaci\u00f3n, en la implementaci\u00f3n de nuevas normas, y la discusi\u00f3n de aquellos temas que, dentro del medio, est\u00e1n pendientes por resolver.<\/p>\n<p>Ante el jefe de gobierno del Distrito Federal, Miguel \u00c1ngel Mancera Espinosa, enumer\u00f3 algunos de los temas: arraigo, extinci\u00f3n de dominio, sustituci\u00f3n del concepto de cuerpo del delito, principio de oportunidad en el ministerio p\u00fablico, validez de las leyes generales, redacci\u00f3n y emisi\u00f3n de un c\u00f3digo procesal penal \u00fanico, generaci\u00f3n de leyes penales para toda la rep\u00fablica, y la oralidad judicial.<\/p>\n<p>Tambi\u00e9n se\u00f1al\u00f3 la selecci\u00f3n y capacitaci\u00f3n judicial con el dise\u00f1o del perfil del juez que se requiere, y dijo que todo ello no es f\u00e1cil ni pronto, por lo que plante\u00f3 que es necesaria la participaci\u00f3n de todas las mentes, experiencias, puntos de vista e ideolog\u00edas.<\/p>\n<p>Se refiri\u00f3 a la adecuaci\u00f3n y modernizaci\u00f3n del marco constitucional del pa\u00eds, como piedra angular y de toque sobre la que todo descansar\u00e1, y reiter\u00f3 que en todo esto los abogados deben estar presentes.<\/p>\n<p>\u201cParticipar no implica esperar una invitaci\u00f3n en la consabida charola de plata; es nuestro derecho y obligaci\u00f3n, como ciudadanos y como juristas, estar a la cabeza de las implementaciones normativas nuevas en el medio que nos toca atender\u201d, consider\u00f3.<\/p>\n<p>A\u00f1adi\u00f3 que el derecho debe ser escudo y el mejor instrumento para construir un modelo de pa\u00eds, porque s\u00f3lo con \u00e9ste se logra impulsar lo que se pretende.<\/p>\n<p>\u201cHoy tenemos la oportunidad singular de reunirnos; reflexionemos sobre nuestras responsabilidades actuales, y s\u00e9 que sabremos estar a la altura de estos tiempos. Ya no m\u00e1s rezagos en ning\u00fan cap\u00edtulo, marchemos con pasos firmes a la oralidad y la transparencia. Hoy debe ser la hora de la justicia, y la hora de la justicia es la hora de M\u00e9xico\u201d, concluy\u00f3.<\/p>\n<p>&nbsp;<\/p>\n","protected":false},"excerpt":{"rendered":"<p>El presidente del Tribunal Superior de Justicia del Distrito Federal (TSJDF), magistrado Edgar El\u00edas Azar, hizo un llamamiento a los abogados para trabajar a favor de la independencia y autonom\u00eda del Poder Judicial, la defensa de su imparcialidad, y a su ejecuci\u00f3n sin presiones de ninguna especie.<\/p>\n","protected":false},"author":3,"featured_media":139964,"comment_status":"open","ping_status":"open","sticky":false,"template":"","format":"standard","meta":{"_monsterinsights_skip_tracking":false,"_monsterinsights_sitenote_active":false,"_monsterinsights_sitenote_note":"","_monsterinsights_sitenote_category":0,"footnotes":""},"categories":[17,6],"tags":[204,9761,1925,862],"class_list":["post-139919","post","type-post","status-publish","format-standard","has-post-thumbnail","hentry","category-especiales","category-cd-de-mexico","tag-ciudad-de-mexico","tag-dia-del-abogado","tag-edgar-elias-azar","tag-tsjdf"],"_links":{"self":[{"href":"https:\/\/www.diarioimagen.net\/index.php?rest_route=\/wp\/v2\/posts\/139919","targetHints":{"allow":["GET"]}}],"collection":[{"href":"https:\/\/www.diarioimagen.net\/index.php?rest_route=\/wp\/v2\/posts"}],"about":[{"href":"https:\/\/www.diarioimagen.net\/index.php?rest_route=\/wp\/v2\/types\/post"}],"author":[{"embeddable":true,"href":"https:\/\/www.diarioimagen.net\/index.php?rest_route=\/wp\/v2\/users\/3"}],"replies":[{"embeddable":true,"href":"https:\/\/www.diarioimagen.net\/index.php?rest_route=%2Fwp%2Fv2%2Fcomments&post=139919"}],"version-history":[{"count":0,"href":"https:\/\/www.diarioimagen.net\/index.php?rest_route=\/wp\/v2\/posts\/139919\/revisions"}],"wp:featuredmedia":[{"embeddable":true,"href":"https:\/\/www.diarioimagen.net\/index.php?rest_route=\/wp\/v2\/media\/139964"}],"wp:attachment":[{"href":"https:\/\/www.diarioimagen.net\/index.php?rest_route=%2Fwp%2Fv2%2Fmedia&parent=139919"}],"wp:term":[{"taxonomy":"category","embeddable":true,"href":"https:\/\/www.diarioimagen.net\/index.php?rest_route=%2Fwp%2Fv2%2Fcategories&post=139919"},{"taxonomy":"post_tag","embeddable":true,"href":"https:\/\/www.diarioimagen.net\/index.php?rest_route=%2Fwp%2Fv2%2Ftags&post=139919"}],"curies":[{"name":"wp","href":"https:\/\/api.w.org\/{rel}","templated":true}]}}