{"id":139934,"date":"2013-07-15T00:07:59","date_gmt":"2013-07-15T05:07:59","guid":{"rendered":"http:\/\/www.diarioimagen.net\/?p=139934"},"modified":"2013-07-15T03:32:59","modified_gmt":"2013-07-15T08:32:59","slug":"carcel-a-quien-venda-inmuebles-irregulares","status":"publish","type":"post","link":"https:\/\/www.diarioimagen.net\/?p=139934","title":{"rendered":"C\u00e1rcel a quien venda inmuebles irregulares"},"content":{"rendered":"<ul>\n<li><strong><em>Se busca modificar el C\u00f3digo Penal en lo referente al funcionamiento del Registro P\u00fablico de la Propiedad, dice el consejero jur\u00eddico del GDF<\/em><\/strong><\/li>\n<\/ul>\n<div id=\"attachment_140005\" style=\"width: 250px\" class=\"wp-caption alignleft\"><a href=\"http:\/\/www.diarioimagen.net\/wp-content\/uploads\/2013\/07\/aldf-2141.jpg\"><img loading=\"lazy\" decoding=\"async\" aria-describedby=\"caption-attachment-140005\" class=\"size-medium wp-image-140005\" alt=\"Jos\u00e9 Ram\u00f3n Amieva, consejero jur\u00eddico del GDF.\" src=\"http:\/\/www.diarioimagen.net\/wp-content\/uploads\/2013\/07\/aldf-2141-240x135.jpg\" width=\"240\" height=\"135\" srcset=\"https:\/\/www.diarioimagen.net\/wp-content\/uploads\/2013\/07\/aldf-2141-240x135.jpg 240w, https:\/\/www.diarioimagen.net\/wp-content\/uploads\/2013\/07\/aldf-2141-420x236.jpg 420w, https:\/\/www.diarioimagen.net\/wp-content\/uploads\/2013\/07\/aldf-2141-235x132.jpg 235w, https:\/\/www.diarioimagen.net\/wp-content\/uploads\/2013\/07\/aldf-2141-202x114.jpg 202w, https:\/\/www.diarioimagen.net\/wp-content\/uploads\/2013\/07\/aldf-2141-350x196.jpg 350w, https:\/\/www.diarioimagen.net\/wp-content\/uploads\/2013\/07\/aldf-2141-220x123.jpg 220w, https:\/\/www.diarioimagen.net\/wp-content\/uploads\/2013\/07\/aldf-2141-237x132.jpg 237w, https:\/\/www.diarioimagen.net\/wp-content\/uploads\/2013\/07\/aldf-2141.jpg 480w\" sizes=\"auto, (max-width: 240px) 100vw, 240px\" \/><\/a><p id=\"caption-attachment-140005\" class=\"wp-caption-text\">Jos\u00e9 Ram\u00f3n Amieva, consejero jur\u00eddico del GDF.<\/p><\/div>\n<p>El consejero jur\u00eddico del gobierno del Distrito Federal, Jos\u00e9 Ram\u00f3n Amieva, inform\u00f3 que esta semana enviar\u00e1 a la Asamblea Legislativa una iniciativa de reforma al C\u00f3digo Penal para sancionar a quienes vendan un inmueble con irregularidades en el uso de suelo.<\/p>\n<p>\u201cEl jefe de gobierno nos ha instruido a presentar una iniciativa donde se modificar\u00e1n ordenamientos del C\u00f3digo Penal referentes al funcionamiento del Registro P\u00fablico de la Propiedad para perfeccionar los delitos relacionados con aquellos quienes venden inmuebles que tienen problem\u00e1ticas de uso de suelo\u201d, explic\u00f3.<\/p>\n<p>El funcionario manifest\u00f3 que la iniciativa pretende instruir a los notarios p\u00fablicos a que no realicen inscripciones en el Registro P\u00fablico hasta que se presente el folio emitido por la Secretar\u00eda de Desarrollo Urbano y Vivienda (Seduvi) en la que se acredita el correcto uso de suelo del predio.<\/p>\n<p>\u201cLo que estamos proponiendo es que cualquier persona que intente vender o venda un inmueble que no cuenta con la regulaci\u00f3n de uso de suelo sea acreedor de una pena de prisi\u00f3n de 2 a 6 a\u00f1os\u201d.<\/p>\n<p>\u201cEstamos proponiendo que la figura de custodia administrativa pueda ser solicitada por el Invea, la Procuradur\u00eda y otras autoridades administrativas para que ese folio no permita hacer ninguna inscripci\u00f3n a los notarios, y el paso siguiente ser\u00eda que las y los notarios cuando quieran inscribir un acto primero soliciten un certificado por parte de Seduvi que diga que ese predio cuenta con todos los permisos correspondientes de uso de suelo\u201d.<\/p>\n<p>&nbsp;<\/p>\n","protected":false},"excerpt":{"rendered":"<p>El consejero jur\u00eddico del gobierno del Distrito Federal, Jos\u00e9 Ram\u00f3n Amieva, inform\u00f3 que esta semana enviar\u00e1 a la Asamblea Legislativa una iniciativa de reforma al C\u00f3digo Penal para sancionar a quienes vendan un inmueble con irregularidades en el uso de suelo.<\/p>\n","protected":false},"author":3,"featured_media":140005,"comment_status":"open","ping_status":"open","sticky":false,"template":"","format":"standard","meta":{"_monsterinsights_skip_tracking":false,"_monsterinsights_sitenote_active":false,"_monsterinsights_sitenote_note":"","_monsterinsights_sitenote_category":0,"footnotes":""},"categories":[6],"tags":[13206,204],"class_list":["post-139934","post","type-post","status-publish","format-standard","has-post-thumbnail","hentry","category-cd-de-mexico","tag-carcel","tag-ciudad-de-mexico"],"_links":{"self":[{"href":"https:\/\/www.diarioimagen.net\/index.php?rest_route=\/wp\/v2\/posts\/139934","targetHints":{"allow":["GET"]}}],"collection":[{"href":"https:\/\/www.diarioimagen.net\/index.php?rest_route=\/wp\/v2\/posts"}],"about":[{"href":"https:\/\/www.diarioimagen.net\/index.php?rest_route=\/wp\/v2\/types\/post"}],"author":[{"embeddable":true,"href":"https:\/\/www.diarioimagen.net\/index.php?rest_route=\/wp\/v2\/users\/3"}],"replies":[{"embeddable":true,"href":"https:\/\/www.diarioimagen.net\/index.php?rest_route=%2Fwp%2Fv2%2Fcomments&post=139934"}],"version-history":[{"count":0,"href":"https:\/\/www.diarioimagen.net\/index.php?rest_route=\/wp\/v2\/posts\/139934\/revisions"}],"wp:featuredmedia":[{"embeddable":true,"href":"https:\/\/www.diarioimagen.net\/index.php?rest_route=\/wp\/v2\/media\/140005"}],"wp:attachment":[{"href":"https:\/\/www.diarioimagen.net\/index.php?rest_route=%2Fwp%2Fv2%2Fmedia&parent=139934"}],"wp:term":[{"taxonomy":"category","embeddable":true,"href":"https:\/\/www.diarioimagen.net\/index.php?rest_route=%2Fwp%2Fv2%2Fcategories&post=139934"},{"taxonomy":"post_tag","embeddable":true,"href":"https:\/\/www.diarioimagen.net\/index.php?rest_route=%2Fwp%2Fv2%2Ftags&post=139934"}],"curies":[{"name":"wp","href":"https:\/\/api.w.org\/{rel}","templated":true}]}}