{"id":139942,"date":"2013-07-15T00:01:15","date_gmt":"2013-07-15T05:01:15","guid":{"rendered":"http:\/\/www.diarioimagen.net\/?p=139942"},"modified":"2013-07-16T03:15:09","modified_gmt":"2013-07-16T08:15:09","slug":"holbox-lugar-magico-fresco-rodeado-de-naturaleza-e-inigualables-paisajes","status":"publish","type":"post","link":"https:\/\/www.diarioimagen.net\/?p=139942","title":{"rendered":"Holbox, lugar m\u00e1gico, fresco, rodeado de naturaleza e inigualables paisajes"},"content":{"rendered":"<h2>De cinco estrellas<\/h2>\n<h5>Victoria Gonz\u00e1lez Prado<\/h5>\n<p>&nbsp;<\/p>\n<ul>\n<li><span> <em><strong>Claudia Ruiz Massieu lleg\u00f3 a China, con el prop\u00f3sito atraer inversi\u00f3n y turistas a nuestro pa\u00eds<\/strong><\/em><\/span><\/li>\n<li><em><strong>Inauguran el hotel City Express Xalapa, quinta propiedad de la marca en Veracruz<\/strong><\/em><\/li>\n<li><em><strong>Desde el pasado s\u00e1bado 13 y hasta el 28 de julio se realiza la Feria de las Flores de San \u00c1ngel<\/strong><\/em><\/li>\n<\/ul>\n<div id=\"attachment_140019\" style=\"width: 250px\" class=\"wp-caption alignleft\"><a href=\"http:\/\/www.diarioimagen.net\/wp-content\/uploads\/2013\/07\/turismo-2141.jpg\"><img loading=\"lazy\" decoding=\"async\" aria-describedby=\"caption-attachment-140019\" class=\"size-medium wp-image-140019\" alt=\"Vista del hotel Holbox.\" src=\"http:\/\/www.diarioimagen.net\/wp-content\/uploads\/2013\/07\/turismo-2141-240x135.jpg\" width=\"240\" height=\"135\" srcset=\"https:\/\/www.diarioimagen.net\/wp-content\/uploads\/2013\/07\/turismo-2141-240x135.jpg 240w, https:\/\/www.diarioimagen.net\/wp-content\/uploads\/2013\/07\/turismo-2141-420x236.jpg 420w, https:\/\/www.diarioimagen.net\/wp-content\/uploads\/2013\/07\/turismo-2141-235x132.jpg 235w, https:\/\/www.diarioimagen.net\/wp-content\/uploads\/2013\/07\/turismo-2141-202x114.jpg 202w, https:\/\/www.diarioimagen.net\/wp-content\/uploads\/2013\/07\/turismo-2141-350x196.jpg 350w, https:\/\/www.diarioimagen.net\/wp-content\/uploads\/2013\/07\/turismo-2141-220x123.jpg 220w, https:\/\/www.diarioimagen.net\/wp-content\/uploads\/2013\/07\/turismo-2141-237x132.jpg 237w, https:\/\/www.diarioimagen.net\/wp-content\/uploads\/2013\/07\/turismo-2141.jpg 480w\" sizes=\"auto, (max-width: 240px) 100vw, 240px\" \/><\/a><p id=\"caption-attachment-140019\" class=\"wp-caption-text\">Vista del hotel Holbox.<\/p><\/div>\n<p>Holbox, un sito a\u00fan desconocido para muchos, es un lugar m\u00e1gico, fresco\u00a0 rodeado de naturaleza e inigualables paisajes. El hotel Las Nubes de Holbox, en complicidad con el radiante azul turquesa del mar, las playas de arena blanca y la mejor puesta de sol que existe en la Riviera Maya, te recibir\u00e1 en este verano. Las fotos tendr\u00e1n como tel\u00f3n de fondo el ocaso del mar Caribe, lo que dar\u00e1 un toque especial a ese momento que recordar\u00e1s y compartir\u00e1s con tus seres queridos, donde velas y antorchas iluminar\u00e1n las mesas. La cena, preparada por el chef del restaurante La arena, ser\u00e1 sin duda un exquisito banquete elaborado con las delicias del mar. Una vez que concluya la celebraci\u00f3n, podr\u00e1s caminar libremente sobre la suave arena blanca, el sonido de las olas te har\u00e1n recordar que est\u00e1s en Holbox, el lugar donde el cielo y el mar se abrazan\u2026 Las Nubes de Holbox ofrece 28 amplias habitaciones, con inigualable vista al Caribe mexicano, las cuales brindan el espacio ideal para disfrutar y descansar. Es un hotel boutique que ofrece la oportunidad de estar en contacto directo con la naturaleza, gracias a su inmejorable ubicaci\u00f3n en el litoral de las playas v\u00edrgenes. Las Nubes es el \u00fanico hotel que colinda con el inicio del \u00e1rea de protecci\u00f3n de la flora y fauna Yum Balam (en lengua maya significa \u201cSe\u00f1or Jaguar\u201d). En las 28 habitaciones de estilo fresco de la casa de mar se emplearon materiales naturales propios de la regi\u00f3n. Las habitaciones disponibles son: bungalow frente al mar, bungalow con vista a la piscina en primer y segundo nivel, junior suite puesta del sol, junior suite con vista al jard\u00edn y suite Las Nubes con vista al mar. Todas las habitaciones cuentan con aire acondicionado,\u00a0\u00a0 ventilador, caja de seguridad e internet inal\u00e1mbrico sin costo. Tres albercas, Spa, restaurante La Arena y el bar lounge La Brisa, donde ambos ofrecen la mejor selecci\u00f3n de vinos de la isla y una de las mejores vistas de los atardeceres de Holbox.<\/p>\n<p>\u2730\u2730\u2730\u2730\u2730\u00a0<b>Claudia Ruiz Massieu<\/b>, titular de Sectur, arrib\u00f3 a la Rep\u00fablica Popular China, con el prop\u00f3sito atraer inversi\u00f3n a M\u00e9xico e incrementar el n\u00famero de turistas de esa naci\u00f3n asi\u00e1tica hacia nuestro pa\u00eds. Del 15 al 19 de este mes, la titular de Sectur visitar\u00e1 las ciudades de Beijing y Hong Kong, donde desarrollar\u00e1 una intensa agenda de trabajo. Se reunir\u00e1 con el presidente de la Administraci\u00f3n Nacional de Turismo de China (CNTA), <b>Shao Qiwe<\/b>i, con quien dar\u00e1 seguimiento a los acuerdos que en materia tur\u00edstica contempla la declaraci\u00f3n conjunta firmada el mes pasado por los presidentes de M\u00e9xico, <b>Enrique Pe\u00f1a Nieto<\/b>, y de China, <b>Xi Jinping<\/b>. Acompa\u00f1ada por el embajador de M\u00e9xico en China, <b>Juli\u00e1n Ventura<\/b>, <b>Ruiz Massieu<\/b> sostendr\u00e1 un encuentro con miembros del Partido Comunista de ese pa\u00eds. Adem\u00e1s, se entrevistar\u00e1 con altos ejecutivos de las aerol\u00edneas chinas <i>Cathay Pacific<\/i> y <i>Hainan Airlines<\/i>, para promover la conectividad a\u00e9rea, y con empresarios tur\u00edsticos, con la intenci\u00f3n de incentivar las inversiones en nuestro pa\u00eds. En Beijing se encontrar\u00e1 con la presidenta de <i>China International Travel Service<\/i> (CITS), <b>Yu Ningning<\/b>; con el vicepresidente de <i>HNA Group<\/i> (<i>Hainan Airlines<\/i>), <b>Hou Wei<\/b>, y con el presidente del Consejo de Administraci\u00f3n del Grupo <i>Wanda<\/i>, <b>Wang Jianlin<\/b>.<b> <\/b>La titular de Sectur acudir\u00e1 al Partido Comunista de China, donde sostendr\u00e1 una reuni\u00f3n con <b>Chen Fengxiang<\/b>, viceministro del Departamento de Enlace Internacional; <b>Wang Yulin<\/b>, director general adjunto del Bur\u00f3 V; <b>Jin Xiaopeng<\/b>, director del Bur\u00f3 V, y <b>Sun Xi<\/b>, de la direcci\u00f3n para Am\u00e9rica Latina.\u00a0Tambi\u00e9n, con el vicepresidente de la Asamblea Nacional Popular, <b>Qiangba Puncog<\/b>, y con la presidente de la Sociedad de Amistad de Pueblos Extranjeros, <b>Li Xiaolin<\/b>. <b>Claudia Ruiz Massieu<\/b> continuar\u00e1 su gira de trabajo en Hong Kong, donde abordar\u00e1 los temas de conectividad, inversi\u00f3n y promoci\u00f3n y estar\u00e1 acompa\u00f1ada por la c\u00f3nsul general de M\u00e9xico en esa regi\u00f3n, <b>Alicia Buenrostro<\/b>. Se entrevistar\u00e1 con altos ejecutivos de <i>Cathay Pacific Airways <\/i>y del Grupo <i>ShunTak Holdings<\/i>. Asistir\u00e1 a una reuni\u00f3n conjunta en las oficinas centrales de gobierno, con la secretaria en jefe para Administraci\u00f3n, <b>Carry Lam<\/b>; el secretario de Comercio y Desarrollo Econ\u00f3mico, <b>Gregory So<\/b>, y con el comisionado de Turismo, <b>Philip W. Yung<\/b>. Se reunir\u00e1 con el comisionado de Turismo, <b>Phillip Yung<\/b>; el presidente del Consejo de la Industria Tur\u00edstica,\u00a0 <b>Michael Wu<\/b>, y con el director ejecutivo del Consejo de Promoci\u00f3n Tur\u00edstica, <b>Anthony Lau<\/b>, a quienes les informar\u00e1 sobre el relanzamiento de la Agenda Tur\u00edstica M\u00e9xico-China <a href=\"http:\/\/www.visitmexico.com\/\" target=\"_blank\">www.visitmexico.com<\/a>\u00a0en mandar\u00edn. De igual forma, <b>Ruiz Massieu<\/b> encabezar\u00e1 una sesi\u00f3n informativa con acad\u00e9micos de la Facultad de Administraci\u00f3n Hotelera, la Universidad Polit\u00e9cnica de Hong Kong, y realizar\u00e1 una visita al Hotel-Escuela Icon. Se reunir\u00e1 con la CEO de <i>Rosewood Hotel Group<\/i>, <b>Sonia Cheng<\/b>, y con directivos de la divisi\u00f3n de hoteler\u00eda del <i>New World Group,<\/i> propietarios de la cadena <i>Rosewood Hotels and Resorts<\/i>. Hablar\u00e1 con los medios de comunicaci\u00f3n locales, corresponsales mexicanos y conceder\u00e1 entrevistas de televisi\u00f3n. A la gira de trabajo por China, <b>Claudia Ruiz Massieu<\/b> estar\u00e1 acompa\u00f1ada por el subsecretario de Operaci\u00f3n Tur\u00edstica de Sectur, <b>Carlos Joaqu\u00edn Gonz\u00e1lez<\/b>; los directores generales del Fondo Nacional de Fomento al Turismo (FONATUR) y del Consejo de Promoci\u00f3n Tur\u00edstica de M\u00e9xico (CPTM), <b>H\u00e9ctor G\u00f3mez Barraza<\/b> y <b>Rodolfo L\u00f3pez Negrete<\/b>, respectivamente, as\u00ed como el director general de Vinculaci\u00f3n de la Secretar\u00eda de Comunicaciones y Transportes (SCT), <b>Gemi Jos\u00e9 Gonz\u00e1lez L\u00f3pez<\/b>.<\/p>\n<p>\u2730\u2730\u2730\u2730\u2730\u00a0Hoteles <i>City<\/i> inaugur\u00f3 el hotel <i>City Express<\/i> Xalapa, quinta propiedad de la marca en el estado. La ceremonia de inauguraci\u00f3n fue presidida por <b>Erik Porres Blesa<\/b>, secretario de Desarrollo Econ\u00f3mico y Portuario del estado de Veracruz acompa\u00f1ado por el secretario de Turismo y Cultura, <b>Harry Grappa Guzm\u00e1n<\/b>; el delegado federal de la Secretar\u00eda de Econom\u00eda, <b>Jos\u00e9 Antonio Mansur Beltr\u00e1n<\/b>; la diputada <b>Diana Santiago Huesca<\/b>; la directora general de Consorcio Peredo, <b>Jessica Peredo Rinc\u00f3n<\/b>; el empresario <b>Jos\u00e9 Bernardo Quezada Salas<\/b>, entre otros destacados empresarios del estado. <b>Elizabeth Morales<\/b>, presidenta municipal de Xalapa, destac\u00f3 la importancia que tiene para la ciudad que cadenas hoteleras como <i>City<\/i> se establezcan en Xalapa, esto representa fuentes de empleo y alternativas de hospedaje para quienes visitan la cuidad. <b>Carlos Adams<\/b>, director de Franquicias de Hoteles <i>City<\/i>, mencion\u00f3 que la ciudad est\u00e1 creciendo significativamente, y contantemente est\u00e1 recibiendo un flujo importante de visitantes que requieren hospedaje de buena calidad a precios accesibles como los que proporciona <i>City Express<\/i>. El hotel cuenta con 126 habitaciones para el viajero de negocios que busca comodidad y calidad a un precio justo; ofrece los servicios caracter\u00edsticos de la cadena: desayuno continental de cortes\u00eda, Internet inal\u00e1mbrico de alta velocidad gratis, sala de juntas, gimnasio, centro de negocios, estacionamiento y transportaci\u00f3n gratuita en un radio de 10 km. El hotel opera bajo est\u00e1ndares internacionales de hoteler\u00eda e implementa el Plan Verde de Hoteles <i>City,<\/i> programa ambiental que tiene como objetivo reducir el consumo de energ\u00eda, hacer un uso eficiente del agua y realizar un adecuado manejo de residuos.<\/p>\n<p>\u2730\u2730\u2730\u2730\u2730\u00a0Desde el pasado s\u00e1bado 13 y hasta el 28 de julio se realiza la edici\u00f3n 156 de la Feria de las Flores de San \u00c1ngel, en la delegaci\u00f3n \u00c1lvaro Obreg\u00f3n, celebraci\u00f3n heredera de una gran tradici\u00f3n cultural del M\u00e9xico prehisp\u00e1nico y virreinal que esta vez se realizar\u00e1 en 22 sedes de la demarcaci\u00f3n para presenciar 360 manifestaciones art\u00edsticas y culturales. El secretario de Turismo del DF, <b>Miguel Torruco Marqu\u00e9s<\/b>, acompa\u00f1ado del jefe delegacional, <b>Leonel Luna Estrada<\/b>, hizo notar el arraigo que la festividad tiene entre los habitantes de la delegaci\u00f3n, la identidad cultural para la gente y, en especial, para la ciudad de M\u00e9xico, que enriquece y fortalece su oferta tur\u00edstica. En conferencia de prensa, <b>Torruco Marqu\u00e9s<\/b> hizo notar que la Feria de las Flores de San \u00c1ngel se integra a los paquetes de promoci\u00f3n tur\u00edstica que impulsa la dependencia a su cargo para fortalecer al turismo, los cuales incluyen atractivos descuentos que se pueden consultar a trav\u00e9s de la p\u00e1gina web <a href=\"http:\/\/www.mexicocity.gob.mx\/\" target=\"_blank\">www.mexicocity.gob.mx<\/a> de la Sectur DF. Ese es el objetivo, dijo, de los programas promocionales iniciados por el gobierno del DF este a\u00f1o: Hacer Turismo es Hacer Vida, dirigido a adultos mayores; Disfruta la Ciudad de M\u00e9xico, dise\u00f1ado para aumentar los flujos tur\u00edsticos a la capital del pa\u00eds los fines de semana y el m\u00e1s reciente, Sonrisas por tu Ciudad, el m\u00e1s ambicioso en turismo social. Asimismo, <b>Leonel Luna Estrada<\/b>, dijo que la organizaci\u00f3n de la feria representa una inversi\u00f3n de unos tres millones de pesos, pero que fundamentalmente su organizaci\u00f3n se debe a la participaci\u00f3n vecinal a trav\u00e9s del patronato de la feria y dijo que se espera una asistencia de unos 250 mil visitantes. En esta 156 edici\u00f3n, participar\u00e1n seis naciones por medio de sus representaciones diplom\u00e1ticas; tambi\u00e9n cinco estados de la Rep\u00fablica; por primera vez,\u00a0 cada una de las 15 delegaciones restantes del DF, promover\u00e1n sus atractivos tur\u00edsticos, as\u00ed como 100 floricultores y otros tantos restauranteros. Al informar que con el inicio de la feria, comenzar\u00e1n tambi\u00e9n diversas obras de mejoramiento urbano en la delegaci\u00f3n \u2013a realizarse durante este 2013 y el pr\u00f3ximo a\u00f1o- dijo que durante la feria tambi\u00e9n se conmemoran 50 a\u00f1os de que la flor de Dalia fuera decretada s\u00edmbolo de la Floricultura Nacional. Algunas de las actividades que sobresalen son la actuaci\u00f3n de orquestas y bandas de m\u00fasica;\u00a0\u00a0 Grupos de danza y ballet folkl\u00f3rico; Conciertos de jazz y blues, poes\u00eda y cuenta cuentos; diversas expresiones teatrales de ni\u00f1os y adultos; grupos corales, danza contempor\u00e1nea. El grupo de danza Izcawari, de Bolivia; el espect\u00e1culo Mudhuafak, de danza \u00e1rabe; el grupo El Fac\u00f3n, de trova y milongas argentinas; la actuaci\u00f3n de int\u00e9rpretes de Flamenco, as\u00ed como del Ensamble Libre de Ritmos Africanos.<\/p>\n<p><i><em><a href=\"mailto:victoriagprado@gmail.com\" target=\"_blank\">victoriagprado@gmail.com<\/a><\/em><\/i><\/p>\n","protected":false},"excerpt":{"rendered":"<p>Holbox, un sito a\u00fan desconocido para muchos, es un lugar m\u00e1gico, fresco  rodeado de naturaleza e inigualables paisajes. El hotel Las Nubes de Holbox, en complicidad con el radiante azul turquesa del mar, las playas de arena blanca y la mejor puesta de sol que existe en la Riviera Maya, te recibir\u00e1 en este verano. Las fotos tendr\u00e1n como tel\u00f3n de fondo el ocaso del mar Caribe, lo que dar\u00e1 un toque especial a ese momento que recordar\u00e1s y compartir\u00e1s con tus seres queridos, donde velas y antorchas iluminar\u00e1n las mesas. <\/p>\n","protected":false},"author":3,"featured_media":140019,"comment_status":"open","ping_status":"open","sticky":false,"template":"","format":"standard","meta":{"_monsterinsights_skip_tracking":false,"_monsterinsights_sitenote_active":false,"_monsterinsights_sitenote_note":"","_monsterinsights_sitenote_category":0,"footnotes":""},"categories":[11],"tags":[107,17296,43681,106],"class_list":["post-139942","post","type-post","status-publish","format-standard","has-post-thumbnail","hentry","category-turismo","tag-de-cinco-estrellas","tag-feria-de-las-flores","tag-turismo","tag-victoria-gonzalez-prado"],"_links":{"self":[{"href":"https:\/\/www.diarioimagen.net\/index.php?rest_route=\/wp\/v2\/posts\/139942","targetHints":{"allow":["GET"]}}],"collection":[{"href":"https:\/\/www.diarioimagen.net\/index.php?rest_route=\/wp\/v2\/posts"}],"about":[{"href":"https:\/\/www.diarioimagen.net\/index.php?rest_route=\/wp\/v2\/types\/post"}],"author":[{"embeddable":true,"href":"https:\/\/www.diarioimagen.net\/index.php?rest_route=\/wp\/v2\/users\/3"}],"replies":[{"embeddable":true,"href":"https:\/\/www.diarioimagen.net\/index.php?rest_route=%2Fwp%2Fv2%2Fcomments&post=139942"}],"version-history":[{"count":0,"href":"https:\/\/www.diarioimagen.net\/index.php?rest_route=\/wp\/v2\/posts\/139942\/revisions"}],"wp:featuredmedia":[{"embeddable":true,"href":"https:\/\/www.diarioimagen.net\/index.php?rest_route=\/wp\/v2\/media\/140019"}],"wp:attachment":[{"href":"https:\/\/www.diarioimagen.net\/index.php?rest_route=%2Fwp%2Fv2%2Fmedia&parent=139942"}],"wp:term":[{"taxonomy":"category","embeddable":true,"href":"https:\/\/www.diarioimagen.net\/index.php?rest_route=%2Fwp%2Fv2%2Fcategories&post=139942"},{"taxonomy":"post_tag","embeddable":true,"href":"https:\/\/www.diarioimagen.net\/index.php?rest_route=%2Fwp%2Fv2%2Ftags&post=139942"}],"curies":[{"name":"wp","href":"https:\/\/api.w.org\/{rel}","templated":true}]}}