{"id":140027,"date":"2013-07-16T00:02:37","date_gmt":"2013-07-16T05:02:37","guid":{"rendered":"http:\/\/www.diarioimagen.net\/?p=140027"},"modified":"2013-07-17T02:49:15","modified_gmt":"2013-07-17T07:49:15","slug":"mancera-anuncia-plan-de-seguridad-alimentaria","status":"publish","type":"post","link":"https:\/\/www.diarioimagen.net\/?p=140027","title":{"rendered":"Mancera anuncia plan de seguridad alimentaria en DF"},"content":{"rendered":"<ul>\n<li><em><strong>El jefe del GDF se\u00f1ala que su objetivo ser\u00e1 desarrollar programas productivos y buscar descuentos de hasta 60% en b\u00e1sicos<\/strong><\/em><\/li>\n<\/ul>\n<div id=\"attachment_140028\" style=\"width: 250px\" class=\"wp-caption alignleft\"><a href=\"http:\/\/www.diarioimagen.net\/wp-content\/uploads\/2013\/07\/Mancera-PORTAL.jpg\"><img loading=\"lazy\" decoding=\"async\" aria-describedby=\"caption-attachment-140028\" class=\"size-medium wp-image-140028 \" alt=\"Al respecto, Mancera Espinosa detall\u00f3 que en la Asamblea Legislativa del Distrito Federal (ALDF) ya se est\u00e1 trabajando en una iniciativa que garantice esta seguridad alimentaria.\" src=\"http:\/\/www.diarioimagen.net\/wp-content\/uploads\/2013\/07\/Mancera-PORTAL-240x160.jpg\" width=\"240\" height=\"160\" srcset=\"https:\/\/www.diarioimagen.net\/wp-content\/uploads\/2013\/07\/Mancera-PORTAL-240x160.jpg 240w, https:\/\/www.diarioimagen.net\/wp-content\/uploads\/2013\/07\/Mancera-PORTAL-420x280.jpg 420w, https:\/\/www.diarioimagen.net\/wp-content\/uploads\/2013\/07\/Mancera-PORTAL.jpg 480w\" sizes=\"auto, (max-width: 240px) 100vw, 240px\" \/><\/a><p id=\"caption-attachment-140028\" class=\"wp-caption-text\">El jefe de gobierno del DF, Miguel \u00c1ngel Mancera, anunci\u00f3 la puesta en marcha de un plan de seguridad alimentaria para los capitalinos.<\/p><\/div>\n<p>El jefe de gobierno del Distrito Federal, Miguel \u00c1ngel Mancera Espinosa, inform\u00f3 que a principios del pr\u00f3ximo mes presentar\u00e1 un programa para garantizar el derecho a la seguridad alimentaria en esta capital.<\/p>\n<p>El mandatario local detall\u00f3 que este programa contempla dos vertientes: por un lado tendr\u00e1 una interacci\u00f3n con la poblaci\u00f3n para desarrollar programas productivos y contribuir\u00e1 tambi\u00e9n a regenerar el tejido social.<\/p>\n<p>Adem\u00e1s de que se buscar\u00e1 otorgar productos de la canasta b\u00e1sica con descuentos de hasta 60 por ciento, pero -aclar\u00f3- \u201cno queremos regalar despensas\u201d, por lo que se hace el an\u00e1lisis para determinar la poblaci\u00f3n objetivo de este programa social.<\/p>\n<p>En conferencia de prensa, puntualiz\u00f3 que este programa que presentar\u00e1 no se contrapone con la Cruzada Nacional Contra el Hambre, la cual se aplicar\u00e1 s\u00f3lo en cuatro delegaciones pol\u00edticas y en donde se plantea una poblaci\u00f3n objetivo aproximadamente de 100 mil personas.<\/p>\n<p>Mientras, precis\u00f3 que \u201cel gobierno capitalino podr\u00eda llegar hasta un mill\u00f3n de personas\u201d, con el programa que adelant\u00f3 ayer.<\/p>\n<p>Al respecto, Mancera Espinosa detall\u00f3 que en la ALDF ya se est\u00e1 trabajando en una iniciativa que garantice esta seguridad alimentaria.<\/p>\n<p>Previo a la conferencia, el jefe de gobierno acudi\u00f3 a la conformaci\u00f3n del Frente Aut\u00e9ntico del Campo, integrado por diversas organizaciones del sector, el cual busca generar una fuerza com\u00fan en todo el pa\u00eds para solucionar las problem\u00e1ticas que enfrenta el agro mexicano.<\/p>\n<p>En su oportunidad, el l\u00edder de El Barz\u00f3n, Alfonso Ram\u00edrez Cu\u00e9llar, destac\u00f3 que las organizaciones que componen este frente son de naturaleza diversa, ya que representan a contingentes ind\u00edgenas, medianos y peque\u00f1os productores de diversos productos, as\u00ed como trabajadores para el autoconsumo e incuso, migrantes.<\/p>\n<p>En el evento, Mancera Espinosa reiter\u00f3 a los trabajadores del campo su compromiso para trabajar en favor de este sector en la capital del pa\u00eds, as\u00ed como garantizar la seguridad alimentaria. En el acto, realizado en un hotel del Centro Hist\u00f3rico, se dieron cita los integrantes y dirigentes de diversas organizaciones como El Barz\u00f3n, la Central Independiente de Obreros y Campesinos y la Uni\u00f3n Nacional de Trabajadores Agr\u00edcolas, entre otras.<\/p>\n","protected":false},"excerpt":{"rendered":"<p>El jefe del Gobierno del Distrito Federal Miguel \u00c1ngel Mancera Espinosa inform\u00f3 que a principios del pr\u00f3ximo mes presentar\u00e1 un programa para garantizar el derecho a la seguridad alimentaria en la capital del pa\u00eds.<\/p>\n","protected":false},"author":5,"featured_media":140148,"comment_status":"open","ping_status":"open","sticky":false,"template":"","format":"standard","meta":{"_monsterinsights_skip_tracking":false,"_monsterinsights_sitenote_active":false,"_monsterinsights_sitenote_note":"","_monsterinsights_sitenote_category":0,"footnotes":""},"categories":[17,6],"tags":[25880,5314,10901],"class_list":["post-140027","post","type-post","status-publish","format-standard","has-post-thumbnail","hentry","category-especiales","category-cd-de-mexico","tag-cruzada-nacional-contra-el-hambre","tag-miguel-angel-mancera-espinosa","tag-seguridad-alimentaria"],"_links":{"self":[{"href":"https:\/\/www.diarioimagen.net\/index.php?rest_route=\/wp\/v2\/posts\/140027","targetHints":{"allow":["GET"]}}],"collection":[{"href":"https:\/\/www.diarioimagen.net\/index.php?rest_route=\/wp\/v2\/posts"}],"about":[{"href":"https:\/\/www.diarioimagen.net\/index.php?rest_route=\/wp\/v2\/types\/post"}],"author":[{"embeddable":true,"href":"https:\/\/www.diarioimagen.net\/index.php?rest_route=\/wp\/v2\/users\/5"}],"replies":[{"embeddable":true,"href":"https:\/\/www.diarioimagen.net\/index.php?rest_route=%2Fwp%2Fv2%2Fcomments&post=140027"}],"version-history":[{"count":0,"href":"https:\/\/www.diarioimagen.net\/index.php?rest_route=\/wp\/v2\/posts\/140027\/revisions"}],"wp:featuredmedia":[{"embeddable":true,"href":"https:\/\/www.diarioimagen.net\/index.php?rest_route=\/wp\/v2\/media\/140148"}],"wp:attachment":[{"href":"https:\/\/www.diarioimagen.net\/index.php?rest_route=%2Fwp%2Fv2%2Fmedia&parent=140027"}],"wp:term":[{"taxonomy":"category","embeddable":true,"href":"https:\/\/www.diarioimagen.net\/index.php?rest_route=%2Fwp%2Fv2%2Fcategories&post=140027"},{"taxonomy":"post_tag","embeddable":true,"href":"https:\/\/www.diarioimagen.net\/index.php?rest_route=%2Fwp%2Fv2%2Ftags&post=140027"}],"curies":[{"name":"wp","href":"https:\/\/api.w.org\/{rel}","templated":true}]}}