{"id":140194,"date":"2013-07-16T00:04:13","date_gmt":"2013-07-16T05:04:13","guid":{"rendered":"http:\/\/www.diarioimagen.net\/?p=140194"},"modified":"2013-07-17T01:27:42","modified_gmt":"2013-07-17T06:27:42","slug":"bajo-el-signo-de-la-mariguana","status":"publish","type":"post","link":"https:\/\/www.diarioimagen.net\/?p=140194","title":{"rendered":"Bajo el signo de la mariguana"},"content":{"rendered":"<h2>Punto por punto<\/h2>\n<h5>Augusto Corro<\/h5>\n<p><span><br \/>\nCada vez se confirma el amor al dinero por parte del ex presidente Vicente Fox.\u00a0 El domingo pasado el guanajuatense nos dio pena ajena en una entrevista en la que trat\u00f3 de ser gracioso, pero lo \u00fanico que consigui\u00f3 fue confirmar su frivolidad en las declaraciones.<\/span><\/p>\n<p>Entre otras de sus barbaridades dijo que ha sido el mejor mandatario mexicano.<\/p>\n<p>El periodista le pregunt\u00f3:<\/p>\n<p>\u201cYa en serio, don Vicente, \u00bffue mejor presidente que qui\u00e9n y peor que cu\u00e1l?<\/p>\n<p>Contest\u00f3 Fox:<\/p>\n<p>\u201cPues mira, me los llevo de calle a todos, incluido a Ju\u00e1rez\u201d. Sin palabras. \u00bfC\u00f3mo es posible que un ex presidente de M\u00e9xico ni siquiera conozca la historia de su pa\u00eds y menos la biograf\u00eda de sus hombres ilustres?<\/p>\n<p>En su af\u00e1n de escandalizar, a Fox no le importa irse contra los h\u00e9roes patrios.<\/p>\n<p>En fin, el ex presidente neopanista desde hace tiempo se comporta como el payaso del circo pol\u00edtico.<\/p>\n<p>Ahora est\u00e1 metido en la promoci\u00f3n de la legalizaci\u00f3n de la mariguana. En su Centro Fox habr\u00e1 deliberaciones sobre el tema.\u00a0 Su meta es convertirse en narcopol\u00edtico dentro de la ley, porque los elogios al consumo de la droga ya los hace sin miramiento alguno.<\/p>\n<p>Dijo al entrevistador que la mariguana no es el fantasma que nos han inventado, \u201chay cosas peores\u201d.<\/p>\n<p>Tambi\u00e9n se\u00f1al\u00f3 que ser\u00e1 un activista de la \u201cjuanita\u201d, porque es una soluci\u00f3n para M\u00e9xico. Seguro, el negocio y las ganancias econ\u00f3micas ya est\u00e1n calculados, debidamente.<\/p>\n<p style=\"text-align: center;\"><b>NOVELA NEGRA<\/b><\/p>\n<p>El caso Granier es ahora una novela negra de largo aliento.\u00a0 A la hora de escribir estas l\u00edneas, la noticia del momento se refer\u00eda al secuestro del notario p\u00fablico, Heberto Taracena Ruiz, quien tambi\u00e9n ha participado en la vida pol\u00edtica de Tabasco. Seg\u00fan reportes de aquella entidad, el presidente del Colegio de Notarios de Tabasco fue interceptado y secuestrado por un grupo de personas armadas, cuando viajaba en su veh\u00edculo en un camino intermunicipal, en Cunduac\u00e1n. El hecho ocurri\u00f3 el domingo al mediod\u00eda.<\/p>\n<p>El notario Taracena Ruiz fue el que dio fe, el 22 de mayo, de la presentaci\u00f3n\u00a0 de 88.5 millones de pesos, en efectivo, \u201cpresuntamente propiedad de Jos\u00e9 S\u00e1iz Pineda, ex secretario de Finanzas del ex gobernador Andr\u00e9s Granier Melo.<\/p>\n<p>Ya en otras ocasiones, Taracena Ruiz sufri\u00f3 un asalto en su domicilio, de donde personas armadas se llevaron dinero y una camioneta de su hijo.<\/p>\n<p>Habr\u00e1 que esperar para saber si se solicita alg\u00fan dinero para el rescate.<\/p>\n<p>Este caso vuelve a poner ante la opini\u00f3n p\u00fablica el caso de Granier, quien se encuentra en una c\u00e1rcel del Distrito Federal, aquejado de problemas cardiacos.\u00a0 El tabasque\u00f1o no se siente c\u00f3modo en la prisi\u00f3n y busca residir en el hospital alejado de su celda.<\/p>\n<p>En tanto, un juez de distrito, con sede en Villahermosa, Tabasco, dict\u00f3 dos \u00f3rdenes de aprehensi\u00f3n contra Fabi\u00e1n Granier Calles, hijo del mencionado ex mandatario, \u201ccomo probable responsable de los delitos de lavado de dinero y enriquecimiento il\u00edcito\u201d.<\/p>\n<p>El caso Granier empez\u00f3\u00a0 con las investigaciones que realizan las autoridades tabasque\u00f1as, \u201cpor el desfalco de m\u00e1s de 2 mil 400 millones de pesos al erario p\u00fablico\u201d.<\/p>\n<p>Luego de una serie de denuncias, el ex gobernador dej\u00f3 su residencia en Miami para venir al Distrito Federal a enfrentar a la justicia.<\/p>\n<p>Aunque el acusado cometi\u00f3 los delitos en Tabasco, es hora que se defiende, con todo lo que se encuentra a su alcance, para no ir a rendir cuentas a la justicia en la entidad mencionada.\u00a0 Como se\u00f1alamos arriba, el asunto se alarga cada d\u00eda y elementos nuevos, como el secuestro del notario Taracena Ruiz lo vuelven m\u00e1s complejo.<\/p>\n<p><em><a href=\"mailto:aco2742@hotmail.com\" target=\"_blank\">aco2742@hotmail.com<\/a><\/em><\/p>\n","protected":false},"excerpt":{"rendered":"<p><span style=\"color: #005497;\"><strong>Augusto Corro<\/strong><\/span><\/p>\n","protected":false},"author":1,"featured_media":0,"comment_status":"open","ping_status":"open","sticky":false,"template":"","format":"standard","meta":{"_monsterinsights_skip_tracking":false,"_monsterinsights_sitenote_active":false,"_monsterinsights_sitenote_note":"","_monsterinsights_sitenote_category":0,"footnotes":""},"categories":[157],"tags":[43686,43674,11515],"class_list":["post-140194","post","type-post","status-publish","format-standard","hentry","category-augusto-corro","tag-augusto-corro","tag-opinion","tag-punto-por-punto"],"_links":{"self":[{"href":"https:\/\/www.diarioimagen.net\/index.php?rest_route=\/wp\/v2\/posts\/140194","targetHints":{"allow":["GET"]}}],"collection":[{"href":"https:\/\/www.diarioimagen.net\/index.php?rest_route=\/wp\/v2\/posts"}],"about":[{"href":"https:\/\/www.diarioimagen.net\/index.php?rest_route=\/wp\/v2\/types\/post"}],"author":[{"embeddable":true,"href":"https:\/\/www.diarioimagen.net\/index.php?rest_route=\/wp\/v2\/users\/1"}],"replies":[{"embeddable":true,"href":"https:\/\/www.diarioimagen.net\/index.php?rest_route=%2Fwp%2Fv2%2Fcomments&post=140194"}],"version-history":[{"count":0,"href":"https:\/\/www.diarioimagen.net\/index.php?rest_route=\/wp\/v2\/posts\/140194\/revisions"}],"wp:attachment":[{"href":"https:\/\/www.diarioimagen.net\/index.php?rest_route=%2Fwp%2Fv2%2Fmedia&parent=140194"}],"wp:term":[{"taxonomy":"category","embeddable":true,"href":"https:\/\/www.diarioimagen.net\/index.php?rest_route=%2Fwp%2Fv2%2Fcategories&post=140194"},{"taxonomy":"post_tag","embeddable":true,"href":"https:\/\/www.diarioimagen.net\/index.php?rest_route=%2Fwp%2Fv2%2Ftags&post=140194"}],"curies":[{"name":"wp","href":"https:\/\/api.w.org\/{rel}","templated":true}]}}