{"id":140223,"date":"2013-07-17T00:10:59","date_gmt":"2013-07-17T05:10:59","guid":{"rendered":"http:\/\/www.diarioimagen.net\/?p=140223"},"modified":"2013-07-17T03:26:44","modified_gmt":"2013-07-17T08:26:44","slug":"en-abril-el-desempleo-en-mexico-bajo-a-5-2","status":"publish","type":"post","link":"https:\/\/www.diarioimagen.net\/?p=140223","title":{"rendered":"En abril, el desempleo en M\u00e9xico baj\u00f3 a 5.2%"},"content":{"rendered":"<ul>\n<li><em><strong>El organismo refiere que el a\u00f1o pasado nuestro pa\u00eds registr\u00f3 3.3% de incremento en plazas laborales<\/strong><\/em><\/li>\n<\/ul>\n<div id=\"attachment_140224\" style=\"width: 250px\" class=\"wp-caption alignleft\"><a href=\"http:\/\/www.diarioimagen.net\/wp-content\/uploads\/2013\/07\/Desempleo-PORTAL.jpg\"><img loading=\"lazy\" decoding=\"async\" aria-describedby=\"caption-attachment-140224\" class=\"size-medium wp-image-140224 \" alt=\"Los j\u00f3venes son quienes m\u00e1s consultan el aviso oportuno para buscar empleo, que seg\u00fan la OCDE, baj\u00f3 a 5.2%, pues lleg\u00f3 a niveles de 6 por ciento.\" src=\"http:\/\/www.diarioimagen.net\/wp-content\/uploads\/2013\/07\/Desempleo-PORTAL-240x135.jpg\" width=\"240\" height=\"135\" srcset=\"https:\/\/www.diarioimagen.net\/wp-content\/uploads\/2013\/07\/Desempleo-PORTAL-240x135.jpg 240w, https:\/\/www.diarioimagen.net\/wp-content\/uploads\/2013\/07\/Desempleo-PORTAL-420x236.jpg 420w, https:\/\/www.diarioimagen.net\/wp-content\/uploads\/2013\/07\/Desempleo-PORTAL-235x132.jpg 235w, https:\/\/www.diarioimagen.net\/wp-content\/uploads\/2013\/07\/Desempleo-PORTAL-202x114.jpg 202w, https:\/\/www.diarioimagen.net\/wp-content\/uploads\/2013\/07\/Desempleo-PORTAL-350x196.jpg 350w, https:\/\/www.diarioimagen.net\/wp-content\/uploads\/2013\/07\/Desempleo-PORTAL-220x123.jpg 220w, https:\/\/www.diarioimagen.net\/wp-content\/uploads\/2013\/07\/Desempleo-PORTAL-237x132.jpg 237w, https:\/\/www.diarioimagen.net\/wp-content\/uploads\/2013\/07\/Desempleo-PORTAL.jpg 480w\" sizes=\"auto, (max-width: 240px) 100vw, 240px\" \/><\/a><p id=\"caption-attachment-140224\" class=\"wp-caption-text\">Los j\u00f3venes son quienes m\u00e1s consultan el aviso oportuno para buscar empleo, que seg\u00fan la OCDE, baj\u00f3 a 5.2%, pues lleg\u00f3 a niveles de 6 por ciento.<\/p><\/div>\n<p>El mercado laboral mexicano se ha comportado mejor que muchas otras econom\u00edas que integran la OCDE, pero la tasa de desempleo permanece a un nivel m\u00e1s elevado que antes de la crisis, aunque a\u00fan por debajo de la media del organismo.<\/p>\n<p>La Organizaci\u00f3n para la Cooperaci\u00f3n y el Desarrollo Econ\u00f3micos (OCDE) refiri\u00f3 que el a\u00f1o pasado M\u00e9xico registr\u00f3 el mayor crecimiento econ\u00f3mico entre los 34 pa\u00edses del organismo, despu\u00e9s de Chile, a 3.9 por ciento y el incremento m\u00e1s fuerte en empleo a 3.3 por ciento.<\/p>\n<p>Despu\u00e9s de que la tasa de desempleo alcanzara en septiembre de 2009 un m\u00e1ximo de 6.0 por ciento, se redujo hasta 5.2 por ciento en abril 2013, aunque permaneci\u00f3 m\u00e1s de un punto porcentual arriba que antes de la crisis.<\/p>\n<p>De acuerdo con su informe anual \u201cPerspectiva del empleo 2013\u201d, difundido ayer, este diferencial podr\u00eda persistir a lo largo de 2013 y 2014, impulsado por el d\u00e9bil crecimiento econ\u00f3mico en la zona OCDE.<\/p>\n<p>Considera que reducir el empleo informal es todav\u00eda un desaf\u00edo para el pa\u00eds, pues m\u00e1s de 60 por ciento del empleo es informal, lo que implica que muchos trabajadores permanecen fuera del alcance de la regulaci\u00f3n del mercado laboral y de la protecci\u00f3n social.<\/p>\n<p>La tasa relativamente baja de desocupaci\u00f3n se explica por la ausencia de un sistema p\u00fablico de prestaciones por desempleo, lo que significa que muchos trabajadores que pierden su empleo tienen que tomar la primera oportunidad de trabajo que se les presente.<\/p>\n<p>As\u00ed, contin\u00faa, aquellos trabajadores que perdieron su empleo en el sector formal despu\u00e9s de la crisis financiera global se volcaron hacia el sector informal para compensar la p\u00e9rdida de ingresos, lo que ha derivado que gran parte del robusto crecimiento econ\u00f3mico ha sido en empleo informal.<\/p>\n<p>La proporci\u00f3n de poblaci\u00f3n en edad laboral que se desempe\u00f1a en el sector informal alcanz\u00f3 en el primer trimestre de 2013 el nivel previo a la recesi\u00f3n, en especial las mujeres, mientras que el empleo formal permaneci\u00f3 en alrededor de tres cuartos de punto porcentual por debajo del nivel previo a la recesi\u00f3n.<\/p>\n<p>El organismo internacional estima que las perspectivas laborales de la poblaci\u00f3n joven en M\u00e9xico deben reforzarse, ya que la mayor parte de las personas que tienen entre 15 y 24 a\u00f1os, en espec\u00edfico las mujeres, permanecen fuera del mercado laboral, del educativo y formativo.<\/p>\n<p>M\u00e9xico ocupa el segundo lugar con una mayor proporci\u00f3n de j\u00f3venes mexicanos que ni estudian ni trabajan, denominados \u201cninis\u201d, el segundo m\u00e1s alto en la OCDE despu\u00e9s de Turqu\u00eda, y m\u00e1s de un tercio de las mujeres j\u00f3venes est\u00e1n dentro de esta categor\u00eda en comparaci\u00f3n con uno de cada 10 hombres.<\/p>\n<p>Explica que aunque algunas mujeres no buscan empleo para ocuparse de sus hijos, para otras esta situaci\u00f3n refleja las dificultades que tienen los j\u00f3venes para acceder y permanecer en el mercado laboral.<\/p>\n<p>El informe se\u00f1ala que aunque en M\u00e9xico el \u00edndice de empleo haya disminuido, las tasas de personas que ni estudian ni trabajan han permanecido estables desde la recesi\u00f3n.<\/p>\n<p>Lo anterior, se\u00f1ala el organismo, debido al incremento en la proporci\u00f3n de j\u00f3venes que estudian o toman otra formaci\u00f3n, tendencia que es prometedora, ya que un mayor acceso a la educaci\u00f3n podr\u00eda ayudar a acceder al sector de empleo formal.<\/p>\n<p>Considera que es necesario fomentar un mayor inmersi\u00f3n al mercado laboral para las mujeres, pues en M\u00e9xico se refleja que este segmento de la poblaci\u00f3n tiene baja participaci\u00f3n en comparaci\u00f3n con la media en la OCDE.<\/p>\n<p>En el tercer trimestre de 2012, el acceso al trabajo para las mujeres en M\u00e9xico fue de 47 por ciento, la tasa m\u00e1s baja de los pa\u00edses que integran al organismo despu\u00e9s de Turqu\u00eda, la cual a su vez ha permanecido estable desde antes de la recesi\u00f3n.<\/p>\n<p>\u201cAumentar la tasa de participaci\u00f3n de las mujeres mejorando sus oportunidades laborales deber\u00eda promover el potencial econ\u00f3mico de M\u00e9xico y reducir el riesgo de pobreza\u201d.<b><br \/>\n<\/b><\/p>\n","protected":false},"excerpt":{"rendered":"<p>El mercado laboral mexicano se ha comportado mejor que muchas otras econom\u00edas que integran la OCDE, pero la tasa de desempleo permanece a un nivel m\u00e1s elevado que antes de la crisis, aunque a\u00fan por debajo de la media del organismo.<\/p>\n","protected":false},"author":5,"featured_media":140224,"comment_status":"open","ping_status":"open","sticky":false,"template":"","format":"standard","meta":{"_monsterinsights_skip_tracking":false,"_monsterinsights_sitenote_active":false,"_monsterinsights_sitenote_note":"","_monsterinsights_sitenote_category":0,"footnotes":""},"categories":[3],"tags":[482,360],"class_list":["post-140223","post","type-post","status-publish","format-standard","has-post-thumbnail","hentry","category-nacional","tag-desempleo","tag-ocde"],"_links":{"self":[{"href":"https:\/\/www.diarioimagen.net\/index.php?rest_route=\/wp\/v2\/posts\/140223","targetHints":{"allow":["GET"]}}],"collection":[{"href":"https:\/\/www.diarioimagen.net\/index.php?rest_route=\/wp\/v2\/posts"}],"about":[{"href":"https:\/\/www.diarioimagen.net\/index.php?rest_route=\/wp\/v2\/types\/post"}],"author":[{"embeddable":true,"href":"https:\/\/www.diarioimagen.net\/index.php?rest_route=\/wp\/v2\/users\/5"}],"replies":[{"embeddable":true,"href":"https:\/\/www.diarioimagen.net\/index.php?rest_route=%2Fwp%2Fv2%2Fcomments&post=140223"}],"version-history":[{"count":0,"href":"https:\/\/www.diarioimagen.net\/index.php?rest_route=\/wp\/v2\/posts\/140223\/revisions"}],"wp:featuredmedia":[{"embeddable":true,"href":"https:\/\/www.diarioimagen.net\/index.php?rest_route=\/wp\/v2\/media\/140224"}],"wp:attachment":[{"href":"https:\/\/www.diarioimagen.net\/index.php?rest_route=%2Fwp%2Fv2%2Fmedia&parent=140223"}],"wp:term":[{"taxonomy":"category","embeddable":true,"href":"https:\/\/www.diarioimagen.net\/index.php?rest_route=%2Fwp%2Fv2%2Fcategories&post=140223"},{"taxonomy":"post_tag","embeddable":true,"href":"https:\/\/www.diarioimagen.net\/index.php?rest_route=%2Fwp%2Fv2%2Ftags&post=140223"}],"curies":[{"name":"wp","href":"https:\/\/api.w.org\/{rel}","templated":true}]}}