{"id":140291,"date":"2013-07-17T00:09:11","date_gmt":"2013-07-17T05:09:11","guid":{"rendered":"http:\/\/www.diarioimagen.net\/?p=140291"},"modified":"2013-07-17T03:07:25","modified_gmt":"2013-07-17T08:07:25","slug":"mancera-firma-la-iniciativa-sobre-los-uniformes-escolares","status":"publish","type":"post","link":"https:\/\/www.diarioimagen.net\/?p=140291","title":{"rendered":"Mancera firma la iniciativa sobre los uniformes escolares"},"content":{"rendered":"<ul>\n<li><strong><em>El programa actualmente beneficia a casi un mill\u00f3n 250 mil alumnos del nivel b\u00e1sico<\/em><\/strong><\/li>\n<\/ul>\n<div id=\"attachment_140410\" style=\"width: 250px\" class=\"wp-caption alignleft\"><a href=\"http:\/\/www.diarioimagen.net\/wp-content\/uploads\/2013\/07\/Mancera-2143.jpg\"><img loading=\"lazy\" decoding=\"async\" aria-describedby=\"caption-attachment-140410\" class=\"size-medium wp-image-140410\" alt=\"Con este abrazo a una ni\u00f1a del nivel preescolar, el jefe de gobierno rubric\u00f3 la iniciativa que envi\u00f3 a la ALDF, para que por ley se entreguen uniformes escolares a los ni\u00f1os.\" src=\"http:\/\/www.diarioimagen.net\/wp-content\/uploads\/2013\/07\/Mancera-2143-240x159.jpg\" width=\"240\" height=\"159\" srcset=\"https:\/\/www.diarioimagen.net\/wp-content\/uploads\/2013\/07\/Mancera-2143-240x159.jpg 240w, https:\/\/www.diarioimagen.net\/wp-content\/uploads\/2013\/07\/Mancera-2143-420x278.jpg 420w, https:\/\/www.diarioimagen.net\/wp-content\/uploads\/2013\/07\/Mancera-2143.jpg 500w\" sizes=\"auto, (max-width: 240px) 100vw, 240px\" \/><\/a><p id=\"caption-attachment-140410\" class=\"wp-caption-text\">Con este abrazo a una ni\u00f1a del nivel preescolar, el jefe de gobierno rubric\u00f3 la iniciativa que envi\u00f3 a la ALDF, para que por ley se entreguen uniformes escolares a los ni\u00f1os.<\/p><\/div>\n<p>El jefe de gobierno del Distrito Federal, Miguel \u00c1ngel Mancera, firm\u00f3 la iniciativa de ley para que la entrega gratuita de uniformes escolares ya no sea un programa, sino una obligaci\u00f3n para el gobierno capitalino.<\/p>\n<p>La medida, que hab\u00eda anunciado hace un mes el propio Mancera, ser\u00e1 remitida en breve a la Asamblea Legislativa del Distrito Federal (ALDF) para que se analizada y eventualmente aprobada.<\/p>\n<p>El anuncio lo hizo en la entrega de tarjetas electr\u00f3nicas por parte de la Secretar\u00eda de Desarrollo Social (Sedeso) del DF para la compra de \u00fatiles y uniformes escolares de forma gratuita a un mill\u00f3n 250 mil pesos.<\/p>\n<p>Mancera Espinosa precis\u00f3 que actualmente el programa de \u00datiles Escolares Gratuitos beneficia a un mill\u00f3n 250 mil estudiantes de Preescolar, Primaria y Secundaria de 4 mil 700 escuelas, al igual que el de Uniformes Escolares, sin embargo solo el primero est\u00e1 respaldado por una ley, de ah\u00ed la importancia de brindarle certeza jur\u00eddica y asegurar que los peque\u00f1os contin\u00faen recibiendo apoyo en el futuro.<\/p>\n<p>\u201cPor eso, es que pensamos y llevamos a los hechos algo que ofrec\u00ed, hoy mismo vamos a suscribir una ley que vamos a enviar a la Asamblea Legislativa para que las dos cosas sean obligatorias, para que las dos sean un derecho\u201d.<\/p>\n<p>Ante cientos de beneficiarios que se dieron cita en el Teatro Metrop\u00f3litan, el mandatario capitalino celebr\u00f3 la iniciativa de la Secretar\u00eda de Desarrollo Social del Distrito Federal (Sedeso DF) utilizar vales electr\u00f3nicos, ya que al emplear la tecnolog\u00eda facilita a\u00a0los padres de familia y a\u00a0los alumnos la adquisici\u00f3n de\u00a0\u00fatiles y uniformes escolares, tambi\u00e9n apoya la econom\u00eda de los distribuidores de los insumos.<\/p>\n<p>Detall\u00f3 que adem\u00e1s de los 6 mil 500 establecimientos que ya est\u00e1n afiliados al programa podr\u00e1n sumarse m\u00e1s negocios y explic\u00f3 que\u00a0de manera sencilla, a trav\u00e9s de un dispositivo que\u00a0\u00a0se instala en tel\u00e9fonos celulares o tabletas se puede\u00a0realizar el cobro eficiente y seguro.<\/p>\n<p>Por su parte, la titular de la Sedeso DF, Rosa Icela Rodr\u00edguez, subray\u00f3 que se logr\u00f3\u00a0un padr\u00f3n muy completo, \u201csiendo el m\u00e1s transparente de la historia del programa, totalmente auditable a disposici\u00f3n de los \u00f3rganos de control internos y externos y se inscribieron m\u00e1s comercios que reciben la tarjeta, pasamos de 3 mil 700 a 6 mil 500 beneficiando a los padres de familia y a los peque\u00f1os establecimientos\u201d.<\/p>\n<p>En su oportunidad, el subsecretario de Participaci\u00f3n Ciudadana, Adolfo Savin Cravioto, precis\u00f3 que la entrega del vale electr\u00f3nico se hizo\u00a0de manera transparente y escrupulosa: 205 mil para los ni\u00f1os inscritos en Preescolar, m\u00e1s de 713 mil alumnos de primaria y 240 mil de secundaria. Los que a\u00fan faltan est\u00e1n destinados a los alumnos de nuevo ingreso a educaci\u00f3n preescolar.<\/p>\n<p>\u201cInstalamos toda una plataforma tecnol\u00f3gica a efecto de modernizar los procedimientos administrativos y reducir al m\u00ednimo el riesgo de p\u00e9rdida por robo de los vales, transparentando al mismo tiempo el padr\u00f3n de beneficiarios, con ello cada padre puede controlar su gasto en \u00fatiles y uniformes. A su lado estar\u00e1 el gobierno de la ciudad\u201d.<\/p>\n<p>&nbsp;<\/p>\n","protected":false},"excerpt":{"rendered":"<p>El jefe de gobierno del Distrito Federal, Miguel \u00c1ngel Mancera, firm\u00f3 la iniciativa de ley para que la entrega gratuita de uniformes escolares ya no sea un programa, sino una obligaci\u00f3n para el gobierno capitalino.<\/p>\n","protected":false},"author":3,"featured_media":140410,"comment_status":"open","ping_status":"open","sticky":false,"template":"","format":"standard","meta":{"_monsterinsights_skip_tracking":false,"_monsterinsights_sitenote_active":false,"_monsterinsights_sitenote_note":"","_monsterinsights_sitenote_category":0,"footnotes":""},"categories":[6],"tags":[210,204,39,5314],"class_list":["post-140291","post","type-post","status-publish","format-standard","has-post-thumbnail","hentry","category-cd-de-mexico","tag-aldf","tag-ciudad-de-mexico","tag-distrito-federal","tag-miguel-angel-mancera-espinosa"],"_links":{"self":[{"href":"https:\/\/www.diarioimagen.net\/index.php?rest_route=\/wp\/v2\/posts\/140291","targetHints":{"allow":["GET"]}}],"collection":[{"href":"https:\/\/www.diarioimagen.net\/index.php?rest_route=\/wp\/v2\/posts"}],"about":[{"href":"https:\/\/www.diarioimagen.net\/index.php?rest_route=\/wp\/v2\/types\/post"}],"author":[{"embeddable":true,"href":"https:\/\/www.diarioimagen.net\/index.php?rest_route=\/wp\/v2\/users\/3"}],"replies":[{"embeddable":true,"href":"https:\/\/www.diarioimagen.net\/index.php?rest_route=%2Fwp%2Fv2%2Fcomments&post=140291"}],"version-history":[{"count":0,"href":"https:\/\/www.diarioimagen.net\/index.php?rest_route=\/wp\/v2\/posts\/140291\/revisions"}],"wp:featuredmedia":[{"embeddable":true,"href":"https:\/\/www.diarioimagen.net\/index.php?rest_route=\/wp\/v2\/media\/140410"}],"wp:attachment":[{"href":"https:\/\/www.diarioimagen.net\/index.php?rest_route=%2Fwp%2Fv2%2Fmedia&parent=140291"}],"wp:term":[{"taxonomy":"category","embeddable":true,"href":"https:\/\/www.diarioimagen.net\/index.php?rest_route=%2Fwp%2Fv2%2Fcategories&post=140291"},{"taxonomy":"post_tag","embeddable":true,"href":"https:\/\/www.diarioimagen.net\/index.php?rest_route=%2Fwp%2Fv2%2Ftags&post=140291"}],"curies":[{"name":"wp","href":"https:\/\/api.w.org\/{rel}","templated":true}]}}