{"id":140343,"date":"2013-07-17T00:08:47","date_gmt":"2013-07-17T05:08:47","guid":{"rendered":"http:\/\/www.diarioimagen.net\/?p=140343"},"modified":"2013-07-17T03:03:35","modified_gmt":"2013-07-17T08:03:35","slug":"la-uaem-participa-en-conferencia-internacional","status":"publish","type":"post","link":"https:\/\/www.diarioimagen.net\/?p=140343","title":{"rendered":"La UAEM participa en conferencia internacional"},"content":{"rendered":"<ul>\n<li><strong><em>Liderazgo, educaci\u00f3n e investigaci\u00f3n global<\/em><\/strong><\/li>\n<\/ul>\n<p><a href=\"http:\/\/www.diarioimagen.net\/wp-content\/uploads\/2013\/07\/UAEM-2143.jpg\"><img loading=\"lazy\" decoding=\"async\" class=\"alignleft size-medium wp-image-140397\" style=\"margin-right: 9px; margin-bottom: 9px;\" alt=\"UAEM-2143\" src=\"http:\/\/www.diarioimagen.net\/wp-content\/uploads\/2013\/07\/UAEM-2143-240x135.jpg\" width=\"240\" height=\"135\" srcset=\"https:\/\/www.diarioimagen.net\/wp-content\/uploads\/2013\/07\/UAEM-2143-240x135.jpg 240w, https:\/\/www.diarioimagen.net\/wp-content\/uploads\/2013\/07\/UAEM-2143-420x236.jpg 420w, https:\/\/www.diarioimagen.net\/wp-content\/uploads\/2013\/07\/UAEM-2143-235x132.jpg 235w, https:\/\/www.diarioimagen.net\/wp-content\/uploads\/2013\/07\/UAEM-2143-202x114.jpg 202w, https:\/\/www.diarioimagen.net\/wp-content\/uploads\/2013\/07\/UAEM-2143-350x196.jpg 350w, https:\/\/www.diarioimagen.net\/wp-content\/uploads\/2013\/07\/UAEM-2143-220x123.jpg 220w, https:\/\/www.diarioimagen.net\/wp-content\/uploads\/2013\/07\/UAEM-2143-237x132.jpg 237w, https:\/\/www.diarioimagen.net\/wp-content\/uploads\/2013\/07\/UAEM-2143.jpg 480w\" sizes=\"auto, (max-width: 240px) 100vw, 240px\" \/><\/a>La Universidad Aut\u00f3noma del Estado de M\u00e9xico participa en la Conferencia Internacional sobre Liderazgo, Educaci\u00f3n e Investigaci\u00f3n Global. La Universidad: entre la tradici\u00f3n y el cambio, organizada por el Instituto Latinoamericano de Liderazgo Educacional (ILALE), con sede en la Universidad Nova Southeastern de Estados Unidos.<\/p>\n<p>La secretaria de Cooperaci\u00f3n Internacional, Yolanda Ballesteros Sent\u00edes, quien acudi\u00f3 a esta reuni\u00f3n -que se lleva a cabo en Florida, Estados Unidos-, en representaci\u00f3n del rector de la UAEM, Jorge Olvera Garc\u00eda, indic\u00f3 que la instituci\u00f3n participa en el an\u00e1lisis y discusi\u00f3n de temas referentes a la internacionalizaci\u00f3n de la educaci\u00f3n superior, en tanto que a nivel mundial, se ha establecido el espacio abierto para las universidades, con el fin de generar, promover y difundir el conocimiento, a trav\u00e9s de la cooperaci\u00f3n internacional, como elemento integral del desarrollo y la innovaci\u00f3n.<\/p>\n<p>En este contexto, sostuvo, se subray\u00f3 que los enfoques de la internacionalizaci\u00f3n de la universidad son el entendimiento mutuo, la formaci\u00f3n de acad\u00e9micos, la construcci\u00f3n de capacidades interculturales, la b\u00fasqueda y apertura de oportunidades para estudiantes, profesores e investigadores en experiencias internacionales.<\/p>\n<p>Lo anterior, resalt\u00f3 Ballesteros Sent\u00edes, a trav\u00e9s de la movilidad, las investigaciones y publicaciones conjuntas, la posibilidad de generar programas educativos con doble titulaci\u00f3n, as\u00ed como la integraci\u00f3n y fortalecimiento de los componentes internacionales. Subray\u00f3 que de acuerdo con el sello de la administraci\u00f3n que encabeza el rector Jorge Olvera Garc\u00eda, la M\u00e1xima Casa de Estudios mexiquense se adhiere a la globalizaci\u00f3n, mediante un modelo original sustentado en la pertinencia, calidad y cooperaci\u00f3n internacional, formulada de forma transversal en la misi\u00f3n.<\/p>\n","protected":false},"excerpt":{"rendered":"<p>La Universidad Aut\u00f3noma del Estado de M\u00e9xico participa en la Conferencia Internacional sobre Liderazgo, Educaci\u00f3n e Investigaci\u00f3n Global. La Universidad: entre la tradici\u00f3n y el cambio, organizada por el Instituto Latinoamericano de Liderazgo Educacional (ILALE), con sede en la Universidad Nova Southeastern de Estados Unidos.<\/p>\n","protected":false},"author":3,"featured_media":140397,"comment_status":"open","ping_status":"open","sticky":false,"template":"","format":"standard","meta":{"_monsterinsights_skip_tracking":false,"_monsterinsights_sitenote_active":false,"_monsterinsights_sitenote_note":"","_monsterinsights_sitenote_category":0,"footnotes":""},"categories":[5],"tags":[43675,44,1491],"class_list":["post-140343","post","type-post","status-publish","format-standard","has-post-thumbnail","hentry","category-estado-de-mexico","tag-estado-de-mexico","tag-mexico","tag-uaem"],"_links":{"self":[{"href":"https:\/\/www.diarioimagen.net\/index.php?rest_route=\/wp\/v2\/posts\/140343","targetHints":{"allow":["GET"]}}],"collection":[{"href":"https:\/\/www.diarioimagen.net\/index.php?rest_route=\/wp\/v2\/posts"}],"about":[{"href":"https:\/\/www.diarioimagen.net\/index.php?rest_route=\/wp\/v2\/types\/post"}],"author":[{"embeddable":true,"href":"https:\/\/www.diarioimagen.net\/index.php?rest_route=\/wp\/v2\/users\/3"}],"replies":[{"embeddable":true,"href":"https:\/\/www.diarioimagen.net\/index.php?rest_route=%2Fwp%2Fv2%2Fcomments&post=140343"}],"version-history":[{"count":0,"href":"https:\/\/www.diarioimagen.net\/index.php?rest_route=\/wp\/v2\/posts\/140343\/revisions"}],"wp:featuredmedia":[{"embeddable":true,"href":"https:\/\/www.diarioimagen.net\/index.php?rest_route=\/wp\/v2\/media\/140397"}],"wp:attachment":[{"href":"https:\/\/www.diarioimagen.net\/index.php?rest_route=%2Fwp%2Fv2%2Fmedia&parent=140343"}],"wp:term":[{"taxonomy":"category","embeddable":true,"href":"https:\/\/www.diarioimagen.net\/index.php?rest_route=%2Fwp%2Fv2%2Fcategories&post=140343"},{"taxonomy":"post_tag","embeddable":true,"href":"https:\/\/www.diarioimagen.net\/index.php?rest_route=%2Fwp%2Fv2%2Ftags&post=140343"}],"curies":[{"name":"wp","href":"https:\/\/api.w.org\/{rel}","templated":true}]}}