{"id":140373,"date":"2013-07-17T00:07:48","date_gmt":"2013-07-17T05:07:48","guid":{"rendered":"http:\/\/www.diarioimagen.net\/?p=140373"},"modified":"2013-07-17T03:04:28","modified_gmt":"2013-07-17T08:04:28","slug":"acuerdan-mesa-de-dialogo-por-transparencia-en-aldf","status":"publish","type":"post","link":"https:\/\/www.diarioimagen.net\/?p=140373","title":{"rendered":"Acuerdan mesa de di\u00e1logo por transparencia en ALDF"},"content":{"rendered":"<ul>\n<li><strong><em>Con la firma de este documento el \u00f3rgano legislativo se pone a la vanguardia en temas de rendici\u00f3n de cuentas, dice Manuel Granados Covarrubias<\/em><\/strong><\/li>\n<\/ul>\n<div id=\"attachment_140400\" style=\"width: 250px\" class=\"wp-caption alignleft\"><a href=\"http:\/\/www.diarioimagen.net\/wp-content\/uploads\/2013\/07\/aldf-2143.jpg\"><img loading=\"lazy\" decoding=\"async\" aria-describedby=\"caption-attachment-140400\" class=\"size-medium wp-image-140400\" alt=\"La Asamblea Legislativa del Distrito Federal acord\u00f3 abrir una mesa de di\u00e1logo sobre transparencia, que da participaci\u00f3n a organizaciones civiles.\" src=\"http:\/\/www.diarioimagen.net\/wp-content\/uploads\/2013\/07\/aldf-2143-240x135.jpg\" width=\"240\" height=\"135\" srcset=\"https:\/\/www.diarioimagen.net\/wp-content\/uploads\/2013\/07\/aldf-2143-240x135.jpg 240w, https:\/\/www.diarioimagen.net\/wp-content\/uploads\/2013\/07\/aldf-2143-420x236.jpg 420w, https:\/\/www.diarioimagen.net\/wp-content\/uploads\/2013\/07\/aldf-2143-235x132.jpg 235w, https:\/\/www.diarioimagen.net\/wp-content\/uploads\/2013\/07\/aldf-2143-202x114.jpg 202w, https:\/\/www.diarioimagen.net\/wp-content\/uploads\/2013\/07\/aldf-2143-350x196.jpg 350w, https:\/\/www.diarioimagen.net\/wp-content\/uploads\/2013\/07\/aldf-2143-220x123.jpg 220w, https:\/\/www.diarioimagen.net\/wp-content\/uploads\/2013\/07\/aldf-2143-237x132.jpg 237w, https:\/\/www.diarioimagen.net\/wp-content\/uploads\/2013\/07\/aldf-2143.jpg 480w\" sizes=\"auto, (max-width: 240px) 100vw, 240px\" \/><\/a><p id=\"caption-attachment-140400\" class=\"wp-caption-text\">La Asamblea Legislativa del Distrito Federal acord\u00f3 abrir una mesa de di\u00e1logo sobre transparencia, que da participaci\u00f3n a organizaciones civiles.<\/p><\/div>\n<p>Con el prop\u00f3sito de convertir a la Asamblea Legislativa en un parlamento abierto con acceso a la informaci\u00f3n y rendici\u00f3n de cuentas, se firm\u00f3 el acuerdo para el establecimiento y desarrollo de la Mesa de Di\u00e1logo por la Transparencia en el Distrito Federal en Materia Legislativa.<\/p>\n<p>El convenio fue signado por Transparencia Mexicana; Centro de An\u00e1lisis e Investigaci\u00f3n A.C. (Fundar) y Ciudadanos por Municipios Transparentes (Cimtra); el Instituto de Acceso a la Informaci\u00f3n P\u00fablica y Protecci\u00f3n de Datos Personales (InfoDF), y diputados locales.<\/p>\n<p>En su intervenci\u00f3n, el presidente de la Comisi\u00f3n de Gobierno de la Asamblea Legislativa del Distrito Federal, Manuel Granados Covarrubias, consider\u00f3 que con la firma de este acuerdo el \u00f3rgano legislativo se pone a la vanguardia en temas de transparencia y rendici\u00f3n de cuentas.<\/p>\n<p>Con ello, resalt\u00f3, la Asamblea Legislativa del Distrito Federal (ALDF) se convierte en el primer Congreso a nivel nacional y de Am\u00e9rica Latina en seguir la ruta del parlamento abierto, con el concurso de todas las fuerzas pol\u00edticas y el aval de organizaciones sociales y del InfoDF.<\/p>\n<p>A su vez, el presidente de la Comisi\u00f3n de Transparencia de la ALDF, Gabriel G\u00f3mez del Campo, manifest\u00f3 que con el fin de transitar de una democracia gobernada a una democracia gobernante se tom\u00f3 la decisi\u00f3n de instalar dicha Mesa de Di\u00e1logo por la Transparencia.<\/p>\n<p>Explic\u00f3 que el objetivo central de esta instancia ser\u00e1 la de promover la participaci\u00f3n ciudadana para hacer factible el acceso a la informaci\u00f3n y fortalecer los v\u00ednculos entre parlamento y sociedad, con base en la retroalimentaci\u00f3n.<\/p>\n<p>Por su parte, el presidente del InfoDF, \u00d3scar Guerra Ford, expuso que para el instituto es motivo de celebraci\u00f3n que se firme este acuerdo con la Asamblea Legislativa para llevar a cabo la Mesa de Di\u00e1logo por la Transparencia relacionada con la gesti\u00f3n del \u00f3rgano legislativo.<\/p>\n<p>Subray\u00f3 que el prop\u00f3sito es avanzar y profundizar en los instrumentos para transparentar y acceder a la informaci\u00f3n p\u00fablica, as\u00ed como mejorar la rendici\u00f3n de cuentas de la Asamblea Legislativa. La participaci\u00f3n de las instituciones civiles firmantes es garant\u00eda de la seriedad del acuerdo y ofrece una idea clara de la dimensi\u00f3n y los alcances que pueden representar las conclusiones y los compromisos que se deriven de esta mesa de di\u00e1logo.<b><\/b><\/p>\n<p>&nbsp;<\/p>\n","protected":false},"excerpt":{"rendered":"<p>Con el prop\u00f3sito de convertir a la Asamblea Legislativa en un parlamento abierto con acceso a la informaci\u00f3n y rendici\u00f3n de cuentas, se firm\u00f3 el acuerdo para el establecimiento y desarrollo de la Mesa de Di\u00e1logo por la Transparencia en el Distrito Federal en Materia Legislativa.<\/p>\n","protected":false},"author":3,"featured_media":140400,"comment_status":"open","ping_status":"open","sticky":false,"template":"","format":"standard","meta":{"_monsterinsights_skip_tracking":false,"_monsterinsights_sitenote_active":false,"_monsterinsights_sitenote_note":"","_monsterinsights_sitenote_category":0,"footnotes":""},"categories":[6],"tags":[210,204,39,26216],"class_list":["post-140373","post","type-post","status-publish","format-standard","has-post-thumbnail","hentry","category-cd-de-mexico","tag-aldf","tag-ciudad-de-mexico","tag-distrito-federal","tag-transparencia"],"_links":{"self":[{"href":"https:\/\/www.diarioimagen.net\/index.php?rest_route=\/wp\/v2\/posts\/140373","targetHints":{"allow":["GET"]}}],"collection":[{"href":"https:\/\/www.diarioimagen.net\/index.php?rest_route=\/wp\/v2\/posts"}],"about":[{"href":"https:\/\/www.diarioimagen.net\/index.php?rest_route=\/wp\/v2\/types\/post"}],"author":[{"embeddable":true,"href":"https:\/\/www.diarioimagen.net\/index.php?rest_route=\/wp\/v2\/users\/3"}],"replies":[{"embeddable":true,"href":"https:\/\/www.diarioimagen.net\/index.php?rest_route=%2Fwp%2Fv2%2Fcomments&post=140373"}],"version-history":[{"count":0,"href":"https:\/\/www.diarioimagen.net\/index.php?rest_route=\/wp\/v2\/posts\/140373\/revisions"}],"wp:featuredmedia":[{"embeddable":true,"href":"https:\/\/www.diarioimagen.net\/index.php?rest_route=\/wp\/v2\/media\/140400"}],"wp:attachment":[{"href":"https:\/\/www.diarioimagen.net\/index.php?rest_route=%2Fwp%2Fv2%2Fmedia&parent=140373"}],"wp:term":[{"taxonomy":"category","embeddable":true,"href":"https:\/\/www.diarioimagen.net\/index.php?rest_route=%2Fwp%2Fv2%2Fcategories&post=140373"},{"taxonomy":"post_tag","embeddable":true,"href":"https:\/\/www.diarioimagen.net\/index.php?rest_route=%2Fwp%2Fv2%2Ftags&post=140373"}],"curies":[{"name":"wp","href":"https:\/\/api.w.org\/{rel}","templated":true}]}}