{"id":140482,"date":"2013-07-18T00:07:57","date_gmt":"2013-07-18T05:07:57","guid":{"rendered":"http:\/\/www.diarioimagen.net\/?p=140482"},"modified":"2013-07-19T01:33:25","modified_gmt":"2013-07-19T06:33:25","slug":"barbosa-y-cordero-presentan-su-reforma-politica","status":"publish","type":"post","link":"https:\/\/www.diarioimagen.net\/?p=140482","title":{"rendered":"Barbosa y Cordero presentan su reforma pol\u00edtica"},"content":{"rendered":"<h2>Tras la puerta del poder<\/h2>\n<h5>Roberto Vizca\u00edno<\/h5>\n<p>&nbsp;<\/p>\n<ul>\n<li><strong><i>La dupla \u00a0insospechada, pretende modificar el r\u00e9gimen presidencialista y entrar a un semiparlamentarismo<\/i><\/strong><\/li>\n<li><strong><i>Vald\u00e9s Zurita aclar\u00f3 que el IFE est\u00e1 ya facultado para conducir y calificar elecciones en los estados<\/i><\/strong><\/li>\n<li><strong><i>El gobierno de Pe\u00f1a Nieto reparte miles de millones de pesos de participaciones a estados<\/i><\/strong><\/li>\n<\/ul>\n<div id=\"attachment_140581\" style=\"width: 250px\" class=\"wp-caption alignleft\"><a href=\"http:\/\/www.diarioimagen.net\/wp-content\/uploads\/2013\/07\/CRECIMIENTO-trizas-2144.jpg\"><img loading=\"lazy\" decoding=\"async\" aria-describedby=\"caption-attachment-140581\" class=\"size-medium wp-image-140581\" alt=\"Crecimiento... | Trizas\" src=\"http:\/\/www.diarioimagen.net\/wp-content\/uploads\/2013\/07\/CRECIMIENTO-trizas-2144-240x172.jpg\" width=\"240\" height=\"172\" srcset=\"https:\/\/www.diarioimagen.net\/wp-content\/uploads\/2013\/07\/CRECIMIENTO-trizas-2144-240x172.jpg 240w, https:\/\/www.diarioimagen.net\/wp-content\/uploads\/2013\/07\/CRECIMIENTO-trizas-2144-420x302.jpg 420w, https:\/\/www.diarioimagen.net\/wp-content\/uploads\/2013\/07\/CRECIMIENTO-trizas-2144-90x65.jpg 90w, https:\/\/www.diarioimagen.net\/wp-content\/uploads\/2013\/07\/CRECIMIENTO-trizas-2144.jpg 700w\" sizes=\"auto, (max-width: 240px) 100vw, 240px\" \/><\/a><p id=\"caption-attachment-140581\" class=\"wp-caption-text\">Crecimiento&#8230; | Trizas<\/p><\/div>\n<p>En medio de las suspicacias y las iron\u00edas de los coordinadores de las fracciones senatoriales del PRI, Emilio Gamboa y del PAN, Jorge Luis Preciado, la dupla Ernesto Cordero (PAN) y Miguel Barbosa(PRD) present\u00f3 ayer a los medios su iniciativa de reforma pol\u00edtico-electoral que pretende establecer un sistema parlamentario vergonzante en M\u00e9xico.<\/p>\n<p>El experimentado Gamboa coment\u00f3 que lo primero que habr\u00eda que preguntarles a Cordero y Babosa es, \u00bfqu\u00e9 quieren?. Porque muchas de sus propuestas tienden por un lado a desaparecer al presidencialismo y por el otro dicen buscar fortalecerlo.<\/p>\n<p>Jorge Luis Preciado fue m\u00e1s pr\u00e1ctico. Indic\u00f3 que esta iniciativa promovida por Barbosa y Cordero &#8211;y los senadores seguidores de ambos&#8211;, es bienvenida porque ir\u00e1 a sumarse a unas 50 m\u00e1s que ya existen en los archivos del Congreso y que van a combinarse con la que presentar\u00e1 la mesa del Pacto por M\u00e9xico.<\/p>\n<p>Entonces, agreg\u00f3, en comisiones se ver\u00e1 qu\u00e9 parte de unas y otras pueden ser integradas a un dictamen que al final ser\u00e1 la gran reforma pol\u00edtica que deber\u00e1 tramitar el Congreso en los pr\u00f3ximos meses.<\/p>\n<p>Con ello, sin decirlo abiertamente, conden\u00f3 esta iniciativa de la dupla Barbosa-Cordero a la desaparici\u00f3n dentro de un tr\u00e1mite burocr\u00e1tico-legislativo.<\/p>\n<p>Sin tomar mucho en cuenta estos comentarios, la pareja formada por el perredista Barbosa y el panista Cordero adelant\u00f3 su iniciativa a los medios, documento que contiene una propuesta para establecer nuevas <b>reglas electorales que aumenten el poder ciudadano.<\/b><\/p>\n<p>Contendr\u00eda reformas <b>constitucionales,<\/b> y modificaciones en materia <b>penal as\u00ed <\/b>como una supuesta profunda, <b>cirug\u00eda mayor al Cofipe<\/b> y de la Ley de Participaci\u00f3n Ciudadana que regula la consulta ciudadana, la iniciativa popular y otros mecanismos permanentes de participaci\u00f3n; la Ley Reglamentaria del Art\u00edculo 134 sobre propaganda gubernamental, y la Ley Reglamentaria del art\u00edculo sexto de la Constituci\u00f3n en materia de derecho de r\u00e9plica.<\/p>\n<p>Modificar sustancialmente el r\u00e9gimen de fiscalizaci\u00f3n para poder auditar las campa\u00f1as en curso sin l\u00edmite alguno en cuanto a ingresos y gastos y establecer\u00eda la nulidad del proceso, la p\u00e9rdida del registro de las candidaturas y del registro de los partidos pol\u00edticos que rebasaren los topes de financiamiento y gasto.<\/p>\n<p>Dar\u00eda derecho a candidatos independientes a tener acceso a propaganda gubernamental y dichas prerrogativas y establecer\u00edan la creaci\u00f3n de juntas comunitarias democr\u00e1ticamente electas con una capacidad de gesti\u00f3n presupuestal y en toma de decisiones sobre prioridades presupuestales en un determinado \u00e1mbito geogr\u00e1fico espec\u00edfico.<\/p>\n<p>Establecer\u00edan la segunda vuelta en las elecciones para Presidente,\u00a0 gobernadores y alcaldes y se matiza el r\u00e9gimen presidencial con la creaci\u00f3n de un jefe de gabinete que ser\u00eda ratificado por el Congreso en los 30 primeros d\u00edas del mandato presidencial.<\/p>\n<p>Se crear\u00eda con ello un modelo de gobierno de coalici\u00f3n donde el Congreso ratificar\u00eda a todos los integrantes del gabinete as\u00ed como el programa de gobierno. De igual forma el Congreso tendr\u00eda facultades de censurar al jefe de gabinete o a cualquier secretario de Estado y con ello de su remoci\u00f3n.<\/p>\n<p>Se dar\u00eda autonom\u00eda a la PGR y a todos los fiscales en el pa\u00eds y en el Distrito Federal as\u00ed como a la Fepade.<\/p>\n<p>Bajo estas reformas la Federaci\u00f3n podr\u00eda intervenir de manera subsidiaria y temporal para solucionar problemas en alg\u00fan estado.<\/p>\n<p>La iniciativa contiene otras muchas propuestas para penalizar la falta de equidad de g\u00e9nero, el uso de recursos p\u00fablicos en campa\u00f1as y otros.<\/p>\n<p>Ahora deber\u00e1 superar su fusi\u00f3n con las otras muchas iniciativas y sobre todo con la que presente el Pacto por M\u00e9xico, que trae todo el peso de la Presidencia de la Rep\u00fablica y las dirigencias de los tres partidos mayoritarios, PRI-PAN y PRD.<\/p>\n<p>&nbsp;<\/p>\n<p align=\"center\"><b>EL IFE, PREPARADO<\/b><\/p>\n<p>Por lo pronto el presidente del IFE, Leonardo Vald\u00e9s Zurita indic\u00f3 que este instituto no s\u00f3lo est\u00e1 preparado para enfrentar el encargo de realizar elecciones en los estados del pa\u00eds, sino que adem\u00e1s existe desde la reforma de 2007 la facultad constitucional para hacerlo.<\/p>\n<p>Record\u00f3 que el Congreso lo estableci\u00f3 en el \u00a0Art\u00edculo 116 de la Constituci\u00f3n y que para que el IFE organice y conduzca una elecci\u00f3n estatal, s\u00f3lo lo tienen que solicitar las autoridades locales correspondientes.<\/p>\n<p>\u201cPero hasta ahora nadie lo ha solicitado\u201d, indic\u00f3.<\/p>\n<p>Por lo dem\u00e1s, coment\u00f3, el IFE tiene la experiencia, los recursos, el personal y los equipos para hacerlo sin necesidad de desaparecer ning\u00fan instituto local ni realizar otra reforma.<\/p>\n<p align=\"center\"><b>\u00a0<\/b><\/p>\n<p align=\"center\"><b>REGRESAN LOS PERDEDORES<\/b><\/p>\n<p>El congreso comenz\u00f3 a recibir desde ayer las solicitudes de quienes desde el Senado o de la C\u00e1mara de Diputados pidieron licencia para ir a competir por alguno de los m\u00e1s de mil cargos que se repartieron en las elecciones del domingo 7 de julio y que no lo lograron.<\/p>\n<p>Entre ellos est\u00e1 Fernando Castro Trenti, el gran derrotado en la pelea por la gubernatura de Baja California.<\/p>\n<p>De igual manera ya present\u00f3 su solicitud de reincorporaci\u00f3n la diputada Graciela Salda\u00f1a Fraire y los diputados Rafael Acosta Croda y Fernando de las Fuentes Hern\u00e1ndez.<\/p>\n<p>Esto ya fue puesto en conocimiento de la Comisi\u00f3n Permanente del Congreso.<\/p>\n<p>Salda\u00f1a Fraire compiti\u00f3 infructuosamente por el PRD por la alcald\u00eda de Benito Ju\u00e1rez, donde se localiza Canc\u00fan.<\/p>\n<p>Acosta Croda quien hizo su esfuerzo como candidato del PAN a la presidencia municipal del puerto de Veracruz, tampoco lo logr\u00f3.<\/p>\n<p>Y De las Fuentes Hern\u00e1ndez retornar\u00e1 al cargo el pr\u00f3ximo 1 de agosto, luego de fracasar en su intento por alcanzar la alcald\u00eda de Saltillo, Coahuila, como abanderado del PRI.<\/p>\n<p align=\"center\"><b>\u00a0<\/b><\/p>\n<p align=\"center\"><b>AUMENTO EN PARTICIPACIONES FEDERALES<\/b><\/p>\n<p>La Secretar\u00eda de Hacienda inform\u00f3 al Congreso que, de enero a junio de este a\u00f1o, las participaciones pagadas a entidades federativas ascendieron a 266 mil 302.2 millones de pesos, lo que represent\u00f3 un incremento de 10 mil 723 millones con respecto al mismo per\u00edodo del a\u00f1o anterior.<\/p>\n<p>Entre los m\u00e1s beneficiados est\u00e1 el Estado de M\u00e9xico, que present\u00f3 el mayor aumento al recibir 33 mil 257 millones de pesos; es decir mil 300 millones m\u00e1s, toda vez que en el mismo lapso de 2012 el monto fue de 31 mil 834.5 millones de pesos.<\/p>\n<p>Le sigue el Distrito Federal donde el gobierno de Enrique Pe\u00f1a Nieto canaliz\u00f3 29 mil 504.8 millones de pesos, lo que significa un incremento de 1 mil 212 millones, ya que en el per\u00edodo del a\u00f1o pasado se le destinaron 28 mil 292.6\u00a0 millones de pesos.<\/p>\n<p>Los \u00a0recursos forman parte de los fondos General de Participaciones, de Fomento Municipal, Fiscalizaci\u00f3n, Extracci\u00f3n de Hidrocarburos, as\u00ed como del Impuesto Especial sobre Productos\u00a0 y Servicios y de las Recaudaciones del IEPS-Gasolinas, tenencia, el 0.136 por ciento de la recaudaci\u00f3n federal participable, el derecho adicional sobre la extracci\u00f3n de petr\u00f3leo, el Impuesto Sobre Autom\u00f3viles Nuevos e incentivos econ\u00f3micos.<\/p>\n<p>Jalisco y Veracruz fueron dos de las entidades que mayores recursos recibieron por estos conceptos en el primer semestre de 2013, con 16 mil 766.3 millones de pesos y 16 mil 048.5 millones de pesos, respectivamente. Le siguieron Nuevo Le\u00f3n, con 11 mil 936.4 millones de pesos; Puebla, 11 mil 562.1 millones de pesos; Chiapas, 10 mil 833.6 millones de pesos y Guanajuato con 10 mil 707.5 millones de pesos.<\/p>\n<p><em><a href=\"mailto:rvizcaino@gmail.com\" target=\"_blank\">rvizcaino@gmail.com<\/a><\/em><\/p>\n","protected":false},"excerpt":{"rendered":"<p><span style=\"color: #005497;\"><strong>Roberto Vizca\u00edno<\/strong><\/span><\/p>\n","protected":false},"author":3,"featured_media":140581,"comment_status":"open","ping_status":"open","sticky":false,"template":"","format":"standard","meta":{"_monsterinsights_skip_tracking":false,"_monsterinsights_sitenote_active":false,"_monsterinsights_sitenote_note":"","_monsterinsights_sitenote_category":0,"footnotes":""},"categories":[136],"tags":[18,43674,91,93,94],"class_list":["post-140482","post","type-post","status-publish","format-standard","has-post-thumbnail","hentry","category-roberto-vizcaino-opinion","tag-enrique-pena-nieto","tag-opinion","tag-pan","tag-roberto-vizcaino","tag-tras-la-puerta-del-poder"],"_links":{"self":[{"href":"https:\/\/www.diarioimagen.net\/index.php?rest_route=\/wp\/v2\/posts\/140482","targetHints":{"allow":["GET"]}}],"collection":[{"href":"https:\/\/www.diarioimagen.net\/index.php?rest_route=\/wp\/v2\/posts"}],"about":[{"href":"https:\/\/www.diarioimagen.net\/index.php?rest_route=\/wp\/v2\/types\/post"}],"author":[{"embeddable":true,"href":"https:\/\/www.diarioimagen.net\/index.php?rest_route=\/wp\/v2\/users\/3"}],"replies":[{"embeddable":true,"href":"https:\/\/www.diarioimagen.net\/index.php?rest_route=%2Fwp%2Fv2%2Fcomments&post=140482"}],"version-history":[{"count":0,"href":"https:\/\/www.diarioimagen.net\/index.php?rest_route=\/wp\/v2\/posts\/140482\/revisions"}],"wp:featuredmedia":[{"embeddable":true,"href":"https:\/\/www.diarioimagen.net\/index.php?rest_route=\/wp\/v2\/media\/140581"}],"wp:attachment":[{"href":"https:\/\/www.diarioimagen.net\/index.php?rest_route=%2Fwp%2Fv2%2Fmedia&parent=140482"}],"wp:term":[{"taxonomy":"category","embeddable":true,"href":"https:\/\/www.diarioimagen.net\/index.php?rest_route=%2Fwp%2Fv2%2Fcategories&post=140482"},{"taxonomy":"post_tag","embeddable":true,"href":"https:\/\/www.diarioimagen.net\/index.php?rest_route=%2Fwp%2Fv2%2Ftags&post=140482"}],"curies":[{"name":"wp","href":"https:\/\/api.w.org\/{rel}","templated":true}]}}