{"id":140541,"date":"2013-07-18T00:08:11","date_gmt":"2013-07-18T05:08:11","guid":{"rendered":"http:\/\/www.diarioimagen.net\/?p=140541"},"modified":"2013-07-18T04:17:33","modified_gmt":"2013-07-18T09:17:33","slug":"amplian-facultades-al-mp-mexiquense","status":"publish","type":"post","link":"https:\/\/www.diarioimagen.net\/?p=140541","title":{"rendered":"Ampl\u00edan facultades al MP mexiquense"},"content":{"rendered":"<ul>\n<li><strong><em>En cuanto tenga conocimiento de un hecho de este tipo deber\u00e1 iniciar el proceso y la carpeta de investigaci\u00f3n<\/em><\/strong><\/li>\n<\/ul>\n<div id=\"attachment_140554\" style=\"width: 250px\" class=\"wp-caption alignleft\"><a href=\"http:\/\/www.diarioimagen.net\/wp-content\/uploads\/2013\/07\/LEGISLATURA-2144.jpg\"><img loading=\"lazy\" decoding=\"async\" aria-describedby=\"caption-attachment-140554\" class=\"size-medium wp-image-140554\" alt=\"La Procuradur\u00eda General de Justicia del Estado de M\u00e9xico deber\u00e1 actuar en el momento en que tenga noticia de una desaparici\u00f3n o extrav\u00edo de persona.\" src=\"http:\/\/www.diarioimagen.net\/wp-content\/uploads\/2013\/07\/LEGISLATURA-2144-240x135.jpg\" width=\"240\" height=\"135\" srcset=\"https:\/\/www.diarioimagen.net\/wp-content\/uploads\/2013\/07\/LEGISLATURA-2144-240x135.jpg 240w, https:\/\/www.diarioimagen.net\/wp-content\/uploads\/2013\/07\/LEGISLATURA-2144-420x236.jpg 420w, https:\/\/www.diarioimagen.net\/wp-content\/uploads\/2013\/07\/LEGISLATURA-2144-235x132.jpg 235w, https:\/\/www.diarioimagen.net\/wp-content\/uploads\/2013\/07\/LEGISLATURA-2144-202x114.jpg 202w, https:\/\/www.diarioimagen.net\/wp-content\/uploads\/2013\/07\/LEGISLATURA-2144-350x196.jpg 350w, https:\/\/www.diarioimagen.net\/wp-content\/uploads\/2013\/07\/LEGISLATURA-2144-220x123.jpg 220w, https:\/\/www.diarioimagen.net\/wp-content\/uploads\/2013\/07\/LEGISLATURA-2144-237x132.jpg 237w, https:\/\/www.diarioimagen.net\/wp-content\/uploads\/2013\/07\/LEGISLATURA-2144.jpg 480w\" sizes=\"auto, (max-width: 240px) 100vw, 240px\" \/><\/a><p id=\"caption-attachment-140554\" class=\"wp-caption-text\">La Procuradur\u00eda General de Justicia del Estado de M\u00e9xico deber\u00e1 actuar en el momento en que tenga noticia de una desaparici\u00f3n o extrav\u00edo de persona.<\/p><\/div>\n<p>La LVIII Legislatura estatal aprob\u00f3 que el Ministerio P\u00fablico (MP) inicie la noticia criminal en todos los casos en que tenga conocimiento de la desaparici\u00f3n o extrav\u00edo de alguna persona, y la eleve a carpeta de investigaci\u00f3n cuando se identifiquen elementos que presuman la comisi\u00f3n de un hecho delictuoso, ambos supuestos en los que deber\u00e1 realizar de inmediato todas las diligencias de la investigaci\u00f3n que sean necesarias para su localizaci\u00f3n.<\/p>\n<p>Durante el Quinto Periodo Extraordinario de Sesiones, los diputados mexiquenses avalaron las reformas propuestas por el gobernador, Eruviel \u00c1vila Villegas, enriquecidas por los grupos parlamentarios del PRD y PAN, a fin de dotar a la Procuradur\u00eda General de Justicia del Estado de M\u00e9xico (PGJEM), espec\u00edficamente al Ministerio P\u00fablico, de mecanismos y l\u00edneas de acci\u00f3n para lograr una investigaci\u00f3n m\u00e1s pronta y eficiente.<\/p>\n<p>Con las modificaciones, se determina que el MP asuma las tareas de actualizaci\u00f3n de las bases de datos con la informaci\u00f3n de los reportes de personas desaparecidas o extraviadas, adem\u00e1s de solicitar informes y enviar alertas a dependencias, entidades federales y entidades federativas, para su b\u00fasqueda y localizaci\u00f3n, mismas que anteriormente le correspond\u00edan al Instituto de Atenci\u00f3n a las V\u00edctimas del Delito del Estado de M\u00e9xico.<\/p>\n<p>De acuerdo con el dictamen respectivo, deber\u00e1 crearse una Unidad Administrativa que opere las acciones relacionadas con la b\u00fasqueda y localizaci\u00f3n de personas desaparecidas o extraviadas, y asumir\u00e1 las tareas que realizaba el Instituto de Atenci\u00f3n a las V\u00edctimas del Delito del Estado de M\u00e9xico a trav\u00e9s del Programa ODISEA.<b><\/b><\/p>\n<p>&nbsp;<\/p>\n","protected":false},"excerpt":{"rendered":"<p>La LVIII Legislatura estatal aprob\u00f3 que el Ministerio P\u00fablico (MP) inicie la noticia criminal en todos los casos en que tenga conocimiento de la desaparici\u00f3n o extrav\u00edo de alguna persona, y la eleve a carpeta de investigaci\u00f3n cuando se identifiquen elementos que presuman la comisi\u00f3n de un hecho delictuoso, ambos supuestos en los que deber\u00e1 realizar de inmediato todas las diligencias de la investigaci\u00f3n que sean necesarias para su localizaci\u00f3n.<\/p>\n","protected":false},"author":3,"featured_media":140554,"comment_status":"open","ping_status":"open","sticky":false,"template":"","format":"standard","meta":{"_monsterinsights_skip_tracking":false,"_monsterinsights_sitenote_active":false,"_monsterinsights_sitenote_note":"","_monsterinsights_sitenote_category":0,"footnotes":""},"categories":[5],"tags":[43675,13837,91,211],"class_list":["post-140541","post","type-post","status-publish","format-standard","has-post-thumbnail","hentry","category-estado-de-mexico","tag-estado-de-mexico","tag-mp","tag-pan","tag-prd"],"_links":{"self":[{"href":"https:\/\/www.diarioimagen.net\/index.php?rest_route=\/wp\/v2\/posts\/140541","targetHints":{"allow":["GET"]}}],"collection":[{"href":"https:\/\/www.diarioimagen.net\/index.php?rest_route=\/wp\/v2\/posts"}],"about":[{"href":"https:\/\/www.diarioimagen.net\/index.php?rest_route=\/wp\/v2\/types\/post"}],"author":[{"embeddable":true,"href":"https:\/\/www.diarioimagen.net\/index.php?rest_route=\/wp\/v2\/users\/3"}],"replies":[{"embeddable":true,"href":"https:\/\/www.diarioimagen.net\/index.php?rest_route=%2Fwp%2Fv2%2Fcomments&post=140541"}],"version-history":[{"count":0,"href":"https:\/\/www.diarioimagen.net\/index.php?rest_route=\/wp\/v2\/posts\/140541\/revisions"}],"wp:featuredmedia":[{"embeddable":true,"href":"https:\/\/www.diarioimagen.net\/index.php?rest_route=\/wp\/v2\/media\/140554"}],"wp:attachment":[{"href":"https:\/\/www.diarioimagen.net\/index.php?rest_route=%2Fwp%2Fv2%2Fmedia&parent=140541"}],"wp:term":[{"taxonomy":"category","embeddable":true,"href":"https:\/\/www.diarioimagen.net\/index.php?rest_route=%2Fwp%2Fv2%2Fcategories&post=140541"},{"taxonomy":"post_tag","embeddable":true,"href":"https:\/\/www.diarioimagen.net\/index.php?rest_route=%2Fwp%2Fv2%2Ftags&post=140541"}],"curies":[{"name":"wp","href":"https:\/\/api.w.org\/{rel}","templated":true}]}}