{"id":140592,"date":"2013-07-18T00:01:34","date_gmt":"2013-07-18T05:01:34","guid":{"rendered":"http:\/\/www.diarioimagen.net\/?p=140592"},"modified":"2013-07-18T05:08:15","modified_gmt":"2013-07-18T10:08:15","slug":"el-proximo-invierno-klm-ofrecera-nueve-vuelos-semanales-amsterdam-ciudad-de-mexico","status":"publish","type":"post","link":"https:\/\/www.diarioimagen.net\/?p=140592","title":{"rendered":"El pr\u00f3ximo invierno KLM ofrecer\u00e1 nueve vuelos semanales \u00c1msterdam-ciudad de M\u00e9xico"},"content":{"rendered":"<h2>De cinco estrellas<\/h2>\n<h5>Victoria Gonz\u00e1lez Prado<\/h5>\n<p>&nbsp;<\/p>\n<ul>\n<li><strong><em>En el quinto aniversario de <\/em>The Beach Club@ ME<em>, encabezar\u00e1 la fiesta Hern\u00e1n Cattaneo<\/em><\/strong><\/li>\n<li><strong><em>El gobierno chino se compromete a impulsar mayores flujos tur\u00edsticos hacia M\u00e9xico<\/em><\/strong><\/li>\n<li><strong>Las Palmas by the Sea<\/strong><em><strong>, en Puerto Vallarta, contin\u00faa con la renovaci\u00f3n de sus 225 habitaciones<\/strong><\/em><\/li>\n<\/ul>\n<div id=\"attachment_140626\" style=\"width: 250px\" class=\"wp-caption alignleft\"><a href=\"http:\/\/www.diarioimagen.net\/wp-content\/uploads\/2013\/07\/turismo-2144.jpg\"><img loading=\"lazy\" decoding=\"async\" aria-describedby=\"caption-attachment-140626\" class=\"size-medium wp-image-140626\" alt=\"Nueve vuelos semanales para invierno.\" src=\"http:\/\/www.diarioimagen.net\/wp-content\/uploads\/2013\/07\/turismo-2144-240x135.jpg\" width=\"240\" height=\"135\" srcset=\"https:\/\/www.diarioimagen.net\/wp-content\/uploads\/2013\/07\/turismo-2144-240x135.jpg 240w, https:\/\/www.diarioimagen.net\/wp-content\/uploads\/2013\/07\/turismo-2144-420x236.jpg 420w, https:\/\/www.diarioimagen.net\/wp-content\/uploads\/2013\/07\/turismo-2144-235x132.jpg 235w, https:\/\/www.diarioimagen.net\/wp-content\/uploads\/2013\/07\/turismo-2144-202x114.jpg 202w, https:\/\/www.diarioimagen.net\/wp-content\/uploads\/2013\/07\/turismo-2144-350x196.jpg 350w, https:\/\/www.diarioimagen.net\/wp-content\/uploads\/2013\/07\/turismo-2144-220x123.jpg 220w, https:\/\/www.diarioimagen.net\/wp-content\/uploads\/2013\/07\/turismo-2144-237x132.jpg 237w, https:\/\/www.diarioimagen.net\/wp-content\/uploads\/2013\/07\/turismo-2144.jpg 480w\" sizes=\"auto, (max-width: 240px) 100vw, 240px\" \/><\/a><p id=\"caption-attachment-140626\" class=\"wp-caption-text\">Nueve vuelos semanales para invierno.<\/p><\/div>\n<p>La Compa\u00f1\u00eda Real Holandesa de Aviaci\u00f3n, KLM, ofrece para este invierno nueve vuelos semanales entre M\u00e9xico y Europa en avi\u00f3n Boeing 747 Combi, adicionado con ello dos vuelos semanales los d\u00edas jueves y s\u00e1bados. Adem\u00e1s, los aviones Boeing 7474 Combi estar\u00e1n equipados con el nuevo asiento completamente plano de la nueva cabina <i>World Business Class<\/i>. Como respuesta a la demanda de pasajeros entre M\u00e9xico y Europa y siguiendo el plan estrat\u00e9gico de desarrollo en Latinoam\u00e9rica del Grupo <i>Air France KLM,<\/i> la compa\u00f1\u00eda Real Holandesa de Aviaci\u00f3n propone del 12 de diciembre 2013 al 1 de febrero de 2014 dos vuelos adicionales en los siguientes horarios: jueves y s\u00e1bados: KL 687 \u00a0sale de \u00c1msterdam a las 12:30 horas, llega a la ciudad de M\u00e9xico a las 17:20 horas. KL 688 sale de la ciudad de M\u00e9xico a las19:30 horas y llega a \u00c1msterdam a las12:50 del d\u00eda siguiente. Por lo que se refiere al vuelo diario: sale de \u00c1msterdam a las 14:35 horas, llega a la ciudad de M\u00e9xico a las 19:25 horas y de la ciudad de M\u00e9xico hac\u00eda \u00c1msterdam, sale a las 21:50 horas y llega a las 15:10 horas del d\u00eda siguiente. De la nueva cabina podemos decirles que la aerol\u00ednea de bandera holandesa se ha asociado con la gran dise\u00f1adora holandesa <b>Hella Jongerius<\/b> para presentar un ambiente, mobiliario y estilo totalmente nuevo a la cabina <i>World Business Class.<\/i> Los primeros aviones de la flota que ser\u00e1n remodelados son los <i>Boeing 747-400<\/i> con el que actualmente la compa\u00f1\u00eda ofrece el servicio en la ruta \u00c1msterdam ciudad de M\u00e9xico. El nuevo asiento ofrece una comodidad \u00f3ptima al cliente, al reclinarse horizontalmente quedando completamente plano. Los asientos en <i>World Business Class<\/i> se reducen de 42 a 35 asientos a bordo del <i>Boeing 747-400.<\/i> Se espera que la totalidad de la flota de 22 <i>Boeing 747-400<\/i> sea redecorada para abril de 2014. Los trabajos en los 15 <i>Boeing 777-200s<\/i> de KLM est\u00e1 prevista para el verano de 2014.<\/p>\n<p>\u2730\u2730\u2730\u2730\u2730\u00a0Para celebrar el quinto aniversario de <i>The Beach Club@ ME<\/i>, del <i>ME Canc\u00fan<\/i> se organiza una fiesta de la \u00a0mano del embajador argentino de la m\u00fasica electr\u00f3nica y, el pr\u00f3ximo 20 de julio <b>Hern\u00e1n Cattaneo<\/b> ser\u00e1 el principal protagonista \u00a0de\u00a0<i>The Beach ClubAnniversary Bash<\/i>, con presentaciones en vivo y \u00a0<i>happenings<\/i>\u00a0del mejor nivel. El club de playa del\u00a0<i>ME Canc\u00fan<\/i> ser\u00e1 el punto de encuentro de sus \u00a0hu\u00e9spedes y lo m\u00e1s selecto de la escena <i>Lifestyle<\/i>\u00a0de Canc\u00fan. Tras el gran \u00e9xito de su primera fecha, \u201c<i>Music Becomes You Series<\/i>\u201d presenta uno de los eventos m\u00e1s esperados de este verano. Un\u00a0<i>line up<\/i>\u00a0extraordinario crear\u00e1 una gran atm\u00f3sfera para la presentaci\u00f3n de <b>Hern\u00e1n Cattaneo<\/b>. <b>Antu Coimbra<\/b> y <b>Lucas Paciente<\/b>, quienes \u00a0conforman el d\u00fao\u00a0<i>Super South<\/i>, mezclar\u00e1n su caracter\u00edstico\u00a0<i>deep progresive<\/i>\u00a0de alt\u00edsima calidad, calentando el ambiente para la fiesta del a\u00f1o. \u201cPara\u00a0la celebraci\u00f3n\u00a0<i>The Beach Club\u00a0Anniversary Bash <\/i>preparamos una fiesta acorde a la propuesta\u00a0<i>Lifestyle<\/i>\u00a0de <i>ME by Meli\u00e1<\/i>, inspirada<i> <\/i>en las tendencias m\u00e1s vanguardistas de Europa y a la altura de las mejores de M\u00e9xico. Estamos sumamente emocionados por contar con <b>Hern\u00e1n Cattaneo<\/b>, uno de los mejores <i>DJ\u2019s <\/i>del mundo. \u00c9l ya ha compartido con nosotros que planea superar la actuaci\u00f3n que protagoniz\u00f3 en la pasada edici\u00f3n del aniversario y representa la suma de cualidades de nuestro concepto \u201c<i>Party with Style<\/i>\u201d, la calidad de sus producciones \u00a0y de sus mezclas, sumada a su gran personalidad y buen gusto musical, es una garant\u00eda para que nuestros hu\u00e9spedes, clientes y amigos\u00a0vivan una experiencia \u00fanica. Agradecemos la participaci\u00f3n especial de\u00a0<i>Heineken <\/i>como patrocinador, adem\u00e1s de la colaboraci\u00f3n de <i>Mo\u00ebt &amp; Chandon, Skullcandy<\/i> y <i>Cookie <\/i>Producciones, respectivamente\u201d, coment\u00f3 <b>Ra\u00fal Petraglia<\/b>, director de <i>ME Canc\u00fan,<\/i> miembro del comit\u00e9 de la marca hotelera y secretario\u00a0de la Asociaci\u00f3n de Hoteles de Canc\u00fan y Puerto Morelos. El hotel tambi\u00e9n presenta a su talento propio. Los <i>DJ\u00b4s<\/i> residentes <b>Carlos Vel\u00e1zquez<\/b> y <b>Ra\u00fal V.<\/b>, crear\u00e1n el ambiente del\u00a0<i>Pre Party<\/i>\u00a0en el club de playa. La fiesta m\u00e1s esperada ser\u00e1 de acceso gratuito para los hu\u00e9spedes del hotel y con servicio VIP de botella para el p\u00fablico en general, adem\u00e1s contar\u00e1 con <i>happenings, GoGo\u2019s<\/i> y mucho\u00a0m\u00e1s. Este evento es parte de la serie \u201c<i>Music Becomes You<\/i>\u201d, que sigue con paso firme ofreciendo entretenimiento de primera clase y presentar\u00e1 en pr\u00f3ximas fechas a artistas de talla internacional como Miss <b>Nine<\/b>, <b>Chris Fortier<\/b> y <b>Nick Warren<\/b> entre otros. El\u00a0<i>line up<\/i>\u00a0de primer nivel, el lujo del Mar Caribe, el glamour de los eventos de <i>ME Canc\u00fan<\/i> y la mejor energ\u00eda de un p\u00fablico entendido, son los ingredientes perfectos para que, \u00a0el pr\u00f3ximo 20 de julio, se arme una fiesta extraordinaria en\u00a0<i>The Beach Club@ ME<\/i>.<\/p>\n<p>\u2730\u2730\u2730\u2730\u2730\u00a0La Asamblea Nacional Popular de China se comprometi\u00f3 a realizar esfuerzos y gestiones necesarias que permitan acrecentar el flujo de turistas entre M\u00e9xico y ese pa\u00eds asi\u00e1tico. El vicepresidente de la Asamblea Nacional Popular, <b>Qiangba Puncog<\/b>, dijo a la secretaria de Turismo de M\u00e9xico, <b>Claudia Ruiz Massieu<\/b>, que la asociaci\u00f3n estrat\u00e9gica comercial entre ambas naciones debe partir del reconocimiento de que una relaci\u00f3n pol\u00edtica, comercial y de amistad, tiene que estar basada en el di\u00e1logo y en el deseo de acercar a nuestras sociedades. En la sede de la Asamblea Nacional Popular, <b>Puncog<\/b> se\u00f1al\u00f3 que la enorme riqueza cultural de M\u00e9xico lo hacen un destino atractivo para el turista chino, y subray\u00f3 la importancia de avanzar en aspectos centrales como una mejor conectividad a\u00e9rea y facilidades b\u00e1sicas como informaci\u00f3n y se\u00f1al\u00e9tica en el idioma mandar\u00edn. Por su parte, <b>Ruiz Massieu<\/b> se\u00f1al\u00f3 que su gira de trabajo es una oportunidad para refrendar los profundos sentimientos de amistad del pueblo de M\u00e9xico hacia el chino. Explic\u00f3 que en nuestro pa\u00eds se pone \u00e9nfasis en la Pol\u00edtica Nacional Tur\u00edstica anunciada, en febrero pasado, por el presidente <b>Enrique Pe\u00f1a Nieto<\/b>, y que se fundamenta en el ordenamiento y transformaci\u00f3n del sector tur\u00edstico, innovaci\u00f3n y competitividad, fomento, promoci\u00f3n, sustentabilidad y beneficio social. M\u00e9xico pasa por un gran momento, con estabilidad econ\u00f3mica, una apertura comercial creciente y un s\u00f3lido marco institucional, por lo que, se\u00f1al\u00f3, representa un centro log\u00edstico global entre los principales polos comerciales del mundo. Sostuvo que <b>Enrique Pe\u00f1a Nieto<\/b> impulsa transformaciones profundas que liberan el potencial de crecimiento del pa\u00eds en beneficio de todos los mexicanos, y resulta alentador, anot\u00f3, que empresas de diversos giros y regiones econ\u00f3micas del mundo est\u00e9n invirtiendo en M\u00e9xico. Durante la reuni\u00f3n, <b>Claudia Ruiz Massieu<\/b> extendi\u00f3 una invitaci\u00f3n a\u00a0\u00a0<b>Qiangba Puncog<\/b>, para que en pr\u00f3xima fecha visite M\u00e9xico y sea testigo de la transformaci\u00f3n que est\u00e1 experimentando nuestro pa\u00eds. En este encuentro, acompa\u00f1aron a la titular de Sectur, el embajador de M\u00e9xico en China, <b>Juli\u00e1n Ventura<\/b>; el subsecretario de Turismo, <b>Joaqu\u00edn Gonz\u00e1lez<\/b>; los presidentes de las comisiones de Turismo del Senado de la Rep\u00fablica, <b>F\u00e9lix Gonz\u00e1lez Canto<\/b>, y de la C\u00e1mara de Diputados, <b>Rodolfo Dorador P\u00e9rez Gavil\u00e1n<\/b>, as\u00ed como los directores generales de Fonatur, <b>H\u00e9ctor G\u00f3mez Barraza<\/b>, y del CPTM, <b>Rodolfo L\u00f3pez Negrete<\/b>.<\/p>\n<p>\u2730\u2730\u2730\u2730\u2730\u00a0Como parte de sus acciones constantes de renovaci\u00f3n, actualizaci\u00f3n y mercadotecnia, el hotel <i>Las Palmas by the Sea<\/i>, siempre a la vanguardia, contin\u00faa con la renovaci\u00f3n de sus 225 habitaciones, las cuales se encuentran m\u00e1s del 50% listas y se han planeado concluirlas durante este 2013. Adem\u00e1s, como parte de sus estrategias de ventas y mercadotecnia, en los \u00faltimos meses el hotel ha logrado fuertes alianzas con otros prestadores de servicios tur\u00edsticos del destino\u00a0 para ofrecer sus hu\u00e9spedes y viajeros nuevas y completas opciones de estancia y diversi\u00f3n, para lo cual ofrecen atractivos paquetes para todo tipo de viajero, dando fuerza a su concepto\u00a0\u201c+ que un Todo Incluido\u201d. As\u00ed podr\u00e1s disfrutar de distintos paquetes: Grad\u00faes, Lunamielero, Avientes, <i>All night long, <\/i>Bodas y Aventura pirata. <i>Las Palmas by the Sea<\/i>, siempre a la vanguardia para ofrecer el mejor servicio a los visitantes de esta maravilloso destino, Puerto Vallarta. Est\u00e1 ubicado en el coraz\u00f3n de la zona Hotelera de Puerto Vallarta, a tan s\u00f3lo 10 minutos del Aeropuerto Internacional y a 5 minutos del centro donde se localiza el tradicional Malec\u00f3n, tiendas, restaurantes y centros nocturnos, es el hotel con el concepto m\u00e1s refrescante para vacacionar en familia, pareja o de negocios. Cuenta con 225 habitaciones la mayor\u00eda con vista al mar y otras con vista jard\u00edn. Centros de consumo con alimentos y bebidas de la m\u00e1s alta calidad:\u00a0Restaurante Aire del Mar,\u00a0<i>Snack by the Sea<\/i>,\u00a0<i>Hurakenna Bar<\/i>,\u00a0Coco Lobby Bar\u00a0y Restaurante y bar <i>Guacamajazz.<\/i> Y para aquellos padres de familia que gusten de disfrutar un tiempo libre, club de ni\u00f1os, cl\u00ednica de masajes, servicio de ni\u00f1era y un completo equipo de animaci\u00f3n y deportes que mantendr\u00e1n disfrutando de distintas actividades. Comodidad, descanso, relajaci\u00f3n, diversi\u00f3n y un excelente servicio son algunas de las caracter\u00edsticas que ofrece\u00a0<i>Las Palmas by the Sea\u00a0<\/i>con su estilo M\u00e9xico Contempor\u00e1neo y donde el concepto se transforma en<b>: <\/b>+ que un todo incluido.<\/p>\n<p><i><em><a href=\"mailto:victoriagprado@gmail.com\" target=\"_blank\">victoriagprado@gmail.com<\/a><\/em><\/i><\/p>\n","protected":false},"excerpt":{"rendered":"<p>La Compa\u00f1\u00eda Real Holandesa de Aviaci\u00f3n, KLM, ofrece para este invierno nueve vuelos semanales entre M\u00e9xico y Europa en avi\u00f3n Boeing 747 Combi, adicionado con ello dos vuelos semanales los d\u00edas jueves y s\u00e1bados. <\/p>\n","protected":false},"author":3,"featured_media":140626,"comment_status":"open","ping_status":"open","sticky":false,"template":"","format":"standard","meta":{"_monsterinsights_skip_tracking":false,"_monsterinsights_sitenote_active":false,"_monsterinsights_sitenote_note":"","_monsterinsights_sitenote_category":0,"footnotes":""},"categories":[11],"tags":[107,5597,43681,106],"class_list":["post-140592","post","type-post","status-publish","format-standard","has-post-thumbnail","hentry","category-turismo","tag-de-cinco-estrellas","tag-klm","tag-turismo","tag-victoria-gonzalez-prado"],"_links":{"self":[{"href":"https:\/\/www.diarioimagen.net\/index.php?rest_route=\/wp\/v2\/posts\/140592","targetHints":{"allow":["GET"]}}],"collection":[{"href":"https:\/\/www.diarioimagen.net\/index.php?rest_route=\/wp\/v2\/posts"}],"about":[{"href":"https:\/\/www.diarioimagen.net\/index.php?rest_route=\/wp\/v2\/types\/post"}],"author":[{"embeddable":true,"href":"https:\/\/www.diarioimagen.net\/index.php?rest_route=\/wp\/v2\/users\/3"}],"replies":[{"embeddable":true,"href":"https:\/\/www.diarioimagen.net\/index.php?rest_route=%2Fwp%2Fv2%2Fcomments&post=140592"}],"version-history":[{"count":0,"href":"https:\/\/www.diarioimagen.net\/index.php?rest_route=\/wp\/v2\/posts\/140592\/revisions"}],"wp:featuredmedia":[{"embeddable":true,"href":"https:\/\/www.diarioimagen.net\/index.php?rest_route=\/wp\/v2\/media\/140626"}],"wp:attachment":[{"href":"https:\/\/www.diarioimagen.net\/index.php?rest_route=%2Fwp%2Fv2%2Fmedia&parent=140592"}],"wp:term":[{"taxonomy":"category","embeddable":true,"href":"https:\/\/www.diarioimagen.net\/index.php?rest_route=%2Fwp%2Fv2%2Fcategories&post=140592"},{"taxonomy":"post_tag","embeddable":true,"href":"https:\/\/www.diarioimagen.net\/index.php?rest_route=%2Fwp%2Fv2%2Ftags&post=140592"}],"curies":[{"name":"wp","href":"https:\/\/api.w.org\/{rel}","templated":true}]}}