{"id":140646,"date":"2013-07-19T00:06:50","date_gmt":"2013-07-19T05:06:50","guid":{"rendered":"http:\/\/www.diarioimagen.net\/?p=140646"},"modified":"2013-07-19T03:42:52","modified_gmt":"2013-07-19T08:42:52","slug":"informalidad-freno-para-el-crecimiento","status":"publish","type":"post","link":"https:\/\/www.diarioimagen.net\/?p=140646","title":{"rendered":"Informalidad, freno para el crecimiento"},"content":{"rendered":"<ul>\n<li><strong>El titular de la STPS se reuni\u00f3 con agentes sociales del G20 para pedir cooperaci\u00f3n para formalizar el empleo en M\u00e9xico<\/strong><\/li>\n<\/ul>\n<p>&nbsp;<\/p>\n<div id=\"attachment_140737\" style=\"width: 250px\" class=\"wp-caption alignleft\"><a href=\"http:\/\/www.diarioimagen.net\/wp-content\/uploads\/2013\/07\/navarrete-2145.jpg\"><img loading=\"lazy\" decoding=\"async\" aria-describedby=\"caption-attachment-140737\" class=\"size-medium wp-image-140737\" alt=\"Alfonso Navarrete Prida, titular de la Secretar\u00eda del Trabajo y Previsi\u00f3n Social de M\u00e9xico, cree que \u201ccualquier pol\u00edtica en el \u00e1mbito econ\u00f3mico tiene que tener como finalidad la creaci\u00f3n de empleo\u201d\" src=\"http:\/\/www.diarioimagen.net\/wp-content\/uploads\/2013\/07\/navarrete-2145-240x135.jpg\" width=\"240\" height=\"135\" srcset=\"https:\/\/www.diarioimagen.net\/wp-content\/uploads\/2013\/07\/navarrete-2145-240x135.jpg 240w, https:\/\/www.diarioimagen.net\/wp-content\/uploads\/2013\/07\/navarrete-2145-420x236.jpg 420w, https:\/\/www.diarioimagen.net\/wp-content\/uploads\/2013\/07\/navarrete-2145-235x132.jpg 235w, https:\/\/www.diarioimagen.net\/wp-content\/uploads\/2013\/07\/navarrete-2145-202x114.jpg 202w, https:\/\/www.diarioimagen.net\/wp-content\/uploads\/2013\/07\/navarrete-2145-350x196.jpg 350w, https:\/\/www.diarioimagen.net\/wp-content\/uploads\/2013\/07\/navarrete-2145-220x123.jpg 220w, https:\/\/www.diarioimagen.net\/wp-content\/uploads\/2013\/07\/navarrete-2145-237x132.jpg 237w, https:\/\/www.diarioimagen.net\/wp-content\/uploads\/2013\/07\/navarrete-2145.jpg 480w\" sizes=\"auto, (max-width: 240px) 100vw, 240px\" \/><\/a><p id=\"caption-attachment-140737\" class=\"wp-caption-text\">Alfonso Navarrete Prida, titular de la Secretar\u00eda del Trabajo y Previsi\u00f3n Social de M\u00e9xico, cree que \u201ccualquier pol\u00edtica en el \u00e1mbito econ\u00f3mico tiene que tener como finalidad la creaci\u00f3n de empleo\u201d<\/p><\/div>\n<p>Mosc\u00fa, Rusia.- El secretario de Trabajo y Previsi\u00f3n Social mexicano, Alfonso Navarrete Prida, se reuni\u00f3 con los agentes sociales del G-20 en Mosc\u00fa para pedir su cooperaci\u00f3n en la formalizaci\u00f3n del empleo en M\u00e9xico, un pa\u00eds que se esfuerza en superar el reto de regularizar al 60 por ciento de sus trabajadores.<\/p>\n<p>\u201cCada vez que el pa\u00eds avanza diez pasos, en realidad avanza s\u00f3lo cuatro porque seis representan una carga que no le permite moverse. No hay reforma posible que pueda hacer de M\u00e9xico un pa\u00eds viable dentro de la econom\u00eda del siglo XXI\u201d con un 60 de empleo informal, subray\u00f3 Navarrete en una entrevista.<\/p>\n<p>Navarrete Prida cree que \u201ccualquier pol\u00edtica en el \u00e1mbito econ\u00f3mico tiene que tener como finalidad la creaci\u00f3n de empleo\u201d para superar no s\u00f3lo la falta de ingresos fiscales que genera la opacidad del mercado laboral, sino tambi\u00e9n las desigualdades sociales que conlleva.<\/p>\n<p>\u201cLa informalidad acrecienta las desigualdades. Una empresa informal tiene una capacidad de producci\u00f3n un 45 por ciento inferior que una empresa formal\u201d, advirti\u00f3.<\/p>\n<p>Al mismo tiempo, \u201clos programas de asistencia social dirigidos a esa poblaci\u00f3n informal se comen los pocos recursos que genera una poblaci\u00f3n formal reducida, que es la que paga impuestos\u201d, agreg\u00f3 el secretario de Trabajo.<\/p>\n<p>El Gobierno de M\u00e9xico ha articulado una pol\u00edtica encaminada a regularizar las relaciones entre empresarios y empleados y que se basa en cuatro ejes fundamentales: impulsar la creaci\u00f3n de empleo, democratizar la productividad, salvaguardar los derechos de los trabajadores y conservar la paz laboral.<\/p>\n<p>Empresarios y trabajadores deben adoptar compromisos en un momento hist\u00f3rico en el que \u201clas fricciones entre los factores de la producci\u00f3n van a ser evidentes\u201d, apunt\u00f3 Navarrete.<\/p>\n<p>\u201cLos grupos empresariales van a pedir mayor flexibilidad laboral y abaratamiento de los costos laborales, mientras que los sindicatos van a pedir la recuperaci\u00f3n del poder adquisitivo\u201d, subray\u00f3 el ministro mexicano.<\/p>\n<p>En este contexto, mientras que la banca debe ofrecer un cr\u00e9dito barato que permita a las empresas \u201cmodernizarse e incrementar su productividad\u201d, los trabajadores deben comprometerse con la capacitaci\u00f3n y certificaci\u00f3n de las habilidades \u201cque les permitan acercarse a la modernizaci\u00f3n de la empresa\u201d, dijo el secretario.<\/p>\n<p>Adem\u00e1s, la pol\u00edtica laboral mexicana pretende que los sectores m\u00e1s fuertes y ricos de la econom\u00eda redistribuyan sus beneficios en inversiones dirigidas a fortalecer otros sectores econ\u00f3micos y a la poblaci\u00f3n m\u00e1s vulnerable.<\/p>\n<p>Navarrete explic\u00f3 que M\u00e9xico trabaja en una reforma fiscal orientada a premiar la formalizaci\u00f3n del empleo, de manera que \u201clos incentivos de la pol\u00edtica fiscal est\u00e9n de lado de la migraci\u00f3n hacia la formalidad en el empleo, y no como hoy en d\u00eda, del lado de la informalidad\u201d.<\/p>\n<p>La pol\u00edtica fiscal actual del pa\u00eds, seg\u00fan el ministro de Trabajo, hace que \u201cla gente no quiere salir de su zona de confort, que representa recibir seguro popular sanitario, recibir prestaciones sociales\u201d.<\/p>\n<p>Con la Uni\u00f3n Europea desgarrada entre los que apoyan la disciplina fiscal a cualquier precio y los que piden m\u00e1s inversi\u00f3n p\u00fablica en lugar de los recortes, M\u00e9xico quiere adoptar un modelo de desarrollo equilibrado que tenga en cuenta ambas variables.<\/p>\n<p>Navarrete considera que una econom\u00eda sana es fundamental \u201cpara tener controlada la inflaci\u00f3n\u201d, pero no al precio de perjudicar a la poblaci\u00f3n.<\/p>\n<p>&nbsp;<\/p>\n","protected":false},"excerpt":{"rendered":"<p>El secretario de Trabajo y Previsi\u00f3n Social mexicano, Alfonso Navarrete Prida, se reuni\u00f3 ayer con los agentes sociales del G20 en Mosc\u00fa para pedir su cooperaci\u00f3n en la formalizaci\u00f3n del empleo en M\u00e9xico, un pa\u00eds que se esfuerza en superar el reto de regularizar al 60 por ciento de sus trabajadores.<\/p>\n","protected":false},"author":5,"featured_media":140737,"comment_status":"open","ping_status":"open","sticky":false,"template":"","format":"standard","meta":{"_monsterinsights_skip_tracking":false,"_monsterinsights_sitenote_active":false,"_monsterinsights_sitenote_note":"","_monsterinsights_sitenote_category":0,"footnotes":""},"categories":[3],"tags":[11708,481,14144],"class_list":["post-140646","post","type-post","status-publish","format-standard","has-post-thumbnail","hentry","category-nacional","tag-alfonso-navarrete-prida","tag-empleo","tag-g-20"],"_links":{"self":[{"href":"https:\/\/www.diarioimagen.net\/index.php?rest_route=\/wp\/v2\/posts\/140646","targetHints":{"allow":["GET"]}}],"collection":[{"href":"https:\/\/www.diarioimagen.net\/index.php?rest_route=\/wp\/v2\/posts"}],"about":[{"href":"https:\/\/www.diarioimagen.net\/index.php?rest_route=\/wp\/v2\/types\/post"}],"author":[{"embeddable":true,"href":"https:\/\/www.diarioimagen.net\/index.php?rest_route=\/wp\/v2\/users\/5"}],"replies":[{"embeddable":true,"href":"https:\/\/www.diarioimagen.net\/index.php?rest_route=%2Fwp%2Fv2%2Fcomments&post=140646"}],"version-history":[{"count":0,"href":"https:\/\/www.diarioimagen.net\/index.php?rest_route=\/wp\/v2\/posts\/140646\/revisions"}],"wp:featuredmedia":[{"embeddable":true,"href":"https:\/\/www.diarioimagen.net\/index.php?rest_route=\/wp\/v2\/media\/140737"}],"wp:attachment":[{"href":"https:\/\/www.diarioimagen.net\/index.php?rest_route=%2Fwp%2Fv2%2Fmedia&parent=140646"}],"wp:term":[{"taxonomy":"category","embeddable":true,"href":"https:\/\/www.diarioimagen.net\/index.php?rest_route=%2Fwp%2Fv2%2Fcategories&post=140646"},{"taxonomy":"post_tag","embeddable":true,"href":"https:\/\/www.diarioimagen.net\/index.php?rest_route=%2Fwp%2Fv2%2Ftags&post=140646"}],"curies":[{"name":"wp","href":"https:\/\/api.w.org\/{rel}","templated":true}]}}