{"id":140650,"date":"2013-07-19T00:07:13","date_gmt":"2013-07-19T05:07:13","guid":{"rendered":"http:\/\/www.diarioimagen.net\/?p=140650"},"modified":"2013-07-19T03:40:42","modified_gmt":"2013-07-19T08:40:42","slug":"buscan-a-sospechosa-de-desaparicion-en-morelos","status":"publish","type":"post","link":"https:\/\/www.diarioimagen.net\/?p=140650","title":{"rendered":"Buscan a sospechosa de desaparici\u00f3n en Morelos"},"content":{"rendered":"<ul>\n<li><strong>El titular de la PGJDF afirma que hay una orden de b\u00fasqueda y presentaci\u00f3n contra una mujer que invit\u00f3 a extraviados a un balneario de Morelos<\/strong><\/li>\n<\/ul>\n<div id=\"attachment_140730\" style=\"width: 250px\" class=\"wp-caption alignleft\"><a href=\"http:\/\/www.diarioimagen.net\/wp-content\/uploads\/2013\/07\/morelos-2145.jpg\"><img loading=\"lazy\" decoding=\"async\" aria-describedby=\"caption-attachment-140730\" class=\"size-medium wp-image-140730\" alt=\"Esta mujer es buscada por todas las corporaciones policiacas mexicanas; se llama Mar\u00eda Perla Rosal\u00eda Recillas Camacho y es quien invit\u00f3 a las v\u00edctimas desaparecidas a concretar una permuta inmobiliaria.\" src=\"http:\/\/www.diarioimagen.net\/wp-content\/uploads\/2013\/07\/morelos-2145-240x135.jpg\" width=\"240\" height=\"135\" srcset=\"https:\/\/www.diarioimagen.net\/wp-content\/uploads\/2013\/07\/morelos-2145-240x135.jpg 240w, https:\/\/www.diarioimagen.net\/wp-content\/uploads\/2013\/07\/morelos-2145-420x236.jpg 420w, https:\/\/www.diarioimagen.net\/wp-content\/uploads\/2013\/07\/morelos-2145-235x132.jpg 235w, https:\/\/www.diarioimagen.net\/wp-content\/uploads\/2013\/07\/morelos-2145-202x114.jpg 202w, https:\/\/www.diarioimagen.net\/wp-content\/uploads\/2013\/07\/morelos-2145-350x196.jpg 350w, https:\/\/www.diarioimagen.net\/wp-content\/uploads\/2013\/07\/morelos-2145-220x123.jpg 220w, https:\/\/www.diarioimagen.net\/wp-content\/uploads\/2013\/07\/morelos-2145-237x132.jpg 237w, https:\/\/www.diarioimagen.net\/wp-content\/uploads\/2013\/07\/morelos-2145.jpg 480w\" sizes=\"auto, (max-width: 240px) 100vw, 240px\" \/><\/a><p id=\"caption-attachment-140730\" class=\"wp-caption-text\">Esta mujer es buscada por todas las corporaciones policiacas mexicanas; se llama Mar\u00eda Perla Rosal\u00eda Recillas Camacho y es quien invit\u00f3 a las v\u00edctimas desaparecidas a concretar una permuta inmobiliaria.<\/p><\/div>\n<p>Mientras la Procuradur\u00eda General de Justicia del Distrito Federal (PGJDF) informa que busca a la mujer que invit\u00f3 a los siete capitalinos desaparecidos a visitar Oaxtepec, Morelos, su hom\u00f3loga de Puebla confirma el hallazgo de siete menores en el centro de la Angel\u00f3polis, quienes se encontraban a bordo de un veh\u00edculo.<\/p>\n<p>El procurador capitalino, Rodolfo R\u00edos Garza, se\u00f1al\u00f3 que colabora con las investigaciones de la Procuradur\u00eda de Morelos, para ubicar a Mar\u00eda Perla Rosal\u00eda Recillas Camacho, identificada como la principal sospechosa de haber invitado a las v\u00edctimas para concretar una permuta inmobiliaria.<\/p>\n<p>\u201cEsta persona, por supuesto tiene una orden de presentaci\u00f3n y localizaci\u00f3n, y efectivamente tiene dos ingresos (al Reclusorio Norte)\u201d, dijo.<\/p>\n<p>R\u00edos Garza inform\u00f3 que el 10 de julio pasado, la hija de uno de los siete desaparecidos se present\u00f3 a la Fiscal\u00eda de Iztacalco para denunciar que recibi\u00f3 una llamada en la que mencionaron la desaparici\u00f3n de los adultos y seis menores de edad, ubicados posteriormente en Puebla.<\/p>\n<p>Las v\u00edctimas son Griselda Sotelo Y\u00e9pez; Michel Olgu\u00edn Sotelo, Jos\u00e9 Aguilar Pineda, M\u00f3nica Ben\u00edtez Jaramillo, Luis Antonio Valadez Z\u00fa\u00f1iga, Adriana M\u00e9ndez S\u00e1nchez y \u00d3scar Yonathan Olgu\u00edn Sotelo.<\/p>\n<p>En tanto, el gobierno poblano confirm\u00f3 el hallazgo de siete menores en un veh\u00edculo Peugeot, en el que viajaron a Oaxtepec con un grupo de adultos que permanecen desaparecidos.<\/p>\n<p>Los ni\u00f1os estaban ilesos, seis de ellos ya fueron devueltos a familiares cercanos y uno permanece bajo custodia del Sistema Estatal para el Desarrollo Integral de la Familia (DIF) de esta localidad.<\/p>\n<p>Las autoridades poblanas no especificaron la fecha, pero dijeron que los menores fueron hallados a bordo de un veh\u00edculo particular sobre bulevar Norte y calle La Pedrera, por lo cual la Agencia Especializada en Delitos Sexuales y Violencia Familiar de la Procuradur\u00eda General de Justicia inici\u00f3 una constancia de hechos.<\/p>\n<p>&nbsp;<\/p>\n","protected":false},"excerpt":{"rendered":"<p> Mientras la Procuradur\u00eda General de Justicia del Distrito Federal (PGJDF) informa que busca a la mujer que invit\u00f3 a los siete capitalinos desaparecidos a visitar Oaxtepec, Morelos, su hom\u00f3loga de Puebla confirma el hallazgo de siete menores en el centro de la Angel\u00f3polis, quienes se encontraban a bordo de un veh\u00edculo.<\/p>\n","protected":false},"author":5,"featured_media":140730,"comment_status":"open","ping_status":"open","sticky":false,"template":"","format":"standard","meta":{"_monsterinsights_skip_tracking":false,"_monsterinsights_sitenote_active":false,"_monsterinsights_sitenote_note":"","_monsterinsights_sitenote_category":0,"footnotes":""},"categories":[3],"tags":[22499,11033,26845],"class_list":["post-140650","post","type-post","status-publish","format-standard","has-post-thumbnail","hentry","category-nacional","tag-desaparecidos","tag-oaxtepec","tag-rodolfo-rios-garza"],"_links":{"self":[{"href":"https:\/\/www.diarioimagen.net\/index.php?rest_route=\/wp\/v2\/posts\/140650","targetHints":{"allow":["GET"]}}],"collection":[{"href":"https:\/\/www.diarioimagen.net\/index.php?rest_route=\/wp\/v2\/posts"}],"about":[{"href":"https:\/\/www.diarioimagen.net\/index.php?rest_route=\/wp\/v2\/types\/post"}],"author":[{"embeddable":true,"href":"https:\/\/www.diarioimagen.net\/index.php?rest_route=\/wp\/v2\/users\/5"}],"replies":[{"embeddable":true,"href":"https:\/\/www.diarioimagen.net\/index.php?rest_route=%2Fwp%2Fv2%2Fcomments&post=140650"}],"version-history":[{"count":0,"href":"https:\/\/www.diarioimagen.net\/index.php?rest_route=\/wp\/v2\/posts\/140650\/revisions"}],"wp:featuredmedia":[{"embeddable":true,"href":"https:\/\/www.diarioimagen.net\/index.php?rest_route=\/wp\/v2\/media\/140730"}],"wp:attachment":[{"href":"https:\/\/www.diarioimagen.net\/index.php?rest_route=%2Fwp%2Fv2%2Fmedia&parent=140650"}],"wp:term":[{"taxonomy":"category","embeddable":true,"href":"https:\/\/www.diarioimagen.net\/index.php?rest_route=%2Fwp%2Fv2%2Fcategories&post=140650"},{"taxonomy":"post_tag","embeddable":true,"href":"https:\/\/www.diarioimagen.net\/index.php?rest_route=%2Fwp%2Fv2%2Ftags&post=140650"}],"curies":[{"name":"wp","href":"https:\/\/api.w.org\/{rel}","templated":true}]}}