{"id":140674,"date":"2013-07-19T00:07:39","date_gmt":"2013-07-19T05:07:39","guid":{"rendered":"http:\/\/www.diarioimagen.net\/?p=140674"},"modified":"2013-07-22T02:25:55","modified_gmt":"2013-07-22T07:25:55","slug":"quien-miente-hay-o-no-recesion-en-mexico","status":"publish","type":"post","link":"https:\/\/www.diarioimagen.net\/?p=140674","title":{"rendered":"\u00bfQui\u00e9n miente&#8230; hay o no recesi\u00f3n en M\u00e9xico?"},"content":{"rendered":"<h2>Tras la puerta del poder<\/h2>\n<h5>Roberto Vizca\u00edno<\/h5>\n<p><span><\/p>\n<ul>\n<li><strong><i>Existen quienes comienzan a apuntar que la recesi\u00f3n es por mal manejo de las finanzas p\u00fablicas<\/i><\/strong><\/li>\n<li><strong><i>Seg\u00fan INwEGI, el desempleo cay\u00f3 \u00a0de enero a junio de este a\u00f1o, lo cual agrava la percepci\u00f3n ciudadana<\/i><\/strong><\/li>\n<li><strong><i>Madero y Zambrano reciben cuestionamientos internos por permanecer en el pacto<\/i><\/strong><\/li>\n<\/ul>\n<div id=\"attachment_140745\" style=\"width: 250px\" class=\"wp-caption alignleft\"><a href=\"http:\/\/www.diarioimagen.net\/wp-content\/uploads\/2013\/07\/SI-JUAREZ-NO-HUBIERA-trizas-2145.jpg\"><img loading=\"lazy\" decoding=\"async\" aria-describedby=\"caption-attachment-140745\" class=\"size-medium wp-image-140745\" alt=\"Si Ju\u00e1rez no hubiera... | Trizas\" src=\"http:\/\/www.diarioimagen.net\/wp-content\/uploads\/2013\/07\/SI-JUAREZ-NO-HUBIERA-trizas-2145-240x187.jpg\" width=\"240\" height=\"187\" srcset=\"https:\/\/www.diarioimagen.net\/wp-content\/uploads\/2013\/07\/SI-JUAREZ-NO-HUBIERA-trizas-2145-240x187.jpg 240w, https:\/\/www.diarioimagen.net\/wp-content\/uploads\/2013\/07\/SI-JUAREZ-NO-HUBIERA-trizas-2145-420x327.jpg 420w, https:\/\/www.diarioimagen.net\/wp-content\/uploads\/2013\/07\/SI-JUAREZ-NO-HUBIERA-trizas-2145.jpg 700w\" sizes=\"auto, (max-width: 240px) 100vw, 240px\" \/><\/a><p id=\"caption-attachment-140745\" class=\"wp-caption-text\">Si Ju\u00e1rez no hubiera&#8230; | Trizas<\/p><\/div>\n<p>Legisladores de la oposici\u00f3n del \u00e1rea econ\u00f3mica advierten que existe un mal ejercicio del gasto por parte\u00a0 del gobierno de Enrique Pe\u00f1a Nieto y algunos cifran en hasta 100 mil millones de pesos el subejercicio en dependencias vitales a 8 meses de iniciada esta administraci\u00f3n.<\/p>\n<p>Otros centros de medici\u00f3n y an\u00e1lisis de la situaci\u00f3n econ\u00f3mica en el pa\u00eds hablan incluso de que M\u00e9xico, en el regreso de un gobierno del PRI al poder, comienza a entrar en recesi\u00f3n.<\/p>\n<p>Tan importantes y persistentes son estas advertencias, que el propio Pe\u00f1a Nieto lleva, desde inicios de este mes, encabezando actos de inversiones multimillonarias donde habla una y otra vez de lo bien evaluado que est\u00e1 M\u00e9xico entre los capitalistas.<\/p>\n<p>La campa\u00f1a para contrarrestar el se\u00f1alamiento de que M\u00e9xico entr\u00f3 en recesi\u00f3n ocurri\u00f3 en la primera semana de julio al dar a conocer su Estrategia de Contrataci\u00f3n P\u00fablica donde rechaz\u00f3 que su gobierno haya ca\u00eddo en los subejercicios y en la retenci\u00f3n del gasto p\u00fablico.<\/p>\n<p>Ah\u00ed habl\u00f3 de que habr\u00eda compra de bienes y servicios por parte de su administraci\u00f3n por 365 mil 129 millones de pesos.<\/p>\n<p>Luego presidi\u00f3 otro acto donde se habl\u00f3 de inversiones de muchos millones de d\u00f3lares en el sector tur\u00edstico, que es uno de mayor rendimiento y producci\u00f3n de empleos directos e indirectos.<\/p>\n<p>En Sun Valley, Idaho, durante un encuentro con empresarios de all\u00e1 y de ac\u00e1, Pe\u00f1a Nieto volvi\u00f3 sobre lo mismo y el lunes pasado en el patio central de Palacio Nacional encabez\u00f3 otro acto donde se habl\u00f3 de que habr\u00e1 este a\u00f1o una inversi\u00f3n de 4 billones de pesos en infraestructura.<\/p>\n<p>La cuesti\u00f3n es que estos anuncios se hacen en julio, es decir a 8 meses de haber iniciado este gobierno y apenas a 5 de que concluya el a\u00f1o.<\/p>\n<p align=\"center\">\u00a0<b>SABOR A DESASTRE<\/b><\/p>\n<p>En la calle los ciudadanos, comerciantes, peque\u00f1os empresarios y otros muchos hablan recurrentemente de sus malas situaciones personales por falta de empleo o de ingresos.<\/p>\n<p>Cada vez son m\u00e1s los que no tienen dinero ni siquiera para lo elemental.<\/p>\n<p>Ah\u00ed es donde no se habla de recesi\u00f3n o crisis econ\u00f3mica, pero donde estas se viven con toda su crudeza.<\/p>\n<p align=\"center\">\u00a0<b>VAMOS HACIA ABAJO<\/b><\/p>\n<p>Quienes no lo sienten como los ciudadanos de a pie, pero s\u00ed saben qu\u00e9 es lo que est\u00e1 pasando, son los analistas y funcionarios del Banco de M\u00e9xico.<\/p>\n<p>Y estos han salido a decir que la econom\u00eda mexicana vive una importante desaceleraci\u00f3n.<\/p>\n<p>Y que esta recesi\u00f3n se da o se provoca cuando el entorno internacional es fr\u00e1gil y marcado por una importante volatilidad de los mercados financieros internacionales.<\/p>\n<p>Encargada de mantener bajo control la inflaci\u00f3n, esta instituci\u00f3n advierte que por todo lo anterior mantendr\u00e1 sin cambio la tasa de inter\u00e9s de referencia en un 4 por ciento anual en el pa\u00eds.<\/p>\n<p>Adentr\u00e1ndose t\u00edmida, cautamente al centro del problema, el Banco de M\u00e9xico advierte que la rapidez y profundidad con que se desacelerado la econom\u00eda mexicana ha elevado los riesgos de una ca\u00edda de la actividad econ\u00f3mica. Es decir, que nos acerca a la crisis.<\/p>\n<p>Centros de an\u00e1lisis nacionales y extranjeros comentaron que la decisi\u00f3n del Banco Central de mantener alta la tasa de inter\u00e9s para evitar una fuga de capitales, podr\u00eda incidir en una disminuci\u00f3n en la actividad econ\u00f3mica mexicana porque, al aumentar el costo del financiamiento se produce una baja natural de la producci\u00f3n de bienes y servicios y se convierte en un c\u00edrculo de desaceleraci\u00f3n de\u00a0 la inversi\u00f3n y el consumo.<\/p>\n<p>\u00bfY por qu\u00e9 ocurre esto?<\/p>\n<p>Bueno, los opositores de Pe\u00f1a Nieto afirman que es por un mal manejo de la econom\u00eda. Otros no tan contrarios al nuevo r\u00e9gimen, \u00a0han comenzado a sumarse a este se\u00f1alamiento.<\/p>\n<p>Y no pocos ciudadanos afectados, mexicanos tan afectos al humor incluso en los momentos m\u00e1s oscuros, comienzan a bromear con aquello de \u201cest\u00e1bamos mejor cuando est\u00e1bamos peor\u201d.<\/p>\n<p align=\"center\">\u00a0<b>PARA ACABAR DE\u2026<\/b><\/p>\n<p>En estos d\u00edas el Instituto Nacional de Estad\u00edstica y Geograf\u00eda, el Inegi sali\u00f3 a decirnos que sus mediciones dejan en claro que el desempleo aument\u00f3 entre enero y junio de este a\u00f1o a 4.9 por ciento respecto del mismo per\u00edodo del a\u00f1o pasado.<\/p>\n<p>Los suspicaces y amargosos indicaron luego que qu\u00e9 bueno que Pe\u00f1a Nieto no se comprometi\u00f3 a ser el Presidente del empleo.<\/p>\n<p>Y es que el Inegi aclar\u00f3 que entre mayo y junio de 2013 el desempleo subi\u00f3 a 5.1 por ciento respecto de la poblaci\u00f3n econ\u00f3micamente activa.<\/p>\n<p>Ufff\u2026 como dicen en el norte, \u201c\u00e9ramos muchos\u2026 y pari\u00f3 la abuela\u201d.<\/p>\n<p align=\"center\">\u00a0<b>ARRECIA LA CONFRONTACI\u00d3N<\/b><\/p>\n<p>Una vez cerrado pr\u00e1cticamente el proceso electoral de este a\u00f1o, los dirigentes de los partidos dejaron de lado sus amagos y amenazas y confirmaron su permanencia dentro del Pacto por M\u00e9xico asistiendo a la primera mesa de di\u00e1logo convocada antenoche por el secretario de Gobernaci\u00f3n, Miguel \u00c1ngel Osorio Chong.<\/p>\n<p>Al parejo reaparecieron y se reagruparon las corrientes dentro del PRD y del PAN que se oponen a que sus partidos sigan dentro de este mecanismo de concertaci\u00f3n y producci\u00f3n de reformas.<\/p>\n<p>Donde se redefinieron los grupos y personajes fue en el sol azteca con la asociaci\u00f3n de Marcelo Ebrard, Ren\u00e9 Bejarano y Alejandro Encinas quienes le exigieron a Jes\u00fas Zambrano sacar al PRD del Pacto por M\u00e9xico.<\/p>\n<p>Zambrano, que lo que tiene es todo menos ingenuo o novato, promovi\u00f3 una reuni\u00f3n de apoyo con los gobernadores perredistas a la que acudieron el de Oaxaca, Gabino Cu\u00e9; el de Tabasco, Arturo N\u00fa\u00f1ez; el de Morelos, Graco Ram\u00edrez y el del DF, Miguel \u00c1ngel Mancera.<\/p>\n<p>As\u00ed que con eso legitim\u00f3 su permanencia dentro de este mecanismo.<\/p>\n<p>Gustavo Madero por su parte encabez\u00f3 el lanzamiento de una iniciativa \u00a0de reforma energ\u00e9tica del PAN acompa\u00f1ado por los coordinadores de su partido en San L\u00e1zaro y en el Senado, con lo cual se vacun\u00f3 contra cualquier diferendo en su contra.<\/p>\n<p>En medio de este jaloneo, el Jefe de Gobierno capitalino, Miguel \u00c1ngel Mancera, les record\u00f3 a los quejosos dentro del PRD, que este partido qued\u00f3 como la tercera fuerza en los comicios del 7 de julio lo cual requiere un ejercicio de unidad dentro de todas las fuerzas de la izquierda.<\/p>\n<p>Mancera les recomend\u00f3 que, en lugar de andar de quejosos, se unan en un ejercicio de revisi\u00f3n de lo bueno y malo del Pacto por M\u00e9xico, pero sin negarse a participar en el di\u00e1logo con otras fuerzas.<\/p>\n<p>\u201cEl resultado de estas elecciones se muestra o da punto de comparaci\u00f3n por ejemplo con 2012, pero con una desventaja: esta vez, la izquierda estaba fragmentada, cada quien fue por su l\u00ednea de acci\u00f3n y por su propio capital pol\u00edtico.<\/p>\n<p>\u201cEntonces, se ha demostrado y ha quedado muy claro que cuando la izquierda trabaja en una sola l\u00ednea, pues los resultados son diferentes.<\/p>\n<p>\u201cEl Pacto tiene que ser analizado y tiene que ser puesto en una balanza, y tienen que analizarse las cosas positivas y las cosas que no resultan como se plantean\u201d, subray\u00f3.<\/p>\n<p>Puede llamarse como, les dijo, sea \u201cpero el objetivo deber ser que le vaya bien al pa\u00eds\u201d, concluy\u00f3.<\/p>\n<p><em><a href=\"mailto:rvizcaino@gmail.com\" target=\"_blank\">rvizcaino@gmail.com<\/a><\/em><\/span><\/p>\n","protected":false},"excerpt":{"rendered":"<p><span style=\"color: #005497;\"><strong>Roberto Vizca\u00edno<\/strong><\/span><\/p>\n","protected":false},"author":3,"featured_media":140745,"comment_status":"open","ping_status":"open","sticky":false,"template":"","format":"standard","meta":{"_monsterinsights_skip_tracking":false,"_monsterinsights_sitenote_active":false,"_monsterinsights_sitenote_note":"","_monsterinsights_sitenote_category":0,"footnotes":""},"categories":[136],"tags":[43674,362,93,94],"class_list":["post-140674","post","type-post","status-publish","format-standard","has-post-thumbnail","hentry","category-roberto-vizcaino-opinion","tag-opinion","tag-pri","tag-roberto-vizcaino","tag-tras-la-puerta-del-poder"],"_links":{"self":[{"href":"https:\/\/www.diarioimagen.net\/index.php?rest_route=\/wp\/v2\/posts\/140674","targetHints":{"allow":["GET"]}}],"collection":[{"href":"https:\/\/www.diarioimagen.net\/index.php?rest_route=\/wp\/v2\/posts"}],"about":[{"href":"https:\/\/www.diarioimagen.net\/index.php?rest_route=\/wp\/v2\/types\/post"}],"author":[{"embeddable":true,"href":"https:\/\/www.diarioimagen.net\/index.php?rest_route=\/wp\/v2\/users\/3"}],"replies":[{"embeddable":true,"href":"https:\/\/www.diarioimagen.net\/index.php?rest_route=%2Fwp%2Fv2%2Fcomments&post=140674"}],"version-history":[{"count":0,"href":"https:\/\/www.diarioimagen.net\/index.php?rest_route=\/wp\/v2\/posts\/140674\/revisions"}],"wp:featuredmedia":[{"embeddable":true,"href":"https:\/\/www.diarioimagen.net\/index.php?rest_route=\/wp\/v2\/media\/140745"}],"wp:attachment":[{"href":"https:\/\/www.diarioimagen.net\/index.php?rest_route=%2Fwp%2Fv2%2Fmedia&parent=140674"}],"wp:term":[{"taxonomy":"category","embeddable":true,"href":"https:\/\/www.diarioimagen.net\/index.php?rest_route=%2Fwp%2Fv2%2Fcategories&post=140674"},{"taxonomy":"post_tag","embeddable":true,"href":"https:\/\/www.diarioimagen.net\/index.php?rest_route=%2Fwp%2Fv2%2Ftags&post=140674"}],"curies":[{"name":"wp","href":"https:\/\/api.w.org\/{rel}","templated":true}]}}