{"id":140706,"date":"2013-07-19T00:02:22","date_gmt":"2013-07-19T05:02:22","guid":{"rendered":"http:\/\/www.diarioimagen.net\/?p=140706"},"modified":"2013-07-19T03:50:46","modified_gmt":"2013-07-19T08:50:46","slug":"rehenes-de-los-partidos-politicos","status":"publish","type":"post","link":"https:\/\/www.diarioimagen.net\/?p=140706","title":{"rendered":"Rehenes de los partidos pol\u00edticos"},"content":{"rendered":"<h2>Acta P\u00fablica<\/h2>\n<h5>Claudia Rodr\u00edguez<\/h5>\n<p><span><br \/>\nQue no nos confundan.\u00a0 No son ni las trapacer\u00edas electorales, ni la firma de pactos federales por encima de la misma Constituci\u00f3n, los que ponen obst\u00e1culos al desarrollo del pa\u00eds.\u00a0 Es el sistema de partidos a la mexicana el que nos tiene a todos los ciudadanos como sus rehenes.<\/span><\/p>\n<p>Como gobernados, hasta ahora no tenemos otra opci\u00f3n que elegir a nuestros gobernantes y legisladores por la v\u00eda electoral en la que en primera no tenemos opci\u00f3n de participar, sino hasta que hemos cumplido la mayor\u00eda de edad \u2014a menos que nos involucremos como militantes activos de alg\u00fan instituto pol\u00edtico\u2014, la \u00fanica manera de elegir es a trav\u00e9s del sufragio, lo cual, no garantiza por dudas fundadas de \u00a0los mismos partidos, que el voto de la mayor\u00eda sea respetado.<\/p>\n<p>Despu\u00e9s de sufragar, a los ciudadanos nos dicen los pol\u00edticos sin siquiera pronunciar palabra alguna: Gracias por participar.<\/p>\n<p>Lo que sucede entre cada elecci\u00f3n y al final todo el tiempo en materia de planes y reformas, \u00a0es decisi\u00f3n total de gobernantes y legisladores.\u00a0 Ya la participaci\u00f3n ciudadana en esos niveles si llega a existir, la mayor parte del tiempo es nulificada.<\/p>\n<p>Y ahora el resquebrajamiento del Pacto por M\u00e9xico. Otro obst\u00e1culo m\u00e1s del desarrollo nacional, como si no estuvi\u00e9ramos acostumbrados a mirar como los partidos pol\u00edticos una vez pasada la elecci\u00f3n en turno se dedican primero; unos a ejercer y retener a toda costa el poder ganado ya con la cl\u00e1sica \u201chaiga sido como haiga sido\u201d y los otros a tratar de arrebat\u00e1rselos a toda costa, sin ocuparse en tiempo y forma como es debido al empuje de programas y leyes en raz\u00f3n del mejor nivel de vida de todos sus gobernados.<\/p>\n<p>Tras las chapucer\u00edas detectadas y denunciadas luego de las recientes elecciones locales en 14 entidades de la Rep\u00fablica, los partidos de Acci\u00f3n Nacional y de la Revoluci\u00f3n Democr\u00e1tica advierten la posibilidad de no seguir en el pacto en cuesti\u00f3n si, no se cumplen con las condiciones por ellos se\u00f1aladas y que cierto, en algunos casos intentan limpiar la acci\u00f3n y sentido del voto ciudadano, pero de lo cual es f\u00e1cil advertir que hay m\u00e1s inter\u00e9s de \u00e9lite que de militancia partidista.<\/p>\n<p>Los mexicanos seguimos siendo rehenes de los partidos pol\u00edticos y lo seremos mientras no exista un cambio en la acci\u00f3n, perdurabilidad y respeto del sufragio ciudadano.<\/p>\n<p><b><i>Acta Divina\u2026<\/i><\/b> C\u00e9sar Camacho, l\u00edder nacional del Partido Revolucionario Institucional (PRI) advierte que el Pacto por M\u00e9xico no puede ser reh\u00e9n de los partidos pol\u00edticos.<\/p>\n<p><b><i>Para advertir\u2026<\/i><\/b> \u00bfM\u00e9xico si puede ser reh\u00e9n de los partidos?<\/p>\n<p><em><a href=\"mailto:actapublica@gmail.com\" target=\"_blank\">actapublica@gmail.com<\/a><\/em><\/p>\n","protected":false},"excerpt":{"rendered":"<p><span style=\"color: #005497;\"><strong>Claudia Rodr\u00edguez<\/strong><\/span><\/p>\n","protected":false},"author":3,"featured_media":0,"comment_status":"open","ping_status":"open","sticky":false,"template":"","format":"standard","meta":{"_monsterinsights_skip_tracking":false,"_monsterinsights_sitenote_active":false,"_monsterinsights_sitenote_note":"","_monsterinsights_sitenote_category":0,"footnotes":""},"categories":[1281],"tags":[43674,27569],"class_list":["post-140706","post","type-post","status-publish","format-standard","hentry","category-claudia-rodriguez","tag-opinion","tag-rehenes"],"_links":{"self":[{"href":"https:\/\/www.diarioimagen.net\/index.php?rest_route=\/wp\/v2\/posts\/140706","targetHints":{"allow":["GET"]}}],"collection":[{"href":"https:\/\/www.diarioimagen.net\/index.php?rest_route=\/wp\/v2\/posts"}],"about":[{"href":"https:\/\/www.diarioimagen.net\/index.php?rest_route=\/wp\/v2\/types\/post"}],"author":[{"embeddable":true,"href":"https:\/\/www.diarioimagen.net\/index.php?rest_route=\/wp\/v2\/users\/3"}],"replies":[{"embeddable":true,"href":"https:\/\/www.diarioimagen.net\/index.php?rest_route=%2Fwp%2Fv2%2Fcomments&post=140706"}],"version-history":[{"count":0,"href":"https:\/\/www.diarioimagen.net\/index.php?rest_route=\/wp\/v2\/posts\/140706\/revisions"}],"wp:attachment":[{"href":"https:\/\/www.diarioimagen.net\/index.php?rest_route=%2Fwp%2Fv2%2Fmedia&parent=140706"}],"wp:term":[{"taxonomy":"category","embeddable":true,"href":"https:\/\/www.diarioimagen.net\/index.php?rest_route=%2Fwp%2Fv2%2Fcategories&post=140706"},{"taxonomy":"post_tag","embeddable":true,"href":"https:\/\/www.diarioimagen.net\/index.php?rest_route=%2Fwp%2Fv2%2Ftags&post=140706"}],"curies":[{"name":"wp","href":"https:\/\/api.w.org\/{rel}","templated":true}]}}