{"id":140710,"date":"2013-07-19T00:01:32","date_gmt":"2013-07-19T05:01:32","guid":{"rendered":"http:\/\/www.diarioimagen.net\/?p=140710"},"modified":"2013-07-22T02:41:43","modified_gmt":"2013-07-22T07:41:43","slug":"ora-que","status":"publish","type":"post","link":"https:\/\/www.diarioimagen.net\/?p=140710","title":{"rendered":"Ora qu\u00e9"},"content":{"rendered":"<h2>Pol\u00edtica Spot<\/h2>\n<h5>Juan Manuel Maga\u00f1a<\/h5>\n<p><span><br \/>\nEl extra\u00f1o misterio de nuevos desaparecidos&#8230; S\u00f3lo en M\u00e9xico nos pasan estas cosas.<\/span><\/p>\n<p>C\u00f3mo puede ser posible que siete personas que iban acompa\u00f1adas de seis ni\u00f1os hayan desaparecido desde el 6 de julio, cuando llegaron a Oaxtepec, municipio de Yautepec, provenientes del Distrito Federal, y que hoy estemos a 19 y no se sepa nada de su paradero.<\/p>\n<p>Apenas antenoche, el gobierno de Morelos se decidi\u00f3 a confirmar la desaparici\u00f3n, de la cual no sabe nada de nada.<\/p>\n<p>C\u00f3mo puede ser posible que los seis menores fueron encontrados el 7 de julio abandonados en un autom\u00f3vil estacionado frente al mercado municipal de la ciudad de Puebla, sin que hasta ahora nadie se explique eso.<\/p>\n<p>C\u00f3mo puede ser posible que hasta el 10 de julio los familiares de los siete desaparecidos presentaron una denuncia ante la tercera agencia investigadora de la Fiscal\u00eda Desconcentrada de la Procuradur\u00eda General de Justicia del Distrito Federal, en la delegaci\u00f3n Iztacalco.<\/p>\n<p>Y c\u00f3mo puede ser, que hasta un d\u00eda despu\u00e9s, el 11, se haya presentado una querella ante la Procuradur\u00eda de Morelos. Y una semana m\u00e1s tarde ni una ni otra autoridad tiene la menor idea de lo que sucede, m\u00e1s que la certeza de que hay siete desaparecidos. Caso lleno de rarezas.<\/p>\n<p>Lo que las autoridades vagamente saben es que las 13 personas, todas originarias de la ciudad de M\u00e9xico, viajaron el 6 de julio en dos veh\u00edculos a Oaxtepec, invitados por una mujer, a la que conocen desde hace 13 a\u00f1os, \u201cla cual ya est\u00e1 identificada y se sabe que ha ingresado dos veces al Reclusorio Femenil Norte, por robo en 2004 y delitos contra la salud, en 2008\u201d. La misteriosa mujer se llama Mara Perla Rosala.<\/p>\n<p>Se dice que en Oaxtepec, la mujer y su esposo llevaron a cuatro adultos a unos terrenos que supuestamente permutar\u00edan por un departamento propiedad de uno de los invitados. Se habla de que despu\u00e9s ambos regresaron por los otros tres y les dijeron que los acompa\u00f1aran, porque los primeros se hab\u00edan accidentado. Y que finalmente se llevaron a los ni\u00f1os a Puebla y los abandonaron ah\u00ed.<\/p>\n<p>Todav\u00eda no salimos del asombro del caso Heaven y los desaparecidos de Tepito, y ya surge un nuevo y enigm\u00e1tico hecho. Esa es la seguridad con que se vive en el pa\u00eds, sea el DF o Morelos o donde ustedes quieran.<\/p>\n<p>Ayer, la Procuradur\u00eda de Morelos apenas inform\u00f3 que ampli\u00f3 su radio de b\u00fasqueda de los desaparecidos, pero eso s\u00ed descart\u00f3 el delito de secuestro, porque hasta el momento los familiares de las v\u00edctimas no han recibido ninguna llamada para exigir rescate.<\/p>\n<p>Igual me equivoco, pero hasta dan la impresi\u00f3n de que apenas se pusieron\u00a0 a chambear en el caso, al ver que \u00e9ste cobr\u00f3 fuerza medi\u00e1tica, pues ayer estuvo en las primeras planas de los diarios. Y ya se sabe que es una menor de 13 a\u00f1os la que gu\u00eda a la Polic\u00eda Ministerial en los recorridos por tres sitios en particular.<\/p>\n<p>As\u00ed como van, nom\u00e1s falta que la cosa acabe, con el tiempo, como otros tantos casos en que los familiares se hacen cargo de la b\u00fasqueda de las personas y del esclarecimiento de los hechos.<\/p>\n<p><em><a href=\"mailto: maganapalace@yahoo.com.mx\" target=\"_blank\">maganapalace@yahoo.com.mx<\/a><\/em><\/p>\n","protected":false},"excerpt":{"rendered":"<p><span style=\"color: #005497;\"><strong>Juan Manuel Maga\u00f1a<\/strong><\/span><\/p>\n","protected":false},"author":3,"featured_media":0,"comment_status":"open","ping_status":"open","sticky":false,"template":"","format":"standard","meta":{"_monsterinsights_skip_tracking":false,"_monsterinsights_sitenote_active":false,"_monsterinsights_sitenote_note":"","_monsterinsights_sitenote_category":0,"footnotes":""},"categories":[22905],"tags":[39,43709,11033,43674,22904],"class_list":["post-140710","post","type-post","status-publish","format-standard","hentry","category-juan-manuel-magana","tag-distrito-federal","tag-juan-manuel-magana","tag-oaxtepec","tag-opinion","tag-politica-spot"],"_links":{"self":[{"href":"https:\/\/www.diarioimagen.net\/index.php?rest_route=\/wp\/v2\/posts\/140710","targetHints":{"allow":["GET"]}}],"collection":[{"href":"https:\/\/www.diarioimagen.net\/index.php?rest_route=\/wp\/v2\/posts"}],"about":[{"href":"https:\/\/www.diarioimagen.net\/index.php?rest_route=\/wp\/v2\/types\/post"}],"author":[{"embeddable":true,"href":"https:\/\/www.diarioimagen.net\/index.php?rest_route=\/wp\/v2\/users\/3"}],"replies":[{"embeddable":true,"href":"https:\/\/www.diarioimagen.net\/index.php?rest_route=%2Fwp%2Fv2%2Fcomments&post=140710"}],"version-history":[{"count":0,"href":"https:\/\/www.diarioimagen.net\/index.php?rest_route=\/wp\/v2\/posts\/140710\/revisions"}],"wp:attachment":[{"href":"https:\/\/www.diarioimagen.net\/index.php?rest_route=%2Fwp%2Fv2%2Fmedia&parent=140710"}],"wp:term":[{"taxonomy":"category","embeddable":true,"href":"https:\/\/www.diarioimagen.net\/index.php?rest_route=%2Fwp%2Fv2%2Fcategories&post=140710"},{"taxonomy":"post_tag","embeddable":true,"href":"https:\/\/www.diarioimagen.net\/index.php?rest_route=%2Fwp%2Fv2%2Ftags&post=140710"}],"curies":[{"name":"wp","href":"https:\/\/api.w.org\/{rel}","templated":true}]}}