{"id":140770,"date":"2013-07-19T00:09:42","date_gmt":"2013-07-19T05:09:42","guid":{"rendered":"http:\/\/www.diarioimagen.net\/?p=140770"},"modified":"2013-07-19T04:04:07","modified_gmt":"2013-07-19T09:04:07","slug":"congreso-mexiquense-conmemora-aniversario-luctuoso-de-don-benito-juarez","status":"publish","type":"post","link":"https:\/\/www.diarioimagen.net\/?p=140770","title":{"rendered":"Congreso mexiquense conmemora aniversario luctuoso de Don Benito Ju\u00e1rez"},"content":{"rendered":"<p><a href=\"http:\/\/www.diarioimagen.net\/wp-content\/uploads\/2013\/07\/LEGISLATURA-2145.jpg\"><img loading=\"lazy\" decoding=\"async\" class=\"aligncenter size-large wp-image-140771\" alt=\"LEGISLATURA-2145\" src=\"http:\/\/www.diarioimagen.net\/wp-content\/uploads\/2013\/07\/LEGISLATURA-2145-420x236.jpg\" width=\"420\" height=\"236\" srcset=\"https:\/\/www.diarioimagen.net\/wp-content\/uploads\/2013\/07\/LEGISLATURA-2145-420x236.jpg 420w, https:\/\/www.diarioimagen.net\/wp-content\/uploads\/2013\/07\/LEGISLATURA-2145-240x135.jpg 240w, https:\/\/www.diarioimagen.net\/wp-content\/uploads\/2013\/07\/LEGISLATURA-2145-235x132.jpg 235w, https:\/\/www.diarioimagen.net\/wp-content\/uploads\/2013\/07\/LEGISLATURA-2145-202x114.jpg 202w, https:\/\/www.diarioimagen.net\/wp-content\/uploads\/2013\/07\/LEGISLATURA-2145-350x196.jpg 350w, https:\/\/www.diarioimagen.net\/wp-content\/uploads\/2013\/07\/LEGISLATURA-2145-220x123.jpg 220w, https:\/\/www.diarioimagen.net\/wp-content\/uploads\/2013\/07\/LEGISLATURA-2145-237x132.jpg 237w, https:\/\/www.diarioimagen.net\/wp-content\/uploads\/2013\/07\/LEGISLATURA-2145.jpg 480w\" sizes=\"auto, (max-width: 420px) 100vw, 420px\" \/><\/a><\/p>\n<p><strong>Toluca, Estado de M\u00e9xico.-<\/strong> Los legisladores Aar\u00f3n Urbina Bedolla, presidente de la Junta de Coordinaci\u00f3n Pol\u00edtica, y Octavio Mart\u00ednez Vargas, presidente de la Diputaci\u00f3n Permanente, as\u00ed como Enrique Mendoza Vel\u00e1zquez y H\u00e9ctor Hern\u00e1ndez Silva, asistieron a la ceremonia con motivo del CXLI aniversario luctuoso de Benito Ju\u00e1rez Garc\u00eda, encabezada por el\u00a0secretario general de Gobierno, Efr\u00e9n Rojas D\u00e1vila, en el monumento al \u201cBenem\u00e9rito de las Am\u00e9ricas\u201d, en el Jard\u00edn Reforma de la capital mexiquense, donde se mont\u00f3 una guardia de honor y se deposit\u00f3 una ofrenda floral.<\/p>\n","protected":false},"excerpt":{"rendered":"<p>Los legisladores Aar\u00f3n Urbina Bedolla, presidente de la Junta de Coordinaci\u00f3n Pol\u00edtica, y Octavio Mart\u00ednez<\/p>\n","protected":false},"author":1,"featured_media":140771,"comment_status":"open","ping_status":"open","sticky":false,"template":"","format":"standard","meta":{"_monsterinsights_skip_tracking":false,"_monsterinsights_sitenote_active":false,"_monsterinsights_sitenote_note":"","_monsterinsights_sitenote_category":0,"footnotes":""},"categories":[5],"tags":[2244,43675,6022],"class_list":["post-140770","post","type-post","status-publish","format-standard","has-post-thumbnail","hentry","category-estado-de-mexico","tag-benito-juarez","tag-estado-de-mexico","tag-legislatura-mexiquense"],"_links":{"self":[{"href":"https:\/\/www.diarioimagen.net\/index.php?rest_route=\/wp\/v2\/posts\/140770","targetHints":{"allow":["GET"]}}],"collection":[{"href":"https:\/\/www.diarioimagen.net\/index.php?rest_route=\/wp\/v2\/posts"}],"about":[{"href":"https:\/\/www.diarioimagen.net\/index.php?rest_route=\/wp\/v2\/types\/post"}],"author":[{"embeddable":true,"href":"https:\/\/www.diarioimagen.net\/index.php?rest_route=\/wp\/v2\/users\/1"}],"replies":[{"embeddable":true,"href":"https:\/\/www.diarioimagen.net\/index.php?rest_route=%2Fwp%2Fv2%2Fcomments&post=140770"}],"version-history":[{"count":0,"href":"https:\/\/www.diarioimagen.net\/index.php?rest_route=\/wp\/v2\/posts\/140770\/revisions"}],"wp:featuredmedia":[{"embeddable":true,"href":"https:\/\/www.diarioimagen.net\/index.php?rest_route=\/wp\/v2\/media\/140771"}],"wp:attachment":[{"href":"https:\/\/www.diarioimagen.net\/index.php?rest_route=%2Fwp%2Fv2%2Fmedia&parent=140770"}],"wp:term":[{"taxonomy":"category","embeddable":true,"href":"https:\/\/www.diarioimagen.net\/index.php?rest_route=%2Fwp%2Fv2%2Fcategories&post=140770"},{"taxonomy":"post_tag","embeddable":true,"href":"https:\/\/www.diarioimagen.net\/index.php?rest_route=%2Fwp%2Fv2%2Ftags&post=140770"}],"curies":[{"name":"wp","href":"https:\/\/api.w.org\/{rel}","templated":true}]}}