{"id":140813,"date":"2013-07-20T00:05:36","date_gmt":"2013-07-20T05:05:36","guid":{"rendered":"http:\/\/www.diarioimagen.net\/?p=140813"},"modified":"2013-07-22T03:34:26","modified_gmt":"2013-07-22T08:34:26","slug":"resalta-enrique-pena-nieto-caida-gradual-de-violencia-en-mexico","status":"publish","type":"post","link":"https:\/\/www.diarioimagen.net\/?p=140813","title":{"rendered":"Resalta Enrique Pe\u00f1a Nieto ca\u00edda \u00abgradual\u00bb de violencia en M\u00e9xico"},"content":{"rendered":"<div id=\"attachment_140819\" style=\"width: 250px\" class=\"wp-caption alignleft\"><a href=\"http:\/\/www.diarioimagen.net\/wp-content\/uploads\/2013\/07\/epn-figaro.jpg\"><img loading=\"lazy\" decoding=\"async\" aria-describedby=\"caption-attachment-140819\" class=\"size-medium wp-image-140819\" alt=\"Enrique Pe\u00f1a Nieto, presidente de M\u00e9xico.\" src=\"http:\/\/www.diarioimagen.net\/wp-content\/uploads\/2013\/07\/epn-figaro-240x135.jpg\" width=\"240\" height=\"135\" srcset=\"https:\/\/www.diarioimagen.net\/wp-content\/uploads\/2013\/07\/epn-figaro-240x135.jpg 240w, https:\/\/www.diarioimagen.net\/wp-content\/uploads\/2013\/07\/epn-figaro-420x236.jpg 420w, https:\/\/www.diarioimagen.net\/wp-content\/uploads\/2013\/07\/epn-figaro-235x132.jpg 235w, https:\/\/www.diarioimagen.net\/wp-content\/uploads\/2013\/07\/epn-figaro-202x114.jpg 202w, https:\/\/www.diarioimagen.net\/wp-content\/uploads\/2013\/07\/epn-figaro-350x196.jpg 350w, https:\/\/www.diarioimagen.net\/wp-content\/uploads\/2013\/07\/epn-figaro-220x123.jpg 220w, https:\/\/www.diarioimagen.net\/wp-content\/uploads\/2013\/07\/epn-figaro-237x132.jpg 237w, https:\/\/www.diarioimagen.net\/wp-content\/uploads\/2013\/07\/epn-figaro.jpg 480w\" sizes=\"auto, (max-width: 240px) 100vw, 240px\" \/><\/a><p id=\"caption-attachment-140819\" class=\"wp-caption-text\">Enrique Pe\u00f1a Nieto, presidente de M\u00e9xico.<\/p><\/div>\n<p>Par\u00eds, Francia.- La violencia descendi\u00f3 \u00abgradualmente\u00bb en M\u00e9xico en los siete primeros meses del gobierno del PRI, destac\u00f3 en una entrevista con el diario franc\u00e9s <em>Le Figaro<\/em> el presidente de M\u00e9xico, Enrique Pe\u00f1a Nieto.<\/p>\n<p>\u00abEn siete meses hemos observado una bajada gradual de la violencia en el pa\u00eds aunque todav\u00eda queda mucho camino por recorrer\u00bb, resalt\u00f3 Pe\u00f1a Nieto en la entrevista publicada este viernes.<\/p>\n<p>En la entrevista, publicada a toda p\u00e1gina en contraportada, el centenario peri\u00f3dico destac\u00f3 que \u00abel nuevo jefe de Estado mexicano quiere luchar contra la violencia y el tr\u00e1fico de drogas luchando contra los jefes de los c\u00e1rteles, pero tambi\u00e9n contra la pobreza\u00bb.<\/p>\n<p>\u00abNuestra estrategia es clara: continuaremos luchando contra esos 140 criminales identificados, y de manera selectiva, pero el medio m\u00e1s eficaz para luchar contra la violencia es dar a los mexicanos una oportunidad para triunfar, devolverles la confianza en el futuro\u00bb, subray\u00f3 Pe\u00f1a Nieto.<\/p>\n<p>El presidente explic\u00f3 que \u00abel crecimiento (econ\u00f3mico) de estos \u00faltimos a\u00f1os no ha sido suficiente\u00bb. \u00abEl resultado ha sido que numerosos mexicanos han ca\u00eddo en la ilegalidad, usados como carne de ca\u00f1\u00f3n por el crimen organizado. Ah\u00ed es donde hay que actuar\u00bb, coment\u00f3.<\/p>\n<p>Cuestionado por la reciente detenci\u00f3n del l\u00edder del c\u00e1rtel de <em>Los Zetas<\/em>, el presidente estim\u00f3 que \u00abes una muy buena noticia\u00bb pese a que \u00abseg\u00fan algunos expertos (?) cuando un capo cae, se le sustituye inmediatamente por otro, a veces por dos\u00bb.<\/p>\n<p>El mandatario resalt\u00f3 en este sentido que \u00abentre 2006 y 2012 el n\u00famero de c\u00e1rteles se multiplic\u00f3 por dos y hubo que lamentar la p\u00e9rdida de m\u00e1s de setenta mil v\u00edctimas\u00bb en M\u00e9xico.<\/p>\n<p>Seg\u00fan Pe\u00f1a Nieto, el problema que M\u00e9xico vive actualmente es el de \u00abun consumo creciente de droga y de los grupos criminales ultra-sofisticados\u00bb.<\/p>\n<p>\u00abEste es un problema que no exist\u00eda antes, y de ah\u00ed nace la necesidad de modernizar nuestra pol\u00edtica y nuestras t\u00e9cnicas para combatirlo\u00bb, precis\u00f3 el presidente al resaltar que el gobierno desea concentrarse sobre \u00abla prevenci\u00f3n\u00bb del crimen mediante diversos medios.<\/p>\n<p>Entre ellos enumer\u00f3 la mejora de la educaci\u00f3n, la construcci\u00f3n de infraestructuras deportivas, el refuerzo de la comunicaci\u00f3n entre el Estado federal y las entidades, el refuerzo de las instituciones y una reorganizaci\u00f3n de la Polic\u00eda Federal y de la Secretar\u00eda de Gobernaci\u00f3n.<\/p>\n<p><em>Le Figaro<\/em> destac\u00f3 que el presidente mexicano, que recibi\u00f3 el lunes al ministro franc\u00e9s de Asuntos Exteriores, Laurent Fabius, \u00abquiere relanzar las relaciones diplom\u00e1ticas con Francia, luego de a\u00f1os de tensi\u00f3n\u00bb derivados del caso de la condena en M\u00e9xico a la francesa Florence Cassez.<\/p>\n<p>El rotativo titul\u00f3 la entrevista con un comentario de Pe\u00f1a Nieto en el que el presidente afirma que \u00abel caso de Florence Cassez fue una lecci\u00f3n al recordar a M\u00e9xico que cualquier sospechoso tiene derecho a un juicio justo y al respeto de sus derechos fundamentales\u00bb.<\/p>\n<h3 style=\"text-align: center;\">Inaugurar\u00e1 Pe\u00f1a Nieto este s\u00e1bado hospital en Estado de M\u00e9xico<\/h3>\n<p>El presidente Enrique Pe\u00f1a Nieto festejar\u00e1 este s\u00e1bado su cumplea\u00f1os 47 inaugurando un hospital en el municipio Villa de Carb\u00f3n, Estado de M\u00e9xico.<\/p>\n<p>En su tierra natal, el Jefe del Ejecutivo cortar\u00e1 el list\u00f3n inaugural del Hospital Villa del Carb\u00f3n.<\/p>\n<p>De acuerdo a la agenda, el acto se llevar\u00e1 a cabo a las 11:30 horas.<\/p>\n","protected":false},"excerpt":{"rendered":"<p>La violencia descendi\u00f3 \u00abgradualmente\u00bb en M\u00e9xico en los siete primeros meses del gobierno del PRI, destac\u00f3 en una entrevista con el diario franc\u00e9s Le Figaro el presidente de M\u00e9xico, Enrique Pe\u00f1a Nieto.<\/p>\n","protected":false},"author":1,"featured_media":140819,"comment_status":"open","ping_status":"open","sticky":false,"template":"","format":"standard","meta":{"_monsterinsights_skip_tracking":false,"_monsterinsights_sitenote_active":false,"_monsterinsights_sitenote_note":"","_monsterinsights_sitenote_category":0,"footnotes":""},"categories":[17,3],"tags":[18,43673,1264],"class_list":["post-140813","post","type-post","status-publish","format-standard","has-post-thumbnail","hentry","category-especiales","category-nacional","tag-enrique-pena-nieto","tag-nacional","tag-paris"],"_links":{"self":[{"href":"https:\/\/www.diarioimagen.net\/index.php?rest_route=\/wp\/v2\/posts\/140813","targetHints":{"allow":["GET"]}}],"collection":[{"href":"https:\/\/www.diarioimagen.net\/index.php?rest_route=\/wp\/v2\/posts"}],"about":[{"href":"https:\/\/www.diarioimagen.net\/index.php?rest_route=\/wp\/v2\/types\/post"}],"author":[{"embeddable":true,"href":"https:\/\/www.diarioimagen.net\/index.php?rest_route=\/wp\/v2\/users\/1"}],"replies":[{"embeddable":true,"href":"https:\/\/www.diarioimagen.net\/index.php?rest_route=%2Fwp%2Fv2%2Fcomments&post=140813"}],"version-history":[{"count":0,"href":"https:\/\/www.diarioimagen.net\/index.php?rest_route=\/wp\/v2\/posts\/140813\/revisions"}],"wp:featuredmedia":[{"embeddable":true,"href":"https:\/\/www.diarioimagen.net\/index.php?rest_route=\/wp\/v2\/media\/140819"}],"wp:attachment":[{"href":"https:\/\/www.diarioimagen.net\/index.php?rest_route=%2Fwp%2Fv2%2Fmedia&parent=140813"}],"wp:term":[{"taxonomy":"category","embeddable":true,"href":"https:\/\/www.diarioimagen.net\/index.php?rest_route=%2Fwp%2Fv2%2Fcategories&post=140813"},{"taxonomy":"post_tag","embeddable":true,"href":"https:\/\/www.diarioimagen.net\/index.php?rest_route=%2Fwp%2Fv2%2Ftags&post=140813"}],"curies":[{"name":"wp","href":"https:\/\/api.w.org\/{rel}","templated":true}]}}