{"id":140816,"date":"2013-07-20T00:01:38","date_gmt":"2013-07-20T05:01:38","guid":{"rendered":"http:\/\/www.diarioimagen.net\/?p=140816"},"modified":"2013-07-22T03:33:10","modified_gmt":"2013-07-22T08:33:10","slug":"impulsara-elisa-carrillo-cabrera-la-danza-en-mexico-con-fundacion","status":"publish","type":"post","link":"https:\/\/www.diarioimagen.net\/?p=140816","title":{"rendered":"Impulsar\u00e1 Elisa Carrillo Cabrera la danza en M\u00e9xico con fundaci\u00f3n"},"content":{"rendered":"<div id=\"attachment_140817\" style=\"width: 250px\" class=\"wp-caption alignleft\"><a href=\"http:\/\/www.diarioimagen.net\/wp-content\/uploads\/2013\/07\/elisa-carrillo-1.jpg\"><img loading=\"lazy\" decoding=\"async\" aria-describedby=\"caption-attachment-140817\" class=\"size-medium wp-image-140817\" alt=\"La bailarina destac\u00f3 que la creaci\u00f3n de esta instituci\u00f3n empez\u00f3 desde hace un a\u00f1o.\" src=\"http:\/\/www.diarioimagen.net\/wp-content\/uploads\/2013\/07\/elisa-carrillo-1-240x183.jpg\" width=\"240\" height=\"183\" srcset=\"https:\/\/www.diarioimagen.net\/wp-content\/uploads\/2013\/07\/elisa-carrillo-1-240x183.jpg 240w, https:\/\/www.diarioimagen.net\/wp-content\/uploads\/2013\/07\/elisa-carrillo-1-420x320.jpg 420w, https:\/\/www.diarioimagen.net\/wp-content\/uploads\/2013\/07\/elisa-carrillo-1.jpg 700w\" sizes=\"auto, (max-width: 240px) 100vw, 240px\" \/><\/a><p id=\"caption-attachment-140817\" class=\"wp-caption-text\">La bailarina destac\u00f3 que la creaci\u00f3n de esta instituci\u00f3n empez\u00f3 desde hace un a\u00f1o.<\/p><\/div>\n<p>Fomentar el gusto por la danza en M\u00e9xico, detectar talentos y ser coadyuvante de las instituciones para mejorar la educaci\u00f3n y formaci\u00f3n danc\u00edstica, son las tres principales l\u00edneas de acci\u00f3n con las que nace la Fundaci\u00f3n Elisa Carrillo Cabrera.<\/p>\n<p>En conferencia de prensa realizada en el Aula Magna \u00abJos\u00e9 Vasconcelos\u00bb del Centro Nacional de las Artes, Elisa Carrillo, primera bailarina del Ballet de la \u00d3pera de Berl\u00edn, dijo que se trata de una fundaci\u00f3n no lucrativa que tiene como meta fomentar la danza, la cultura y las bellas artes del pa\u00eds.<\/p>\n<p>\u00abDe esta manera lograr que el p\u00fablico se acerque m\u00e1s a lo que son las bellas artes. Tambi\u00e9n una de las misiones que tenemos es poder encontrar y descubrir nuevos talentos y ayudarlos a que puedan volar\u00bb, explic\u00f3 la bailarina.<\/p>\n<p>Otra de las intenciones, abund\u00f3 Carrillo Cabrera, es darle un nombre a M\u00e9xico en el extranjero y fomentar la cultura a nivel mundial, hay muchos planes y sue\u00f1os, y hay mucho quehacer.<\/p>\n<p>\u00abEsta fundaci\u00f3n nace del amor y la pasi\u00f3n por lo que es la danza cl\u00e1sica en las bellas artes, como representante de mi pa\u00eds en el extranjero, como embajadora de la cultura, he conocido a much\u00edsimas personalidades e instituciones en el extranjero que han visto el amor que le tengo a mi pa\u00eds, entonces me vi en la necesidad de crear esta fundaci\u00f3n al lado de mi esposo y mi familia\u00bb, asegur\u00f3.<\/p>\n<p>La bailarina destac\u00f3 que la creaci\u00f3n de esta instituci\u00f3n empez\u00f3 desde hace un a\u00f1o con mucho trabajo y como socios fundadores figuran la propia Carrillo, su esposo Mikhail Kaniskin, su padre Miguel Carrillo y su madre Elisa Cabrera.<\/p>\n<p>En su oportunidad, Miguel Carrillo coment\u00f3 que empezaron a formar la fundaci\u00f3n desde el segundo semestre del a\u00f1o pasado, pues requiri\u00f3 de tiempo para pensarla muy bien, dise\u00f1arla c\u00f3mo va hacer, ver toda la parte notarial hasta dejarla debidamente constituida y luego hacer todos los registros ante la Secretar\u00eda de Hacienda y Cr\u00e9dito P\u00fablico.<\/p>\n<p>\u00abEmpieza en peque\u00f1o porque partimos de cero, en la medida en que vaya creciendo se har\u00e1 un equipo m\u00e1s grande y tambi\u00e9n se tiene previsto aumentar el n\u00famero de socios, incorporar nuevos socios activos y que pueda integrar en su momento socios honorarios\u00bb, detall\u00f3.<\/p>\n<p>Reiter\u00f3 que la Fundaci\u00f3n Elisa Carrillo Cabrera arranca de cero, pues hoy se da a conocer, y a partir de este viernes \u00abtenemos que recaudar fondos y tenemos que empezar toda esa parte de los apoyos\u00bb.<\/p>\n<p>Aclar\u00f3 que est\u00e1 constituida para apoyar en primer t\u00e9rmino la danza, pero est\u00e1 abierta a todas las artes y a toda la cultura en general, tiene un horizonte muy amplio, aunque en este momento empezar\u00e1 con esa disciplina.<\/p>\n<p>Al retomar la palabra, Elisa Carrillo coment\u00f3 que est\u00e1n viendo la manera de tener muchos intercambios como traer maestros core\u00f3grafos.<\/p>\n<p>\u00abHay muchos sue\u00f1os y muchos deseos, tengo la suerte de conocer a mucha gente en el mundo de la danza internacional, y una de las metas es contar con gente del mundo danc\u00edstico que pueda aportar algo a la danza en M\u00e9xico, porque es muy importante a nivel mundial\u00bb, apunt\u00f3.<\/p>\n","protected":false},"excerpt":{"rendered":"<p>Fomentar el gusto por la danza en M\u00e9xico, detectar talentos y ser coadyuvante de las instituciones para mejorar la educaci\u00f3n y formaci\u00f3n danc\u00edstica, son las tres principales l\u00edneas de acci\u00f3n con las que nace la Fundaci\u00f3n Elisa Carrillo Cabrera.<\/p>\n","protected":false},"author":1,"featured_media":140818,"comment_status":"open","ping_status":"open","sticky":false,"template":"","format":"standard","meta":{"_monsterinsights_skip_tracking":false,"_monsterinsights_sitenote_active":false,"_monsterinsights_sitenote_note":"","_monsterinsights_sitenote_category":0,"footnotes":""},"categories":[17,5],"tags":[],"class_list":["post-140816","post","type-post","status-publish","format-standard","has-post-thumbnail","hentry","category-especiales","category-estado-de-mexico"],"_links":{"self":[{"href":"https:\/\/www.diarioimagen.net\/index.php?rest_route=\/wp\/v2\/posts\/140816","targetHints":{"allow":["GET"]}}],"collection":[{"href":"https:\/\/www.diarioimagen.net\/index.php?rest_route=\/wp\/v2\/posts"}],"about":[{"href":"https:\/\/www.diarioimagen.net\/index.php?rest_route=\/wp\/v2\/types\/post"}],"author":[{"embeddable":true,"href":"https:\/\/www.diarioimagen.net\/index.php?rest_route=\/wp\/v2\/users\/1"}],"replies":[{"embeddable":true,"href":"https:\/\/www.diarioimagen.net\/index.php?rest_route=%2Fwp%2Fv2%2Fcomments&post=140816"}],"version-history":[{"count":0,"href":"https:\/\/www.diarioimagen.net\/index.php?rest_route=\/wp\/v2\/posts\/140816\/revisions"}],"wp:featuredmedia":[{"embeddable":true,"href":"https:\/\/www.diarioimagen.net\/index.php?rest_route=\/wp\/v2\/media\/140818"}],"wp:attachment":[{"href":"https:\/\/www.diarioimagen.net\/index.php?rest_route=%2Fwp%2Fv2%2Fmedia&parent=140816"}],"wp:term":[{"taxonomy":"category","embeddable":true,"href":"https:\/\/www.diarioimagen.net\/index.php?rest_route=%2Fwp%2Fv2%2Fcategories&post=140816"},{"taxonomy":"post_tag","embeddable":true,"href":"https:\/\/www.diarioimagen.net\/index.php?rest_route=%2Fwp%2Fv2%2Ftags&post=140816"}],"curies":[{"name":"wp","href":"https:\/\/api.w.org\/{rel}","templated":true}]}}