{"id":140898,"date":"2013-07-22T00:03:01","date_gmt":"2013-07-22T05:03:01","guid":{"rendered":"http:\/\/www.diarioimagen.net\/?p=140898"},"modified":"2013-07-24T02:33:27","modified_gmt":"2013-07-24T07:33:27","slug":"cuanto-por-un-diputado","status":"publish","type":"post","link":"https:\/\/www.diarioimagen.net\/?p=140898","title":{"rendered":"\u00bfCu\u00e1nto por un diputado?"},"content":{"rendered":"<h2>Detr\u00e1s del Poder<\/h2>\n<h5>Jos\u00e9 Antonio L\u00f3pez Sosa<\/h5>\n<p><span><br \/>\nEn la plataforma \u201cFacebook\u201d alguien abri\u00f3 una p\u00e1gina p\u00fablica denominada trueque, en ella las personas publican cosas que ya no usan y piden que alguien proponga dar algo a cambio, como a la vieja usanza.<\/span><\/p>\n<p>Con el \u00e1nimo de sondear un poco a algunos de los 2 mil 387 miembros \u2013la mayor parte de ellos mexicanos\u2014, lanc\u00e9 la siguiente propuesta: cambio a mis diputados local y federal, \u00bfqu\u00e9 me dan a cambio?<\/p>\n<p><b>Estas fueron algunas respuestas:<\/b><\/p>\n<p>Mawqariuz Zunn ZhinNe\u00a0nada&#8230;&#8230;y es un buen cambio&#8230;&#8230;; Antonio Rojas\u00a0ni una corcholata&#8230;; Dulce Caramelito\u00a0lo siento en este grupo no se truequea (sic) con animales; Aly Romanoff\u00a0una popo de perro y me estoy arriesgando; Juliee Julie\u00a0este es un espacio para intercambiar objetos servibles y no esos in\u00fatiles buenos para nada; Naneth Adartse\u00a0mi suegra; Marco Cort\u00e9z\u00a0NI, LAS GRACIAS; Antonio Suarez Gutierrez\u00a0un kilo de PET; Jez Vegana\u00a0mis residuos de cabello y me estoy arriesgando; Mariana P\u00e9rez\u00a0ese trueque no se acepta por corrupci\u00f3n..; Patricia Mendoza\u00a0una madrina para que no andes ofreciendo porquer\u00edas; Hector Gaitan\u00a0nada, y me sales debiendo; Marco Cortez\u00a0te doy!! 5 centavos! me estaria arriesgando, a perderlo todo!! jajajaja;<\/p>\n<p>Sin \u00e1nimo de pretender hacer de una simple publicaci\u00f3n en redes sociales algo m\u00e1s elaborado, es notoria la p\u00e9sima imagen que persiste en nuestro pa\u00eds en torno a los diputados federales y locales.<\/p>\n<p>Se siguen viendo como correas de transmisi\u00f3n de las voluntades cupulares de los partidos pol\u00edticos y no como los representantes populares que constitucionalmente son.<\/p>\n<p>Las curules en los congresos son fuente de nepotismo, pago de favores pol\u00edticos, toma de espacios de poder, lugar para personeros de gente poderosa, en fin, de todo menos una tribuna ciudadana como en esp\u00edritu debiera ser.<\/p>\n<p>El problema es que, con la legislaci\u00f3n actual estamos frente a la indefensi\u00f3n ciudadana, los partidos pol\u00edticos pueden seguir nombrando con el dedo a sus legisladores de mayor\u00eda y plurinominales, estos \u00faltimos que sin importar si alguien los conoce y menos a\u00fan, vot\u00f3 por ellos, quedar\u00e1n ocupando una curul representando a todos, menos a los ciudadanos.<\/p>\n<p><em><a href=\"mailto:lopez.sosa@mexico.com\" target=\"_blank\">lopez.sosa@mexico.com<\/a><\/em><br \/>\n<em><a href=\"http:\/\/twitter.com\/#%21\/joseantonio1977\" target=\"_blank\">@joseantonio1977<br \/>\n<\/a><\/em><em><a href=\"http:\/\/www.formulaconfidencial.com.mx\/\" target=\"_blank\">www.formulaconfidencial.com.mx<\/a><\/em><\/p>\n","protected":false},"excerpt":{"rendered":"<p><span style=\"color: #005497;\"><strong>Jos\u00e9 Antonio L\u00f3pez Sosa<\/strong><\/span><\/p>\n","protected":false},"author":3,"featured_media":0,"comment_status":"open","ping_status":"open","sticky":false,"template":"","format":"standard","meta":{"_monsterinsights_skip_tracking":false,"_monsterinsights_sitenote_active":false,"_monsterinsights_sitenote_note":"","_monsterinsights_sitenote_category":0,"footnotes":""},"categories":[637],"tags":[638,43690,43674],"class_list":["post-140898","post","type-post","status-publish","format-standard","hentry","category-jose-antonio-lopez-sosa","tag-detras-del-poder","tag-jose-antonio-lopez-sosa","tag-opinion"],"_links":{"self":[{"href":"https:\/\/www.diarioimagen.net\/index.php?rest_route=\/wp\/v2\/posts\/140898","targetHints":{"allow":["GET"]}}],"collection":[{"href":"https:\/\/www.diarioimagen.net\/index.php?rest_route=\/wp\/v2\/posts"}],"about":[{"href":"https:\/\/www.diarioimagen.net\/index.php?rest_route=\/wp\/v2\/types\/post"}],"author":[{"embeddable":true,"href":"https:\/\/www.diarioimagen.net\/index.php?rest_route=\/wp\/v2\/users\/3"}],"replies":[{"embeddable":true,"href":"https:\/\/www.diarioimagen.net\/index.php?rest_route=%2Fwp%2Fv2%2Fcomments&post=140898"}],"version-history":[{"count":0,"href":"https:\/\/www.diarioimagen.net\/index.php?rest_route=\/wp\/v2\/posts\/140898\/revisions"}],"wp:attachment":[{"href":"https:\/\/www.diarioimagen.net\/index.php?rest_route=%2Fwp%2Fv2%2Fmedia&parent=140898"}],"wp:term":[{"taxonomy":"category","embeddable":true,"href":"https:\/\/www.diarioimagen.net\/index.php?rest_route=%2Fwp%2Fv2%2Fcategories&post=140898"},{"taxonomy":"post_tag","embeddable":true,"href":"https:\/\/www.diarioimagen.net\/index.php?rest_route=%2Fwp%2Fv2%2Ftags&post=140898"}],"curies":[{"name":"wp","href":"https:\/\/api.w.org\/{rel}","templated":true}]}}