{"id":141158,"date":"2013-07-23T00:08:35","date_gmt":"2013-07-23T05:08:35","guid":{"rendered":"http:\/\/www.diarioimagen.net\/?p=141158"},"modified":"2013-07-23T03:54:33","modified_gmt":"2013-07-23T08:54:33","slug":"entregan-apoyos-a-menores-de-toluca","status":"publish","type":"post","link":"https:\/\/www.diarioimagen.net\/?p=141158","title":{"rendered":"Entregan apoyos a menores de Toluca"},"content":{"rendered":"<ul>\n<li><strong><em>La presidenta municipal distribuy\u00f3 la ayuda del programa \u201cApadrina a un ni\u00f1o ind\u00edgena\u201d en San Crist\u00f3bal Huichochitl\u00e1n<\/em><\/strong><\/li>\n<\/ul>\n<div id=\"attachment_141172\" style=\"width: 250px\" class=\"wp-caption alignleft\"><a href=\"http:\/\/www.diarioimagen.net\/wp-content\/uploads\/2013\/07\/toluca-2147.jpg\"><img loading=\"lazy\" decoding=\"async\" aria-describedby=\"caption-attachment-141172\" class=\"size-medium wp-image-141172\" alt=\"La presidenta municipal de Toluca, Martha Hilda Gonz\u00e1lez Calder\u00f3n, encabez\u00f3 la entrega de apoyos del programa \u201cApadrina a un ni\u00f1o ind\u00edgena\u201d, que se llev\u00f3 a cabo en la plaza delegacional de San Crist\u00f3bal Huichochitl\u00e1n.\" src=\"http:\/\/www.diarioimagen.net\/wp-content\/uploads\/2013\/07\/toluca-2147-240x135.jpg\" width=\"240\" height=\"135\" srcset=\"https:\/\/www.diarioimagen.net\/wp-content\/uploads\/2013\/07\/toluca-2147-240x135.jpg 240w, https:\/\/www.diarioimagen.net\/wp-content\/uploads\/2013\/07\/toluca-2147-420x236.jpg 420w, https:\/\/www.diarioimagen.net\/wp-content\/uploads\/2013\/07\/toluca-2147-235x132.jpg 235w, https:\/\/www.diarioimagen.net\/wp-content\/uploads\/2013\/07\/toluca-2147-202x114.jpg 202w, https:\/\/www.diarioimagen.net\/wp-content\/uploads\/2013\/07\/toluca-2147-350x196.jpg 350w, https:\/\/www.diarioimagen.net\/wp-content\/uploads\/2013\/07\/toluca-2147-220x123.jpg 220w, https:\/\/www.diarioimagen.net\/wp-content\/uploads\/2013\/07\/toluca-2147-237x132.jpg 237w, https:\/\/www.diarioimagen.net\/wp-content\/uploads\/2013\/07\/toluca-2147.jpg 480w\" sizes=\"auto, (max-width: 240px) 100vw, 240px\" \/><\/a><p id=\"caption-attachment-141172\" class=\"wp-caption-text\">La presidenta municipal de Toluca, Martha Hilda Gonz\u00e1lez Calder\u00f3n, encabez\u00f3 la entrega de apoyos del programa \u201cApadrina a un ni\u00f1o ind\u00edgena\u201d, que se llev\u00f3 a cabo en la plaza delegacional de San Crist\u00f3bal Huichochitl\u00e1n.<\/p><\/div>\n<p><strong>Toluca, Estado de M\u00e9xico<\/strong>.- En la plaza delegacional de San Crist\u00f3bal Huichochitl\u00e1n, la presidenta municipal de Toluca, Martha Hilda Gonz\u00e1lez Calder\u00f3n, encabez\u00f3 la entrega de apoyos del programa \u201cApadrina a un ni\u00f1o ind\u00edgena\u201d, a menores de San Pablo Autopan, San Andr\u00e9s Cuexcontitl\u00e1n y el propio San Crist\u00f3bal.<\/p>\n<p>\u201cEste programa, iniciado por actual presidente de la Rep\u00fablica, Enrique Pe\u00f1a Nieto, cuando fue gobernador del Estado de M\u00e9xico, seguramente va a quedar como una tradici\u00f3n de los servidores p\u00fablicos, que as\u00ed tienden la mano a ni\u00f1as y ni\u00f1os de las poblaciones ind\u00edgenas de nuestro municipio y de nuestro estado\u201d.<\/p>\n<p>Asimismo, la alcaldesa reconoci\u00f3 que el papel de un padrino no es solamente brindar apoyo material y econ\u00f3mico a sus ahijados durante los tres a\u00f1os de la administraci\u00f3n, tambi\u00e9n es estar pendientes de su desempe\u00f1o escolar y de su bienestar en general.<\/p>\n<p>En esta entrega, Gonz\u00e1lez Calder\u00f3n estuvo acompa\u00f1ada del vocal ejecutivo del Consejo Estatal para el Desarrollo Integral de los Pueblos Ind\u00edgenas del Estado de M\u00e9xico (CEDIPIEM), Rafael D\u00edaz Berm\u00fadez, integrantes del Cabildo y servidores p\u00fablicos de la actual administraci\u00f3n, quienes tambi\u00e9n apadrinaron a ni\u00f1as y ni\u00f1os del municipio, entre ellos, la primera s\u00edndico, Melisa Estefan\u00eda Vargas Camacho; el segundo s\u00edndico, Reyes Eliud C\u00edntora Ord\u00f3\u00f1ez, as\u00ed como regidores y regidoras, adem\u00e1s de contar con la presencia de la escritora Delfina Careaga, quien dio lectura a un texto de su inspiraci\u00f3n.<\/p>\n","protected":false},"excerpt":{"rendered":"<p>En la plaza delegacional de San Crist\u00f3bal Huichochitl\u00e1n, la presidenta municipal de Toluca, Martha Hilda Gonz\u00e1lez Calder\u00f3n, encabez\u00f3 la entrega de apoyos del programa \u201cApadrina a un ni\u00f1o ind\u00edgena\u201d, a menores de San Pablo Autopan, San Andr\u00e9s Cuexcontitl\u00e1n y el propio San Crist\u00f3bal.<\/p>\n","protected":false},"author":3,"featured_media":141172,"comment_status":"open","ping_status":"open","sticky":false,"template":"","format":"standard","meta":{"_monsterinsights_skip_tracking":false,"_monsterinsights_sitenote_active":false,"_monsterinsights_sitenote_note":"","_monsterinsights_sitenote_category":0,"footnotes":""},"categories":[5],"tags":[534,11114,43675,452],"class_list":["post-141158","post","type-post","status-publish","format-standard","has-post-thumbnail","hentry","category-estado-de-mexico","tag-cedipiem","tag-consejo-estatal-para-el-desarrollo-integral-de-los-pueblos-indigenas-del-estado-de-mexico","tag-estado-de-mexico","tag-toluca"],"_links":{"self":[{"href":"https:\/\/www.diarioimagen.net\/index.php?rest_route=\/wp\/v2\/posts\/141158","targetHints":{"allow":["GET"]}}],"collection":[{"href":"https:\/\/www.diarioimagen.net\/index.php?rest_route=\/wp\/v2\/posts"}],"about":[{"href":"https:\/\/www.diarioimagen.net\/index.php?rest_route=\/wp\/v2\/types\/post"}],"author":[{"embeddable":true,"href":"https:\/\/www.diarioimagen.net\/index.php?rest_route=\/wp\/v2\/users\/3"}],"replies":[{"embeddable":true,"href":"https:\/\/www.diarioimagen.net\/index.php?rest_route=%2Fwp%2Fv2%2Fcomments&post=141158"}],"version-history":[{"count":0,"href":"https:\/\/www.diarioimagen.net\/index.php?rest_route=\/wp\/v2\/posts\/141158\/revisions"}],"wp:featuredmedia":[{"embeddable":true,"href":"https:\/\/www.diarioimagen.net\/index.php?rest_route=\/wp\/v2\/media\/141172"}],"wp:attachment":[{"href":"https:\/\/www.diarioimagen.net\/index.php?rest_route=%2Fwp%2Fv2%2Fmedia&parent=141158"}],"wp:term":[{"taxonomy":"category","embeddable":true,"href":"https:\/\/www.diarioimagen.net\/index.php?rest_route=%2Fwp%2Fv2%2Fcategories&post=141158"},{"taxonomy":"post_tag","embeddable":true,"href":"https:\/\/www.diarioimagen.net\/index.php?rest_route=%2Fwp%2Fv2%2Ftags&post=141158"}],"curies":[{"name":"wp","href":"https:\/\/api.w.org\/{rel}","templated":true}]}}