{"id":141231,"date":"2013-07-23T19:42:23","date_gmt":"2013-07-24T00:42:23","guid":{"rendered":"http:\/\/www.diarioimagen.net\/?p=141231"},"modified":"2013-07-24T03:51:06","modified_gmt":"2013-07-24T08:51:06","slug":"gobierno-no-retrocedera-por-ataques-de-la-delincuencia-advierte-osorio-chong","status":"publish","type":"post","link":"https:\/\/www.diarioimagen.net\/?p=141231","title":{"rendered":"Gobierno no retroceder\u00e1 por ataques de la delincuencia, advierte Osorio Chong"},"content":{"rendered":"<ul>\n<li><strong>Balean por segunda vez a polic\u00edas federales en Michoac\u00e1n<\/strong><\/li>\n<\/ul>\n<div id=\"attachment_141232\" style=\"width: 250px\" class=\"wp-caption alignleft\"><a href=\"http:\/\/www.diarioimagen.net\/wp-content\/uploads\/2013\/07\/miguel-angel-osorio-chong-portal.jpg\"><img loading=\"lazy\" decoding=\"async\" aria-describedby=\"caption-attachment-141232\" class=\"size-medium wp-image-141232\" alt=\"Miguel \u00c1ngel Osorio Chong Secretario de Gobernaci\u00f3n.\" src=\"http:\/\/www.diarioimagen.net\/wp-content\/uploads\/2013\/07\/miguel-angel-osorio-chong-portal-240x135.jpg\" width=\"240\" height=\"135\" srcset=\"https:\/\/www.diarioimagen.net\/wp-content\/uploads\/2013\/07\/miguel-angel-osorio-chong-portal-240x135.jpg 240w, https:\/\/www.diarioimagen.net\/wp-content\/uploads\/2013\/07\/miguel-angel-osorio-chong-portal-420x236.jpg 420w, https:\/\/www.diarioimagen.net\/wp-content\/uploads\/2013\/07\/miguel-angel-osorio-chong-portal-235x132.jpg 235w, https:\/\/www.diarioimagen.net\/wp-content\/uploads\/2013\/07\/miguel-angel-osorio-chong-portal-202x114.jpg 202w, https:\/\/www.diarioimagen.net\/wp-content\/uploads\/2013\/07\/miguel-angel-osorio-chong-portal-350x196.jpg 350w, https:\/\/www.diarioimagen.net\/wp-content\/uploads\/2013\/07\/miguel-angel-osorio-chong-portal-220x123.jpg 220w, https:\/\/www.diarioimagen.net\/wp-content\/uploads\/2013\/07\/miguel-angel-osorio-chong-portal-237x132.jpg 237w, https:\/\/www.diarioimagen.net\/wp-content\/uploads\/2013\/07\/miguel-angel-osorio-chong-portal.jpg 480w\" sizes=\"auto, (max-width: 240px) 100vw, 240px\" \/><\/a><p id=\"caption-attachment-141232\" class=\"wp-caption-text\">Miguel \u00c1ngel Osorio Chong Secretario de Gobernaci\u00f3n.<\/p><\/div>\n<p>El secretario de Gobernaci\u00f3n , Miguel \u00c1ngel Osorio Chong, dijo que el ataque de anteayer de un grupo armado a la comunidad Los Reyes, Michoac\u00e1n, que dej\u00f3 cinco muertos y varios heridos \u00abes un evento que rechazamos, que repudiamos y que, por supuesto, no nos va a hacer retroceder\u201d.<\/p>\n<p>Todo lo contrario, agreg\u00f3, se dar\u00e1 con quienes han realizado \u201cese evento cobarde a un grupo de ciudadanos reunidos en esa comunidad.<\/p>\n<p>El funcionario habl\u00f3 en conferencia de prensa conjunta con la secretaria de Seguridad Interna de Estados Unidos, Janet Napolitano, tras la firma de un convenio en el puente internacional Zaragoza en Matamoros, Tamaulipas. Sostuvo que dicho ataque es una reacci\u00f3n a los operativos de las fuerzas federales y estatales en contra del crimen.<\/p>\n<p>\u00abPor supuesto -indic\u00f3- es en respuesta a lo que ha venido avanzando el gobierno de la Rep\u00fablica y por supuesto el estado de Michoac\u00e1n a favor de los ciudadanos, restablecer el orden, la paz y la seguridad\u00bb.<\/p>\n<p>Independientemente de que consider\u00f3 que el trabajo de recuperaci\u00f3n de territorio ha sido muy efectivo y para el restablecimiento del comercio en Michoac\u00e1n, Osorio inform\u00f3 que a partir de los \u00faltimos acontecimientos se reforzar\u00e1n las acciones en aquella zona.<\/p>\n<p>Advirti\u00f3: \u00abque se sepa de una vez y por todas que no habr\u00e1 retroceso, no habr\u00e1 marcha atr\u00e1s y, por supuesto, no vamos a permitir que ellos vulneren la seguridad y la vida de los ciudadanos\u00bb, dijo.<\/p>\n<p><strong>Nuevo ataque<\/strong><\/p>\n<p>Durante el d\u00eda de ayer, en Michoac\u00e1n se registraron m\u00e1s incidentes de violencia. Por la tarde un segundo ataque de hombres armados a polic\u00edas federales se report\u00f3 a la altura de el kil\u00f3metro 203 de la autopista Siglo XXI en la caseta Las Ca\u00f1as, lo cual dej\u00f3 un saldo de seis oficiales heridos.<\/p>\n<p>Igualmente, la Procuradur\u00eda de Justicia del estado inform\u00f3 que sobre el tramo carretero<\/p>\n<p>Cuatro Caminos-Apatzing\u00e1n, cerca de la comunidad de Nuevo Cor\u00f3ndido, desde las 10 de la ma\u00f1ana fue atravesado un tr\u00e1iler con el fin de impedir la circulaci\u00f3n. Lo mismo ocurri\u00f3 en la carretera Acapilca-Caleta, con un veh\u00edculo de carga pesada que fue atravesado e incendiado.<\/p>\n<p>Luego de estos hechos, el presidente de la C\u00e1mara Nacional del Autotransporte de Pasaje y Turismo (Canapat), Arcadio M\u00e9ndez Hurtado, anunci\u00f3 que hab\u00edan sido canceladas todas las corridas de autobuses de la regi\u00f3n de Tierra Caliente, en la zona costera del estado, y dijo que los servicios de transporte no ser\u00edan reanudados \u00abhasta que las autoridades pongan orden\u00bb.<\/p>\n<p>Los federales fueron atacados cuando circulaban en convoy sobre la carretera Carapan-Playa Azul, en la zona costera del estado. Tras el ataque se despleg\u00f3 un fuerte dispositivo de seguridad del Ej\u00e9rcito Mexicano, quien recorre la zona en busca de los agresores.<\/p>\n<p>El d\u00eda anterior, en este mismo municipio, pero en las poblaciones de Guacamayas y Caleta de Campos fueron atacados polic\u00edas federales con un saldo de siete heridos, tres de ellos elementos de seguridad de la corporaci\u00f3n federal.<\/p>\n<p>&nbsp;<\/p>\n","protected":false},"excerpt":{"rendered":"<p>El secretario de Gobernaci\u00f3n , Miguel \u00c1ngel Osorio Chong, dijo que el ataque de anteayer de un grupo armado a la comunidad Los Reyes, Michoac\u00e1n, que dej\u00f3 cinco muertos y varios heridos \u00abes un evento que rechazamos, que repudiamos y que, por supuesto, no nos va a hacer retroceder\u201d.<\/p>\n","protected":false},"author":5,"featured_media":141232,"comment_status":"open","ping_status":"open","sticky":false,"template":"","format":"standard","meta":{"_monsterinsights_skip_tracking":false,"_monsterinsights_sitenote_active":false,"_monsterinsights_sitenote_note":"","_monsterinsights_sitenote_category":0,"footnotes":""},"categories":[3],"tags":[803,3676],"class_list":["post-141231","post","type-post","status-publish","format-standard","has-post-thumbnail","hentry","category-nacional","tag-michoacan","tag-miguel-angel-osorio-chong"],"_links":{"self":[{"href":"https:\/\/www.diarioimagen.net\/index.php?rest_route=\/wp\/v2\/posts\/141231","targetHints":{"allow":["GET"]}}],"collection":[{"href":"https:\/\/www.diarioimagen.net\/index.php?rest_route=\/wp\/v2\/posts"}],"about":[{"href":"https:\/\/www.diarioimagen.net\/index.php?rest_route=\/wp\/v2\/types\/post"}],"author":[{"embeddable":true,"href":"https:\/\/www.diarioimagen.net\/index.php?rest_route=\/wp\/v2\/users\/5"}],"replies":[{"embeddable":true,"href":"https:\/\/www.diarioimagen.net\/index.php?rest_route=%2Fwp%2Fv2%2Fcomments&post=141231"}],"version-history":[{"count":0,"href":"https:\/\/www.diarioimagen.net\/index.php?rest_route=\/wp\/v2\/posts\/141231\/revisions"}],"wp:featuredmedia":[{"embeddable":true,"href":"https:\/\/www.diarioimagen.net\/index.php?rest_route=\/wp\/v2\/media\/141232"}],"wp:attachment":[{"href":"https:\/\/www.diarioimagen.net\/index.php?rest_route=%2Fwp%2Fv2%2Fmedia&parent=141231"}],"wp:term":[{"taxonomy":"category","embeddable":true,"href":"https:\/\/www.diarioimagen.net\/index.php?rest_route=%2Fwp%2Fv2%2Fcategories&post=141231"},{"taxonomy":"post_tag","embeddable":true,"href":"https:\/\/www.diarioimagen.net\/index.php?rest_route=%2Fwp%2Fv2%2Ftags&post=141231"}],"curies":[{"name":"wp","href":"https:\/\/api.w.org\/{rel}","templated":true}]}}