{"id":141240,"date":"2013-07-24T00:09:30","date_gmt":"2013-07-24T05:09:30","guid":{"rendered":"http:\/\/www.diarioimagen.net\/?p=141240"},"modified":"2013-07-24T03:44:16","modified_gmt":"2013-07-24T08:44:16","slug":"eruviel-destaca-acciones-para-evitar-inundaciones-en-edomex","status":"publish","type":"post","link":"https:\/\/www.diarioimagen.net\/?p=141240","title":{"rendered":"Eruviel destaca acciones para evitar inundaciones en Edomex"},"content":{"rendered":"<ul>\n<li><strong><em>El gobernador entreg\u00f3 en Sultepec la rehabilitaci\u00f3n de la carretera que va a San Miguel Totolmaloya, afectada por las lluvias del a\u00f1o pasado<\/em><\/strong><\/li>\n<\/ul>\n<div id=\"attachment_141352\" style=\"width: 250px\" class=\"wp-caption alignleft\"><a href=\"http:\/\/www.diarioimagen.net\/wp-content\/uploads\/2013\/07\/eruviel-2148.jpg\"><img loading=\"lazy\" decoding=\"async\" aria-describedby=\"caption-attachment-141352\" class=\"size-medium wp-image-141352\" alt=\"El gobernador Eruviel \u00c1vila Villegas inform\u00f3 que el gobierno del Estado de M\u00e9xico, en coordinaci\u00f3n con autoridades locales y federales, trabaja en acciones preventivas durante esta temporada de lluvias, como el mantenimiento y reequipamiento de 24 plantas de bombeo.\" src=\"http:\/\/www.diarioimagen.net\/wp-content\/uploads\/2013\/07\/eruviel-2148-240x135.jpg\" width=\"240\" height=\"135\" srcset=\"https:\/\/www.diarioimagen.net\/wp-content\/uploads\/2013\/07\/eruviel-2148-240x135.jpg 240w, https:\/\/www.diarioimagen.net\/wp-content\/uploads\/2013\/07\/eruviel-2148-420x236.jpg 420w, https:\/\/www.diarioimagen.net\/wp-content\/uploads\/2013\/07\/eruviel-2148-235x132.jpg 235w, https:\/\/www.diarioimagen.net\/wp-content\/uploads\/2013\/07\/eruviel-2148-202x114.jpg 202w, https:\/\/www.diarioimagen.net\/wp-content\/uploads\/2013\/07\/eruviel-2148-350x196.jpg 350w, https:\/\/www.diarioimagen.net\/wp-content\/uploads\/2013\/07\/eruviel-2148-220x123.jpg 220w, https:\/\/www.diarioimagen.net\/wp-content\/uploads\/2013\/07\/eruviel-2148-237x132.jpg 237w, https:\/\/www.diarioimagen.net\/wp-content\/uploads\/2013\/07\/eruviel-2148.jpg 480w\" sizes=\"auto, (max-width: 240px) 100vw, 240px\" \/><\/a><p id=\"caption-attachment-141352\" class=\"wp-caption-text\">El gobernador Eruviel \u00c1vila Villegas inform\u00f3 que el gobierno del Estado de M\u00e9xico, en coordinaci\u00f3n con autoridades locales y federales, trabaja en acciones preventivas durante esta temporada de lluvias, como el mantenimiento y reequipamiento de 24 plantas de bombeo.<\/p><\/div>\n<p><strong>Sultepec, Estado de M\u00e9xico<\/strong>.- Con la finalidad de contar con mexiquenses mejor protegidos y m\u00e1s seguros, el gobernador Eruviel \u00c1vila Villegas inform\u00f3 que el gobierno del Estado de M\u00e9xico, en coordinaci\u00f3n con autoridades locales y federales, trabaja en acciones preventivas durante esta temporada de lluvias, como el mantenimiento y reequipamiento de 24 plantas de bombeo, y destac\u00f3 la participaci\u00f3n del Grupo Tl\u00e1loc en diez emergencias derivadas de precipitaciones en diferentes municipios de la entidad.<\/p>\n<p>\u201cQue sepan amigas, amigos, que su servidor siempre seguir\u00e1 trabajando permanentemente para que los mexiquenses est\u00e9n debidamente protegidos, debidamente atendidos en caso de eventualidades y si hay que hacer alguna obra espec\u00edfica para restablecer la tranquilidad, ah\u00ed habremos de estar con much\u00edsimo gusto\u201d, afirm\u00f3.<\/p>\n<p>Esto al entregar la rehabilitaci\u00f3n de la carretera La Puerta\u2013Sultepec\u2013San Miguel Totolmaloya, que tuvo una inversi\u00f3n de 31.2 millones de pesos, y consisti\u00f3 en la reconstrucci\u00f3n de una b\u00f3veda, restituci\u00f3n del terrapl\u00e9n y obras hidr\u00e1ulicas complementarias en un tramo afectado por un deslave ocurrido el 26 de agosto de 2012, con lo cual se benefician 10 mil habitantes del sur de la entidad<\/p>\n<p>Luego de agradecer el apoyo brindado por los gobiernos municipales y el Ej\u00e9rcito mexicano en situaciones de desastre y emergencia, el gobernador mexiquense destac\u00f3 que la entidad cuenta con un\u00a0 sistema de protecci\u00f3n civil profesional y completo.<\/p>\n<p>En este sentido, inform\u00f3 que el Grupo Tl\u00e1loc, desde el 15 de mayo del presente a\u00f1o, cuando inicio la temporada de lluvias, a la fecha, ha atendido 10 casos de emergencia entre ellos en los municipios de Nezahualc\u00f3yotl, La Paz, Ecatepec, Atizap\u00e1n de Zaragoza, Chicoloapan, Tultil\u00e1n, Cuautitl\u00e1n Izcalli y Zinacantepec, los cuales han padecido inundaciones.<\/p>\n<p>Aunado a ello, en coordinaci\u00f3n con las autoridades locales,\u00a0 se han realizado trabajos de supervisi\u00f3n, mantenimiento y\u00a0 reequipamiento de\u00a0 24 plantas de bombeo de la entidad, las cuales se ubican en Nezahualc\u00f3yotl, Chimalhuac\u00e1n, Valle de Chalco, Toluca, San Mateo Atenco, Ecatepec, con una inversi\u00f3n de m\u00e1s de 120 millones de pesos, acci\u00f3n que permitir\u00e1 reducir los riesgos de inundaciones.<\/p>\n<p>Destac\u00f3 que Protecci\u00f3n Civil estatal ha identificado puntos de riesgo donde existen viviendas que corren peligro por deslizamientos de tierra en Tejupilco, en la comunidad de La Fundadora; en la cabecera municipal de Amatepec y en los l\u00edmites entre Huehuetoca y Coyotepec, donde ha tomado cartas en el asunto para evitar cualquier eventualidad.<\/p>\n<p>Eruviel \u00c1vila indic\u00f3 que la entidad cuenta con diversos agrupamientos que ayudan a proteger a los mexiquenses en situaciones de emergencia, como el Grupo de Rescate A\u00e9reo Rel\u00e1mpagos, integrado por helic\u00f3pteros y un equipo humano que se capacita constantemente, el cual en los \u00faltimos diez meses ha participado en m\u00e1s de mil 200 servicios, en acciones como el\u00a0 combate de incendios, servicios de ambulancia en caso de accidentes o cuando alg\u00fan reci\u00e9n nacido requiera atenci\u00f3n m\u00e9dica urgente, traslado de \u00f3rganos, entre otros.<b><\/b><\/p>\n<p>&nbsp;<\/p>\n","protected":false},"excerpt":{"rendered":"<p>Con la finalidad de contar con mexiquenses mejor protegidos y m\u00e1s seguros, el gobernador Eruviel \u00c1vila Villegas inform\u00f3 que el gobierno del Estado de M\u00e9xico, en coordinaci\u00f3n con autoridades locales y federales, trabaja en acciones preventivas durante esta temporada de lluvias, como el mantenimiento y reequipamiento de 24 plantas de bombeo, y destac\u00f3 la participaci\u00f3n del Grupo Tl\u00e1loc en diez emergencias derivadas de precipitaciones en diferentes municipios de la entidad.<\/p>\n","protected":false},"author":3,"featured_media":141352,"comment_status":"open","ping_status":"open","sticky":false,"template":"","format":"standard","meta":{"_monsterinsights_skip_tracking":false,"_monsterinsights_sitenote_active":false,"_monsterinsights_sitenote_note":"","_monsterinsights_sitenote_category":0,"footnotes":""},"categories":[5],"tags":[5828,43675,1985,4170],"class_list":["post-141240","post","type-post","status-publish","format-standard","has-post-thumbnail","hentry","category-estado-de-mexico","tag-eruviel-avila-villegas","tag-estado-de-mexico","tag-inundaciones","tag-sultepec"],"_links":{"self":[{"href":"https:\/\/www.diarioimagen.net\/index.php?rest_route=\/wp\/v2\/posts\/141240","targetHints":{"allow":["GET"]}}],"collection":[{"href":"https:\/\/www.diarioimagen.net\/index.php?rest_route=\/wp\/v2\/posts"}],"about":[{"href":"https:\/\/www.diarioimagen.net\/index.php?rest_route=\/wp\/v2\/types\/post"}],"author":[{"embeddable":true,"href":"https:\/\/www.diarioimagen.net\/index.php?rest_route=\/wp\/v2\/users\/3"}],"replies":[{"embeddable":true,"href":"https:\/\/www.diarioimagen.net\/index.php?rest_route=%2Fwp%2Fv2%2Fcomments&post=141240"}],"version-history":[{"count":0,"href":"https:\/\/www.diarioimagen.net\/index.php?rest_route=\/wp\/v2\/posts\/141240\/revisions"}],"wp:featuredmedia":[{"embeddable":true,"href":"https:\/\/www.diarioimagen.net\/index.php?rest_route=\/wp\/v2\/media\/141352"}],"wp:attachment":[{"href":"https:\/\/www.diarioimagen.net\/index.php?rest_route=%2Fwp%2Fv2%2Fmedia&parent=141240"}],"wp:term":[{"taxonomy":"category","embeddable":true,"href":"https:\/\/www.diarioimagen.net\/index.php?rest_route=%2Fwp%2Fv2%2Fcategories&post=141240"},{"taxonomy":"post_tag","embeddable":true,"href":"https:\/\/www.diarioimagen.net\/index.php?rest_route=%2Fwp%2Fv2%2Ftags&post=141240"}],"curies":[{"name":"wp","href":"https:\/\/api.w.org\/{rel}","templated":true}]}}