{"id":141247,"date":"2013-07-24T00:07:31","date_gmt":"2013-07-24T05:07:31","guid":{"rendered":"http:\/\/www.diarioimagen.net\/?p=141247"},"modified":"2013-07-25T02:02:39","modified_gmt":"2013-07-25T07:02:39","slug":"acciones-conjuntas-de-seguridad-nuevo-acuerdo-mexico-eu","status":"publish","type":"post","link":"https:\/\/www.diarioimagen.net\/?p=141247","title":{"rendered":"Acciones conjuntas de seguridad, nuevo acuerdo M\u00e9xico-EU"},"content":{"rendered":"<h2>Tras la puerta del poder<\/h2>\n<h5>Roberto Vizca\u00edno<\/h5>\n<p>&nbsp;<\/p>\n<ul>\n<li><strong><i>El encuentro Osorio-Napolitano en Matamoros deja un pacto de fondo que deber\u00e1 ser analizado<\/i><\/strong><\/li>\n<li><strong><i>Los patrullajes conjuntos, \u00bfQui\u00e9nes los van a realizar\u2026 militares o polic\u00edas y s\u00f3lo en M\u00e9xico?<\/i><\/strong><\/li>\n<li><strong><i>El reconocimiento de que existe la corresponsabilidad es un paso enorme en la relaci\u00f3n bilateral\u00a0<\/i><\/strong><\/li>\n<\/ul>\n<div id=\"attachment_141342\" style=\"width: 250px\" class=\"wp-caption alignleft\"><a href=\"http:\/\/www.diarioimagen.net\/wp-content\/uploads\/2013\/07\/jornada-de-trabajo-trizas-2148.jpg\"><img loading=\"lazy\" decoding=\"async\" aria-describedby=\"caption-attachment-141342\" class=\"size-medium wp-image-141342\" alt=\"Jornada de trabajo... | Trizas\" src=\"http:\/\/www.diarioimagen.net\/wp-content\/uploads\/2013\/07\/jornada-de-trabajo-trizas-2148-240x184.jpg\" width=\"240\" height=\"184\" srcset=\"https:\/\/www.diarioimagen.net\/wp-content\/uploads\/2013\/07\/jornada-de-trabajo-trizas-2148-240x184.jpg 240w, https:\/\/www.diarioimagen.net\/wp-content\/uploads\/2013\/07\/jornada-de-trabajo-trizas-2148-420x322.jpg 420w, https:\/\/www.diarioimagen.net\/wp-content\/uploads\/2013\/07\/jornada-de-trabajo-trizas-2148.jpg 700w\" sizes=\"auto, (max-width: 240px) 100vw, 240px\" \/><\/a><p id=\"caption-attachment-141342\" class=\"wp-caption-text\">Jornada de trabajo&#8230; | Trizas<\/p><\/div>\n<p>En Matamoros, considerada como una de las ciudades mexicanas bajo el control del crimen organizado, el secretario de Gobernaci\u00f3n, Miguel \u00c1ngel Osorio Chong y la secretaria del Interior de los Estados Unidos, Janet Napolitano, suscribieron ayer un nuevo acuerdo que modifica sustancialmente la visi\u00f3n de la relaci\u00f3n bilateral y establece que existe una corresponsabilidad en lo que ocurre en la frontera com\u00fan y que como tal se deben compartir las acciones para remediar los problemas que afectan a esta regi\u00f3n.<\/p>\n<p>En una explicaci\u00f3n de los alcances del encuentro y sus resultados, el secretario Osorio Chong se\u00f1al\u00f3 que tanto el gobierno del presidente Barak Obama como el del presidente Enrique Pe\u00f1a Nieto consideran que la estrategia de seguridad fronteriza parte del reconocimiento de dos factores claves:<\/p>\n<p>De aceptar que existe una <b>responsabilidad compartida<\/b> y de que debe actuarse con base en la <b>confianza mutua.<\/b><\/p>\n<p>\u201cPues en el marco del <b>respeto a la soberan\u00eda de cada pa\u00eds <\/b>enfrentamos <b>problemas comunes<\/b> que ameritan soluciones conjuntas\u201d, indic\u00f3..<\/p>\n<p>De ah\u00ed que \u201chemos desarrollado una <b>estrategia <\/b>basada en los siguientes ejes, que se derivan de la <b>pol\u00edtica integral de seguridad <\/b>de este gobierno:<\/p>\n<p>Primero. Planeaci\u00f3n. Entender y atender la situaci\u00f3n en cada una de las regiones fronterizas, alineando metas y objetivos.<\/p>\n<p>Segundo. Coordinaci\u00f3n. Trabajo conjunto y ordenado entre las distintas autoridades de M\u00e9xico y Estados Unidos, cada una en el estricto \u00e1mbito de sus responsabilidades.<\/p>\n<p>Tercero. Prevenci\u00f3n. Una estrategia centrada en inhibir incidentes fronterizos y posibles actos de violencia, generando las capacidades institucionales y condiciones de seguridad para atender el problema desde sus causas y no s\u00f3lo desde sus manifestaciones.<\/p>\n<p>Cuarto. Evaluaci\u00f3n. Proceso constante de revisi\u00f3n basado en indicadores y metas claras, para una mejora continua. Para ello realizamos conjuntamente <b>cinco evaluaciones de riesgos<\/b> en la frontera. Es decir, una estrategia y el an\u00e1lisis en <b>cuatro corredores fronterizos.<\/b><\/p>\n<p>Cinco. <b>La Frontera del siglo XXI.<\/b> Compartimos la visi\u00f3n de que es <b>necesario construir una frontera segura, una Frontera del Siglo XXI <\/b>que permita garantizar la convivencia y fortalecer nuestros lazos comerciales, culturales y educativos. Una frontera m\u00e1s segura beneficia, sin duda, a ambas naciones.<\/p>\n<p>\u201cPara lograrlo estamos implementando una pol\u00edtica de prevenci\u00f3n de la violencia fronteriza, de <b><span style=\"text-decoration: underline;\">patrullajes coordinados<\/span><\/b> bajo la premisa de que esta es una materia de responsabilidad compartida.<\/p>\n<p>\u201cNuestro prop\u00f3sito es <b><span style=\"text-decoration: underline;\">inhibir y reducir la violencia en la frontera<\/span><\/b>, y para ello trabajamos sin descanso, con responsabilidades compartidas, <b><span style=\"text-decoration: underline;\">coordinaci\u00f3n, inteligencia y comunicaci\u00f3n.<\/span><\/b><\/p>\n<p>\u201cEl anuncio de los <b>patrullajes conjuntos y la firma del Acuerdo en Comunicaciones, son una muestra de un proyecto de largo alcance, sustentado en la cooperaci\u00f3n y el respeto entre naciones amigas.<\/b><\/p>\n<p>\u201cLo estamos haciendo <b><span style=\"text-decoration: underline;\">articulando protocolos de acci\u00f3n<\/span><\/b> y evaluaci\u00f3n de riesgos\u201d, subray\u00f3 Osorio. (negritas y subrayados de este columnista)<\/p>\n<p>Este trabajo conjunto y su coordinaci\u00f3n buscar\u00e1, agreg\u00f3, que los ciudadanos mexicanos y quienes nos visitan encuentren las condiciones de seguridad adecuadas y que las salidas y entradas a nuestro pa\u00eds se hagan con seguridad y respetando, en todo momento, los derechos consagrados en nuestras leyes.<\/p>\n<p>\u201cHay que garantizar la seguridad desde un enfoque ciudadano que promueva el intercambio comercial, que propicie los cruces seguros y que aliente pol\u00edticas migratorias apegadas a los derechos humanos\u201d, se\u00f1al\u00f3.<\/p>\n<p>En el fondo este nuevo acuerdo que plantea acciones conjuntas que seguramente van a ser muy cuestionadas y criticadas por quienes ven sospechas y amenazas en cualquier involucramiento de esta naturaleza, tambi\u00e9n est\u00e1 el reconocimiento de la importancia de la relaci\u00f3n econ\u00f3mica, la vinculaci\u00f3n social y cultural y la trascendencia demogr\u00e1fica de los flujos de personas desde el exterior y hacia M\u00e9xico.<\/p>\n<p>\u201cHoy buscamos atender el fen\u00f3meno migratorio desde sus m\u00faltiples dimensiones con una pol\u00edtica p\u00fablica integral en la materia.<\/p>\n<p>\u201cM\u00e9xico y Estados Unidos gozan de una relaci\u00f3n fuerte, vigorosa y con profundas ra\u00edces hist\u00f3ricas.<\/p>\n<p>\u201cPor nuestra frontera cruzan m\u00e1s de un mill\u00f3n de personas y m\u00e1s de 350 mil veh\u00edculos d\u00eda con d\u00eda, a trav\u00e9s de sus 56 puertos de entrada y salida, convirti\u00e9ndola en la m\u00e1s transitada del mundo.<\/p>\n<p>\u201cDe la misma forma, el dinamismo y la estrecha vinculaci\u00f3n de nuestras econom\u00edas se ven reflejados en un intercambio comercial que alcanza los 500 mil millones de d\u00f3lares anuales, lo que representa mil 300 millones de d\u00f3lares por d\u00eda, un mill\u00f3n de d\u00f3lares por minuto.<\/p>\n<p>\u201cJuntos los 10 estados fronterizos, cuatro en Estados Unidos y seis en M\u00e9xico, sumamos 13 millones de habitantes, que constituir\u00e1n la cuarta econom\u00eda mundial tan s\u00f3lo esta regi\u00f3n.<\/p>\n<p>\u201cQuiero reconocer el trabajo de la secretaria Janet Napolitano, el trabajo que ha venido desarrollando al frente del Departamento de Seguridad Interna de los Estados Unidos.<\/p>\n<p>\u201cEn especial el inter\u00e9s y la disposici\u00f3n que ha puesto en el fortalecimiento de la relaci\u00f3n con M\u00e9xico, lo que se ve reflejado en la generaci\u00f3n de acuerdos y acciones concretas, como la del d\u00eda de hoy.<\/p>\n<p>\u201cGracias, secretaria Napolitano.<\/p>\n<p>Conociendo su reciente decisi\u00f3n le deseo, a nombre del gobierno de la Rep\u00fablica, el mejor de los \u00e9xitos en los proyectos que habr\u00e1 de desempe\u00f1ar pr\u00f3ximamente.<\/p>\n<p>\u201cCon responsabilidad y avanzando en seguridad, M\u00e9xico se proyecta al mundo como un pa\u00eds que tiene numerosas fortalezas y capacidades; que est\u00e1 aprovechado la oportunidad hist\u00f3rica como una de las naciones emergentes que est\u00e1 promoviendo cambios y reformas estructurales.<\/p>\n<p>\u201cEs un pa\u00eds que alienta el crecimiento econ\u00f3mico y la democratizaci\u00f3n de la producci\u00f3n en un entorno internacional cada vez m\u00e1s exigente.<\/p>\n<p>Se\u00f1oras y se\u00f1ores de los medios de comunicaci\u00f3n:<\/p>\n<p>Hoy, sin duda, es un hecho hist\u00f3rico, un evento hist\u00f3rico que trascender\u00e1 a partir de los resultados, a partir de una Frontera del Siglo XXI m\u00e1s segura para los que all\u00ed habitan, para los que est\u00e1n del lado de Estados Unidos y para los que est\u00e1n en nuestro pa\u00eds\u201d, subray\u00f3.<\/p>\n<p>El paso est\u00e1 dado. Lo explic\u00f3 con toda claridad Osorio. No se trata de actuar bajo las indicaciones de Estados Unidos, sino al lado de, como socios y vecinos.<\/p>\n<p>Falta explicar sin embargo si los patrullajes conjuntos s\u00f3lo se van a realizar en la franja y las poblaciones mexicanas o si van a incluir las del \u201cotro lado\u201d.<\/p>\n<p>Y qui\u00e9nes \u00a0los van a hacer, polic\u00edas o militares.<\/p>\n<p>El asunto es importante y hay que estar atentos a su explicaci\u00f3n m\u00e1s amplia y detallada.<\/p>\n<p><em><a href=\"mailto:rvizcaino@gmail.com\" target=\"_blank\">rvizcaino@gmail.com<\/a><\/em><\/p>\n","protected":false},"excerpt":{"rendered":"<p><span style=\"color: #005497;\"><strong>Roberto Vizca\u00edno<\/strong><\/span><\/p>\n","protected":false},"author":3,"featured_media":141342,"comment_status":"open","ping_status":"open","sticky":false,"template":"","format":"standard","meta":{"_monsterinsights_skip_tracking":false,"_monsterinsights_sitenote_active":false,"_monsterinsights_sitenote_note":"","_monsterinsights_sitenote_category":0,"footnotes":""},"categories":[136],"tags":[177,43674,93,94],"class_list":["post-141247","post","type-post","status-publish","format-standard","has-post-thumbnail","hentry","category-roberto-vizcaino-opinion","tag-estados-unidos","tag-opinion","tag-roberto-vizcaino","tag-tras-la-puerta-del-poder"],"_links":{"self":[{"href":"https:\/\/www.diarioimagen.net\/index.php?rest_route=\/wp\/v2\/posts\/141247","targetHints":{"allow":["GET"]}}],"collection":[{"href":"https:\/\/www.diarioimagen.net\/index.php?rest_route=\/wp\/v2\/posts"}],"about":[{"href":"https:\/\/www.diarioimagen.net\/index.php?rest_route=\/wp\/v2\/types\/post"}],"author":[{"embeddable":true,"href":"https:\/\/www.diarioimagen.net\/index.php?rest_route=\/wp\/v2\/users\/3"}],"replies":[{"embeddable":true,"href":"https:\/\/www.diarioimagen.net\/index.php?rest_route=%2Fwp%2Fv2%2Fcomments&post=141247"}],"version-history":[{"count":0,"href":"https:\/\/www.diarioimagen.net\/index.php?rest_route=\/wp\/v2\/posts\/141247\/revisions"}],"wp:featuredmedia":[{"embeddable":true,"href":"https:\/\/www.diarioimagen.net\/index.php?rest_route=\/wp\/v2\/media\/141342"}],"wp:attachment":[{"href":"https:\/\/www.diarioimagen.net\/index.php?rest_route=%2Fwp%2Fv2%2Fmedia&parent=141247"}],"wp:term":[{"taxonomy":"category","embeddable":true,"href":"https:\/\/www.diarioimagen.net\/index.php?rest_route=%2Fwp%2Fv2%2Fcategories&post=141247"},{"taxonomy":"post_tag","embeddable":true,"href":"https:\/\/www.diarioimagen.net\/index.php?rest_route=%2Fwp%2Fv2%2Ftags&post=141247"}],"curies":[{"name":"wp","href":"https:\/\/api.w.org\/{rel}","templated":true}]}}