{"id":141442,"date":"2013-07-24T19:39:16","date_gmt":"2013-07-25T00:39:16","guid":{"rendered":"http:\/\/www.diarioimagen.net\/?p=141442"},"modified":"2013-07-26T04:39:52","modified_gmt":"2013-07-26T09:39:52","slug":"pena-nieto-sera-operado-el-31-de-julio","status":"publish","type":"post","link":"https:\/\/www.diarioimagen.net\/?p=141442","title":{"rendered":"Pe\u00f1a Nieto ser\u00e1 operado el 31 de julio"},"content":{"rendered":"<div id=\"attachment_141443\" style=\"width: 250px\" class=\"wp-caption alignleft\"><a href=\"http:\/\/www.diarioimagen.net\/wp-content\/uploads\/2013\/07\/pe\u00f1aaaaa-portal.jpg\"><img loading=\"lazy\" decoding=\"async\" aria-describedby=\"caption-attachment-141443\" class=\"size-medium wp-image-141443\" alt=\"Enrique Pe\u00f1a Nieto Presidencia de la Rep\u00fablica.\" src=\"http:\/\/www.diarioimagen.net\/wp-content\/uploads\/2013\/07\/pe\u00f1aaaaa-portal-240x135.jpg\" width=\"240\" height=\"135\" srcset=\"https:\/\/www.diarioimagen.net\/wp-content\/uploads\/2013\/07\/pe\u00f1aaaaa-portal-240x135.jpg 240w, https:\/\/www.diarioimagen.net\/wp-content\/uploads\/2013\/07\/pe\u00f1aaaaa-portal-420x236.jpg 420w, https:\/\/www.diarioimagen.net\/wp-content\/uploads\/2013\/07\/pe\u00f1aaaaa-portal-235x132.jpg 235w, https:\/\/www.diarioimagen.net\/wp-content\/uploads\/2013\/07\/pe\u00f1aaaaa-portal-202x114.jpg 202w, https:\/\/www.diarioimagen.net\/wp-content\/uploads\/2013\/07\/pe\u00f1aaaaa-portal-350x196.jpg 350w, https:\/\/www.diarioimagen.net\/wp-content\/uploads\/2013\/07\/pe\u00f1aaaaa-portal-220x123.jpg 220w, https:\/\/www.diarioimagen.net\/wp-content\/uploads\/2013\/07\/pe\u00f1aaaaa-portal-237x132.jpg 237w, https:\/\/www.diarioimagen.net\/wp-content\/uploads\/2013\/07\/pe\u00f1aaaaa-portal.jpg 480w\" sizes=\"auto, (max-width: 240px) 100vw, 240px\" \/><\/a><p id=\"caption-attachment-141443\" class=\"wp-caption-text\">Enrique Pe\u00f1a Nieto Presidencia de la Rep\u00fablica.<\/p><\/div>\n<p>La Presidencia de la Rep\u00fablica inform\u00f3 hoy que el mandatario Enrique Pe\u00f1a Nieto ser\u00e1 intervenido quir\u00fargicamente el d\u00eda \u00faltimo de este mes \u201cpara retirarle un n\u00f3dulo tiroideo\u201d.<\/p>\n<p>La oficina de comunicaci\u00f3n social emiti\u00f3 un comunicado de tres p\u00e1rrafos que se\u00f1ala:<\/p>\n<p>\u201cSe trata de una cirug\u00eda programada con duraci\u00f3n aproximada de una hora y treinta minutos, misma que se le practicar\u00e1 en el Hospital Central Militar dependiente de la Secretar\u00eda de la Defensa Nacional\u201d.<\/p>\n<p>Asimismo, se se\u00f1ala que la convalecencia del presidente Pe\u00f1a durar\u00e1 cuatro d\u00edas, misma que pasar\u00e1 en la residencia oficial de Los Pinos y durante la cual \u201catender\u00e1 \u00fanicamente reuniones de trabajo privadas\u201d.<\/p>\n","protected":false},"excerpt":{"rendered":"<p>La Presidencia de la Rep\u00fablica inform\u00f3 hoy que el mandatario Enrique Pe\u00f1a Nieto ser\u00e1 intervenido quir\u00fargicamente el d\u00eda \u00faltimo de este mes \u201cpara retirarle un n\u00f3dulo tiroideo\u201d. La oficina de comunicaci\u00f3n social emiti\u00f3 un comunicado de tres p\u00e1rrafos que se\u00f1ala: \u201cSe trata de una cirug\u00eda programada con duraci\u00f3n aproximada de una hora y treinta minutos, misma que se le practicar\u00e1 en el Hospital Central Militar dependiente de la Secretar\u00eda de la Defensa Nacional\u201d.<\/p>\n","protected":false},"author":5,"featured_media":141443,"comment_status":"open","ping_status":"open","sticky":false,"template":"","format":"standard","meta":{"_monsterinsights_skip_tracking":false,"_monsterinsights_sitenote_active":false,"_monsterinsights_sitenote_note":"","_monsterinsights_sitenote_category":0,"footnotes":""},"categories":[17,3],"tags":[27636],"class_list":["post-141442","post","type-post","status-publish","format-standard","has-post-thumbnail","hentry","category-especiales","category-nacional","tag-hospital-central-militar"],"_links":{"self":[{"href":"https:\/\/www.diarioimagen.net\/index.php?rest_route=\/wp\/v2\/posts\/141442","targetHints":{"allow":["GET"]}}],"collection":[{"href":"https:\/\/www.diarioimagen.net\/index.php?rest_route=\/wp\/v2\/posts"}],"about":[{"href":"https:\/\/www.diarioimagen.net\/index.php?rest_route=\/wp\/v2\/types\/post"}],"author":[{"embeddable":true,"href":"https:\/\/www.diarioimagen.net\/index.php?rest_route=\/wp\/v2\/users\/5"}],"replies":[{"embeddable":true,"href":"https:\/\/www.diarioimagen.net\/index.php?rest_route=%2Fwp%2Fv2%2Fcomments&post=141442"}],"version-history":[{"count":0,"href":"https:\/\/www.diarioimagen.net\/index.php?rest_route=\/wp\/v2\/posts\/141442\/revisions"}],"wp:featuredmedia":[{"embeddable":true,"href":"https:\/\/www.diarioimagen.net\/index.php?rest_route=\/wp\/v2\/media\/141443"}],"wp:attachment":[{"href":"https:\/\/www.diarioimagen.net\/index.php?rest_route=%2Fwp%2Fv2%2Fmedia&parent=141442"}],"wp:term":[{"taxonomy":"category","embeddable":true,"href":"https:\/\/www.diarioimagen.net\/index.php?rest_route=%2Fwp%2Fv2%2Fcategories&post=141442"},{"taxonomy":"post_tag","embeddable":true,"href":"https:\/\/www.diarioimagen.net\/index.php?rest_route=%2Fwp%2Fv2%2Ftags&post=141442"}],"curies":[{"name":"wp","href":"https:\/\/api.w.org\/{rel}","templated":true}]}}